{"id":98503,"date":"2020-04-29T21:56:44","date_gmt":"2020-04-30T01:56:44","guid":{"rendered":"http:\/\/www.eltrabajo.cl\/portal\/?p=98503"},"modified":"2020-04-29T21:56:44","modified_gmt":"2020-04-30T01:56:44","slug":"trasandino-lamenta-la-partida-de-un-historico","status":"publish","type":"post","link":"https:\/\/eltrabajo.cl\/portal\/trasandino-lamenta-la-partida-de-un-historico\/","title":{"rendered":"Trasandino lamenta la partida de un hist\u00f3rico"},"content":{"rendered":"<p>Poco antes de que el reloj indicara las 12 horas de ayer, el directorio de Trasandino de Los Andes inform\u00f3 a la opini\u00f3n p\u00fablica andina y todo el valle de Aconcagua, el sensible fallecimiento de su ex jugador en la d\u00e9cada de los 60 y entrenador en los a\u00f1os 70, don <strong>Pedro Hern\u00e1n Quiroz Flores<\/strong>.<\/p>\n<p>Junto a sus actividades deportivas, don Pedro Quiroz fue un destacado docente de la ciudad de Los Andes, ejerciendo en diferentes establecimientos educacionales de la provincia y director por varios periodos del Liceo Polit\u00e9cnico Am\u00e9rica, adem\u00e1s de ser un gran Comunicador Social. Destacando con su programa M\u00fasica y Goles de la radio Superandina de Los Andes.<\/p>\n<p>Sus restos est\u00e1n siendo velados de acuerdo a las disposiciones sanitarias que en la actualidad vive el pa\u00eds, de manera privada en su domicilio, para ser trasladado de igual forma en horas de hoy al Cementerio Parroquial de Los Andes.<\/p>\n<p>&nbsp;<\/p>\n<figure id=\"attachment_98504\" aria-describedby=\"caption-attachment-98504\" style=\"width: 580px\" class=\"wp-caption alignnone\"><img data-recalc-dims=\"1\" loading=\"lazy\" decoding=\"async\" class=\"size-full wp-image-98504\" src=\"https:\/\/i0.wp.com\/www.eltrabajo.cl\/portal\/wp-content\/uploads\/2020\/04\/pedro-quioroz-trasandino-donde-jugaba-quiroz.jpg?resize=580%2C360\" alt=\"Pedro Quiroz fue un destacado jugador del \u2018Condor\u2019 en la d\u00e9cada del 60. Posteriormente se convirti\u00f3 en su director t\u00e9cnico.\" width=\"580\" height=\"360\" srcset=\"https:\/\/i0.wp.com\/eltrabajo.cl\/portal\/wp-content\/uploads\/2020\/04\/pedro-quioroz-trasandino-donde-jugaba-quiroz.jpg?w=580&amp;ssl=1 580w, https:\/\/i0.wp.com\/eltrabajo.cl\/portal\/wp-content\/uploads\/2020\/04\/pedro-quioroz-trasandino-donde-jugaba-quiroz.jpg?resize=300%2C186&amp;ssl=1 300w, https:\/\/i0.wp.com\/eltrabajo.cl\/portal\/wp-content\/uploads\/2020\/04\/pedro-quioroz-trasandino-donde-jugaba-quiroz.jpg?resize=200%2C124&amp;ssl=1 200w, https:\/\/i0.wp.com\/eltrabajo.cl\/portal\/wp-content\/uploads\/2020\/04\/pedro-quioroz-trasandino-donde-jugaba-quiroz.jpg?resize=150%2C93&amp;ssl=1 150w\" sizes=\"auto, (max-width: 580px) 100vw, 580px\" \/><figcaption id=\"caption-attachment-98504\" class=\"wp-caption-text\">Pedro Quiroz fue un destacado jugador del \u2018Condor\u2019 en la d\u00e9cada del 60. Posteriormente se convirti\u00f3 en su director t\u00e9cnico.<\/figcaption><\/figure>\n<p>&nbsp;<\/p>\n<figure id=\"attachment_98506\" aria-describedby=\"caption-attachment-98506\" style=\"width: 580px\" class=\"wp-caption alignnone\"><img data-recalc-dims=\"1\" loading=\"lazy\" decoding=\"async\" class=\"size-full wp-image-98506\" src=\"https:\/\/i0.wp.com\/www.eltrabajo.cl\/portal\/wp-content\/uploads\/2020\/04\/pedro-quiroz.jpg?resize=580%2C598\" alt=\"Pedro Quiroz fue un destacado jugador del \u2018Condor\u2019 en la d\u00e9cada del 60. Posteriormente se convirti\u00f3 en su director t\u00e9cnico.\" width=\"580\" height=\"598\" srcset=\"https:\/\/i0.wp.com\/eltrabajo.cl\/portal\/wp-content\/uploads\/2020\/04\/pedro-quiroz.jpg?w=580&amp;ssl=1 580w, https:\/\/i0.wp.com\/eltrabajo.cl\/portal\/wp-content\/uploads\/2020\/04\/pedro-quiroz.jpg?resize=291%2C300&amp;ssl=1 291w, https:\/\/i0.wp.com\/eltrabajo.cl\/portal\/wp-content\/uploads\/2020\/04\/pedro-quiroz.jpg?resize=145%2C150&amp;ssl=1 145w\" sizes=\"auto, (max-width: 580px) 100vw, 580px\" \/><figcaption id=\"caption-attachment-98506\" class=\"wp-caption-text\">Pedro Quiroz fue un destacado jugador del \u2018Condor\u2019 en la d\u00e9cada del 60. Posteriormente se convirti\u00f3 en su director t\u00e9cnico.<\/figcaption><\/figure>\n<p>&nbsp;<\/p>\n","protected":false},"excerpt":{"rendered":"<p>Poco antes de que el reloj indicara las 12 horas de ayer, el directorio de Trasandino de Los Andes inform\u00f3 a la opini\u00f3n p\u00fablica andina y todo el valle de Aconcagua, el&#8230;<\/p>\n","protected":false},"author":482,"featured_media":98505,"comment_status":"open","ping_status":"open","sticky":false,"template":"","format":"standard","meta":{"advanced_seo_description":"","jetpack_seo_html_title":"","jetpack_seo_noindex":false,"_jetpack_memberships_contains_paid_content":false,"footnotes":""},"categories":[19],"tags":[],"class_list":["post-98503","post","type-post","status-publish","format-standard","has-post-thumbnail","hentry","category-deportes"],"jetpack_featured_media_url":"https:\/\/i0.wp.com\/eltrabajo.cl\/portal\/wp-content\/uploads\/2020\/04\/pedro-quiroz-copia.jpg?fit=580%2C358&ssl=1","jetpack_sharing_enabled":true,"jetpack_likes_enabled":true,"jetpack-related-posts":[],"_links":{"self":[{"href":"https:\/\/eltrabajo.cl\/portal\/wp-json\/wp\/v2\/posts\/98503","targetHints":{"allow":["GET"]}}],"collection":[{"href":"https:\/\/eltrabajo.cl\/portal\/wp-json\/wp\/v2\/posts"}],"about":[{"href":"https:\/\/eltrabajo.cl\/portal\/wp-json\/wp\/v2\/types\/post"}],"author":[{"embeddable":true,"href":"https:\/\/eltrabajo.cl\/portal\/wp-json\/wp\/v2\/users\/482"}],"replies":[{"embeddable":true,"href":"https:\/\/eltrabajo.cl\/portal\/wp-json\/wp\/v2\/comments?post=98503"}],"version-history":[{"count":0,"href":"https:\/\/eltrabajo.cl\/portal\/wp-json\/wp\/v2\/posts\/98503\/revisions"}],"wp:featuredmedia":[{"embeddable":true,"href":"https:\/\/eltrabajo.cl\/portal\/wp-json\/wp\/v2\/media\/98505"}],"wp:attachment":[{"href":"https:\/\/eltrabajo.cl\/portal\/wp-json\/wp\/v2\/media?parent=98503"}],"wp:term":[{"taxonomy":"category","embeddable":true,"href":"https:\/\/eltrabajo.cl\/portal\/wp-json\/wp\/v2\/categories?post=98503"},{"taxonomy":"post_tag","embeddable":true,"href":"https:\/\/eltrabajo.cl\/portal\/wp-json\/wp\/v2\/tags?post=98503"}],"curies":[{"name":"wp","href":"https:\/\/api.w.org\/{rel}","templated":true}]}}