{"id":98508,"date":"2020-04-29T21:58:31","date_gmt":"2020-04-30T01:58:31","guid":{"rendered":"http:\/\/www.eltrabajo.cl\/portal\/?p=98508"},"modified":"2020-04-29T21:58:31","modified_gmt":"2020-04-30T01:58:31","slug":"aumenta-abandono-de-mascotas-en-el-valle-de-aconcagua","status":"publish","type":"post","link":"https:\/\/eltrabajo.cl\/portal\/aumenta-abandono-de-mascotas-en-el-valle-de-aconcagua\/","title":{"rendered":"Aumenta abandono de mascotas en el Valle de Aconcagua"},"content":{"rendered":"<p>Seg\u00fan una publicaci\u00f3n en un diario de circulaci\u00f3n nacional como es El Mercurio, se indica que producto de la pandemia del Coronavirus, han aumentado las adopciones de mascotas, como apoyo emocional o para salir a pasear.<\/p>\n<p>Para conocer la realidad de este fen\u00f3meno, nuestro medio convers\u00f3 con <strong>Nury Tapia<\/strong>, concejal de Los Andes y reconocida animalista, quien lamentablemente nos coment\u00f3 que en nuestra zona es todo lo contrario. Ac\u00e1 en vez de adoptar, las personas est\u00e1n abandonando a los animales.<\/p>\n<p>\u00ab<em>Lamentablemente las noticias que tenemos para el valle del Aconcagua es al contrario de la nota que sali\u00f3 en el diario, el abandono de animalitos, de mascotas, ha aumentado ac\u00e1 en el valle. Todos los d\u00edas nos encontramos con perritas abandonadas con sus cachorros, perras pre\u00f1adas que las abandonas en zonas de campo, m\u00e1s que nada en Calle Larga, San Esteban, donde la gente no puede ver en realidad quienes abandonan el animal, que alguien los vea, son sitios eriazos\u00bb,<\/em> se\u00f1al\u00f3 la concejal Tapia.<\/p>\n<p>Aprovech\u00f3 de todos modos para hacer un llamado a la comunidad a la tenencia responsable de mascotas, porque es m\u00e1s f\u00e1cil esterilizar a una mascota que abandonarla. Con eso se evita estar abandonando los cachorros, aparte que viene siendo una crueldad. Ellos tambi\u00e9n sienten hambre, fr\u00edo.<\/p>\n<p>&#8211; <strong>\u00bfPor qu\u00e9 usted cree que se produce este abandono?<\/strong><\/p>\n<p>&#8211; Yo no lo asimilo con la pandemia\u2026 no lo quiero asimilar. Yo siento que la gente a lo mejor no est\u00e1 enterada o no sabe que hay operativos a bajo costo y estos existen en todas las ciudades; muchas veces son operativos gratuitos, a veces la gente por la misma flojera de no llevar a su perra a esterilizar, a lo mejor le sale m\u00e1s f\u00e1cil abandonarla con sus cachorros, o a veces adoptan una perrita y no saben que despu\u00e9s va a entrar en celo\u2026 se va a pre\u00f1ar y despu\u00e9s que se pre\u00f1a la abandonan, entonces es falta de conocimiento, esto es falta de tenencia responsable de mascotas. Tambi\u00e9n hay personas que no piden ayuda, quiz\u00e1s en este minuto no est\u00e1n las condiciones o no tenemos los medios para esterilizar nuestras mascotas, pero en muchos municipios hay esterilizaciones gratuitas, en todas las ciudad hay agrupaciones que operan a bajo costo, se trata de hacer un esfuerzo de cada familia de que seamos due\u00f1os responsables.<\/p>\n<p>&#8211; <strong>\u00bfQu\u00e9 rol juegan las redes sociales en todo esto de dar a conocer el abandono y buscar hogares temporales?<\/strong><\/p>\n<p>&#8211; Gracias a Dios en este minuto tenemos las redes sociales que nos ayudan a decir d\u00f3nde est\u00e1 el abandono y poder ir en ayuda de estos perritos. Antiguamente no ten\u00edamos redes sociales y al final los perritos terminaban muri\u00e9ndose de hambre o atropellados. En este minuto est\u00e1n las redes sociales, hay una cadena de solidaridad, hay una cadena de amor con respecto a los animales. Subimos la fotito y la gente los rescata, se van a hogares temporales porque tampoco tenemos un lugar donde decir <em>\u00ablos vamos a ir a buscar y dejar en nuestro canil\u00bb,<\/em> tampoco existe eso ac\u00e1 en Aconcagua por lo menos, pero s\u00ed hay gente que colabora y tiene sus animalitos mientras nosotros los damos en adopci\u00f3n.<\/p>\n<p>&#8211; <strong>Esto es como un s\u00edmil de las madres guardadoras que despu\u00e9s entregan los ni\u00f1os en adopci\u00f3n.<\/strong><\/p>\n<p>&#8211; Exactamente as\u00ed es, las personas que amamos los animalitos tenemos muchos animalitos en casa porque al final, como las mam\u00e1s sustitutas nos encari\u00f1amos con los animales, de hecho yo tengo muchos gatitos en mi casa, entonces me ha pasado que les doy hogar temporal, pero al final cuando cuesta m\u00e1s regalarlos se encari\u00f1a con los animalitos.<\/p>\n<p>&#8211; <strong>\u00bfNo se ha pensado un canil en el Valle del Aconcagua?<\/strong><\/p>\n<p>&#8211; Yo creo que como animalista, yo pienso que un canil para m\u00ed en este minuto es un arma de doble filo \u00bfPor qu\u00e9 lo digo?, porque la gente no tiene esa tenencia responsable de mascotas \u00bfQu\u00e9 va a pasar si nosotros tenemos un canil al menos ac\u00e1 en Los Andes?, la gente va a abandonar m\u00e1s las mascotas\u2026 va a abandonar m\u00e1s, entonces \u00bfqu\u00e9 va a pasar?, nos vamos a llenar de perros, como pas\u00f3 en Valpara\u00edso, ten\u00edan m\u00e1s de 600 animales que no se iban en adopci\u00f3n. Las ni\u00f1as despu\u00e9s no ten\u00edan como alimentar esos animalitos, por eso siento que es mejor invertir o proponer esterilizaciones gratuitas, educaci\u00f3n m\u00e1s que nada, para que la gente comience a sensibilizar por el tema. Ordenanza de tenencia responsable de mascota para que las personas que abandonan pasen al juzgado de polic\u00eda local y sean sancionadas por lo que hacen. Pienso que ac\u00e1 reci\u00e9n est\u00e1 comenzando a funcionar el tema de la ley de tenencia responsable, que lleg\u00f3 tarde, pero de alguna manera tenemos que empezar a ser responsables y a sancionar como dice la ley a personas que abandonen los animales.<\/p>\n<p>&nbsp;<\/p>\n<figure id=\"attachment_98509\" aria-describedby=\"caption-attachment-98509\" style=\"width: 580px\" class=\"wp-caption alignnone\"><img data-recalc-dims=\"1\" loading=\"lazy\" decoding=\"async\" class=\"size-full wp-image-98509\" src=\"https:\/\/i0.wp.com\/www.eltrabajo.cl\/portal\/wp-content\/uploads\/2020\/04\/mascotas-Perrito.jpg?resize=580%2C358\" alt=\"Uno de tantos perritos deambulando en alguna calle del valle de Aconcagua.\" width=\"580\" height=\"358\" srcset=\"https:\/\/i0.wp.com\/eltrabajo.cl\/portal\/wp-content\/uploads\/2020\/04\/mascotas-Perrito.jpg?w=580&amp;ssl=1 580w, https:\/\/i0.wp.com\/eltrabajo.cl\/portal\/wp-content\/uploads\/2020\/04\/mascotas-Perrito.jpg?resize=300%2C185&amp;ssl=1 300w, https:\/\/i0.wp.com\/eltrabajo.cl\/portal\/wp-content\/uploads\/2020\/04\/mascotas-Perrito.jpg?resize=200%2C123&amp;ssl=1 200w, https:\/\/i0.wp.com\/eltrabajo.cl\/portal\/wp-content\/uploads\/2020\/04\/mascotas-Perrito.jpg?resize=150%2C93&amp;ssl=1 150w\" sizes=\"auto, (max-width: 580px) 100vw, 580px\" \/><figcaption id=\"caption-attachment-98509\" class=\"wp-caption-text\">Uno de tantos perritos deambulando en alguna calle del valle de Aconcagua.<\/figcaption><\/figure>\n<p>&nbsp;<\/p>\n<figure id=\"attachment_98510\" aria-describedby=\"caption-attachment-98510\" style=\"width: 579px\" class=\"wp-caption alignnone\"><img data-recalc-dims=\"1\" loading=\"lazy\" decoding=\"async\" class=\"size-full wp-image-98510\" src=\"https:\/\/i0.wp.com\/www.eltrabajo.cl\/portal\/wp-content\/uploads\/2020\/04\/mascotas-Nury-Tapia.jpg?resize=579%2C600\" alt=\"Nury Tapia, concejal y animalista de Los Andes.\" width=\"579\" height=\"600\" srcset=\"https:\/\/i0.wp.com\/eltrabajo.cl\/portal\/wp-content\/uploads\/2020\/04\/mascotas-Nury-Tapia.jpg?w=579&amp;ssl=1 579w, https:\/\/i0.wp.com\/eltrabajo.cl\/portal\/wp-content\/uploads\/2020\/04\/mascotas-Nury-Tapia.jpg?resize=290%2C300&amp;ssl=1 290w, https:\/\/i0.wp.com\/eltrabajo.cl\/portal\/wp-content\/uploads\/2020\/04\/mascotas-Nury-Tapia.jpg?resize=145%2C150&amp;ssl=1 145w\" sizes=\"auto, (max-width: 579px) 100vw, 579px\" \/><figcaption id=\"caption-attachment-98510\" class=\"wp-caption-text\">Nury Tapia, concejal y animalista de Los Andes.<\/figcaption><\/figure>\n","protected":false},"excerpt":{"rendered":"<p>Seg\u00fan una publicaci\u00f3n en un diario de circulaci\u00f3n nacional como es El Mercurio, se indica que producto de la pandemia del Coronavirus, han aumentado las adopciones de mascotas, como apoyo emocional o&#8230;<\/p>\n","protected":false},"author":482,"featured_media":98509,"comment_status":"open","ping_status":"open","sticky":false,"template":"","format":"standard","meta":{"advanced_seo_description":"","jetpack_seo_html_title":"","jetpack_seo_noindex":false,"_jetpack_memberships_contains_paid_content":false,"footnotes":""},"categories":[103],"tags":[],"class_list":["post-98508","post","type-post","status-publish","format-standard","has-post-thumbnail","hentry","category-cronica-2"],"jetpack_featured_media_url":"https:\/\/i0.wp.com\/eltrabajo.cl\/portal\/wp-content\/uploads\/2020\/04\/mascotas-Perrito.jpg?fit=580%2C358&ssl=1","jetpack_sharing_enabled":true,"jetpack_likes_enabled":true,"jetpack-related-posts":[],"_links":{"self":[{"href":"https:\/\/eltrabajo.cl\/portal\/wp-json\/wp\/v2\/posts\/98508","targetHints":{"allow":["GET"]}}],"collection":[{"href":"https:\/\/eltrabajo.cl\/portal\/wp-json\/wp\/v2\/posts"}],"about":[{"href":"https:\/\/eltrabajo.cl\/portal\/wp-json\/wp\/v2\/types\/post"}],"author":[{"embeddable":true,"href":"https:\/\/eltrabajo.cl\/portal\/wp-json\/wp\/v2\/users\/482"}],"replies":[{"embeddable":true,"href":"https:\/\/eltrabajo.cl\/portal\/wp-json\/wp\/v2\/comments?post=98508"}],"version-history":[{"count":0,"href":"https:\/\/eltrabajo.cl\/portal\/wp-json\/wp\/v2\/posts\/98508\/revisions"}],"wp:featuredmedia":[{"embeddable":true,"href":"https:\/\/eltrabajo.cl\/portal\/wp-json\/wp\/v2\/media\/98509"}],"wp:attachment":[{"href":"https:\/\/eltrabajo.cl\/portal\/wp-json\/wp\/v2\/media?parent=98508"}],"wp:term":[{"taxonomy":"category","embeddable":true,"href":"https:\/\/eltrabajo.cl\/portal\/wp-json\/wp\/v2\/categories?post=98508"},{"taxonomy":"post_tag","embeddable":true,"href":"https:\/\/eltrabajo.cl\/portal\/wp-json\/wp\/v2\/tags?post=98508"}],"curies":[{"name":"wp","href":"https:\/\/api.w.org\/{rel}","templated":true}]}}