{"id":98524,"date":"2020-04-29T22:06:33","date_gmt":"2020-04-30T02:06:33","guid":{"rendered":"http:\/\/www.eltrabajo.cl\/portal\/?p=98524"},"modified":"2020-04-29T22:06:33","modified_gmt":"2020-04-30T02:06:33","slug":"peligro-en-santa-maria-ya-son-12-casos-confirmados-de-coronavirus","status":"publish","type":"post","link":"https:\/\/eltrabajo.cl\/portal\/peligro-en-santa-maria-ya-son-12-casos-confirmados-de-coronavirus\/","title":{"rendered":"Peligro en Santa Mar\u00eda: Ya son 12 casos confirmados de Coronavirus"},"content":{"rendered":"<p><span style=\"color: #c81400;\"><strong>Control Sanitario en la entrada de Santa Filomena:<\/strong><\/span><\/p>\n<p>Doce son las personas confirmadas con el Coronavirus en Santa Filomena, seg\u00fan informaci\u00f3n brindada por el propio alcalde de Santa Mar\u00eda, <strong>Claudio Zurita Ibarra<\/strong>. A ra\u00edz de este recrudecimiento de la situaci\u00f3n sanitaria en esa zona de Aconcagua, las autoridades de Salud establecieron un control sanitario en la localidad de Santa Filomena, lo que implica el cierre del camino hacia Jahuelito y callej\u00f3n Salesianos, siendo la calle principal del sector la \u00fanica v\u00eda de ingreso y salida.<\/p>\n<p>Lo m\u00e1s ir\u00f3nico en esta situaci\u00f3n y que por ser ir\u00f3nico tampoco significa que tenga algo de gracioso, es que el alcalde Claudio Zurita y todo el personal de Salud Municipal, es uno de los que m\u00e1s trabajo preventivo ha desplegado desde que esta pandemia apenas estaba en Italia y otros pa\u00edses de Europa, y sin embargo es ahora el foco de este brote del virus.<\/p>\n<p>El Ej\u00e9rcito est\u00e1 vigilando la zona y Carabineros, adem\u00e1s de las propias autoridades locales.<\/p>\n<p>Una versi\u00f3n no oficial ha insinuado que varias actividades como asados y reuniones sociales, en las que varios integrantes de la familia afectada hab\u00edan participado recientemente, ser\u00eda el lugar donde se contagiaron, situaci\u00f3n que de ser cierta, explicar\u00eda el porqu\u00e9 de la importancia de acatar las directrices que las autoridades a nivel mundial vienen dando en cada pa\u00eds.<\/p>\n<p>&nbsp;<\/p>\n<figure id=\"attachment_98525\" aria-describedby=\"caption-attachment-98525\" style=\"width: 580px\" class=\"wp-caption alignnone\"><img data-recalc-dims=\"1\" loading=\"lazy\" decoding=\"async\" class=\"size-full wp-image-98525\" src=\"https:\/\/i0.wp.com\/www.eltrabajo.cl\/portal\/wp-content\/uploads\/2020\/04\/Cierre1.jpg?resize=580%2C358\" alt=\"Nadie puede entrar o salir sin el permiso de las autoridades de Santa Filomena y lugares cercanos.\" width=\"580\" height=\"358\" srcset=\"https:\/\/i0.wp.com\/eltrabajo.cl\/portal\/wp-content\/uploads\/2020\/04\/Cierre1.jpg?w=580&amp;ssl=1 580w, https:\/\/i0.wp.com\/eltrabajo.cl\/portal\/wp-content\/uploads\/2020\/04\/Cierre1.jpg?resize=300%2C185&amp;ssl=1 300w, https:\/\/i0.wp.com\/eltrabajo.cl\/portal\/wp-content\/uploads\/2020\/04\/Cierre1.jpg?resize=200%2C123&amp;ssl=1 200w, https:\/\/i0.wp.com\/eltrabajo.cl\/portal\/wp-content\/uploads\/2020\/04\/Cierre1.jpg?resize=150%2C93&amp;ssl=1 150w\" sizes=\"auto, (max-width: 580px) 100vw, 580px\" \/><figcaption id=\"caption-attachment-98525\" class=\"wp-caption-text\">Nadie puede entrar o salir sin el permiso de las autoridades de Santa Filomena y lugares cercanos.<\/figcaption><\/figure>\n<p>&nbsp;<\/p>\n<figure id=\"attachment_98526\" aria-describedby=\"caption-attachment-98526\" style=\"width: 580px\" class=\"wp-caption alignnone\"><img data-recalc-dims=\"1\" loading=\"lazy\" decoding=\"async\" class=\"size-full wp-image-98526\" src=\"https:\/\/i0.wp.com\/www.eltrabajo.cl\/portal\/wp-content\/uploads\/2020\/04\/Cierre2.jpg?resize=580%2C358\" alt=\"Las autoridades hacen todo lo posible para reducir el peligro de contagio.\" width=\"580\" height=\"358\" srcset=\"https:\/\/i0.wp.com\/eltrabajo.cl\/portal\/wp-content\/uploads\/2020\/04\/Cierre2.jpg?w=580&amp;ssl=1 580w, https:\/\/i0.wp.com\/eltrabajo.cl\/portal\/wp-content\/uploads\/2020\/04\/Cierre2.jpg?resize=300%2C185&amp;ssl=1 300w, https:\/\/i0.wp.com\/eltrabajo.cl\/portal\/wp-content\/uploads\/2020\/04\/Cierre2.jpg?resize=200%2C123&amp;ssl=1 200w, https:\/\/i0.wp.com\/eltrabajo.cl\/portal\/wp-content\/uploads\/2020\/04\/Cierre2.jpg?resize=150%2C93&amp;ssl=1 150w\" sizes=\"auto, (max-width: 580px) 100vw, 580px\" \/><figcaption id=\"caption-attachment-98526\" class=\"wp-caption-text\">Las autoridades hacen todo lo posible para reducir el peligro de contagio.<\/figcaption><\/figure>\n<p>&nbsp;<\/p>\n<figure id=\"attachment_98527\" aria-describedby=\"caption-attachment-98527\" style=\"width: 580px\" class=\"wp-caption alignnone\"><img data-recalc-dims=\"1\" loading=\"lazy\" decoding=\"async\" class=\"size-full wp-image-98527\" src=\"https:\/\/i0.wp.com\/www.eltrabajo.cl\/portal\/wp-content\/uploads\/2020\/04\/Cierre3p.jpg?resize=580%2C359\" alt=\"Doce son las personas confirmadas con el Coronavirus en Santa Filomena.\" width=\"580\" height=\"359\" srcset=\"https:\/\/i0.wp.com\/eltrabajo.cl\/portal\/wp-content\/uploads\/2020\/04\/Cierre3p.jpg?w=580&amp;ssl=1 580w, https:\/\/i0.wp.com\/eltrabajo.cl\/portal\/wp-content\/uploads\/2020\/04\/Cierre3p.jpg?resize=300%2C186&amp;ssl=1 300w, https:\/\/i0.wp.com\/eltrabajo.cl\/portal\/wp-content\/uploads\/2020\/04\/Cierre3p.jpg?resize=200%2C124&amp;ssl=1 200w, https:\/\/i0.wp.com\/eltrabajo.cl\/portal\/wp-content\/uploads\/2020\/04\/Cierre3p.jpg?resize=150%2C93&amp;ssl=1 150w\" sizes=\"auto, (max-width: 580px) 100vw, 580px\" \/><figcaption id=\"caption-attachment-98527\" class=\"wp-caption-text\">Doce son las personas confirmadas con el Coronavirus en Santa Filomena.<\/figcaption><\/figure>\n","protected":false},"excerpt":{"rendered":"<p>Control Sanitario en la entrada de Santa Filomena: Doce son las personas confirmadas con el Coronavirus en Santa Filomena, seg\u00fan informaci\u00f3n brindada por el propio alcalde de Santa Mar\u00eda, Claudio Zurita Ibarra&#8230;.<\/p>\n","protected":false},"author":482,"featured_media":98527,"comment_status":"open","ping_status":"open","sticky":false,"template":"","format":"standard","meta":{"advanced_seo_description":"","jetpack_seo_html_title":"","jetpack_seo_noindex":false,"_jetpack_memberships_contains_paid_content":false,"footnotes":""},"categories":[103],"tags":[],"class_list":["post-98524","post","type-post","status-publish","format-standard","has-post-thumbnail","hentry","category-cronica-2"],"jetpack_featured_media_url":"https:\/\/i0.wp.com\/eltrabajo.cl\/portal\/wp-content\/uploads\/2020\/04\/Cierre3p.jpg?fit=580%2C359&ssl=1","jetpack_sharing_enabled":true,"jetpack_likes_enabled":true,"jetpack-related-posts":[],"_links":{"self":[{"href":"https:\/\/eltrabajo.cl\/portal\/wp-json\/wp\/v2\/posts\/98524","targetHints":{"allow":["GET"]}}],"collection":[{"href":"https:\/\/eltrabajo.cl\/portal\/wp-json\/wp\/v2\/posts"}],"about":[{"href":"https:\/\/eltrabajo.cl\/portal\/wp-json\/wp\/v2\/types\/post"}],"author":[{"embeddable":true,"href":"https:\/\/eltrabajo.cl\/portal\/wp-json\/wp\/v2\/users\/482"}],"replies":[{"embeddable":true,"href":"https:\/\/eltrabajo.cl\/portal\/wp-json\/wp\/v2\/comments?post=98524"}],"version-history":[{"count":0,"href":"https:\/\/eltrabajo.cl\/portal\/wp-json\/wp\/v2\/posts\/98524\/revisions"}],"wp:featuredmedia":[{"embeddable":true,"href":"https:\/\/eltrabajo.cl\/portal\/wp-json\/wp\/v2\/media\/98527"}],"wp:attachment":[{"href":"https:\/\/eltrabajo.cl\/portal\/wp-json\/wp\/v2\/media?parent=98524"}],"wp:term":[{"taxonomy":"category","embeddable":true,"href":"https:\/\/eltrabajo.cl\/portal\/wp-json\/wp\/v2\/categories?post=98524"},{"taxonomy":"post_tag","embeddable":true,"href":"https:\/\/eltrabajo.cl\/portal\/wp-json\/wp\/v2\/tags?post=98524"}],"curies":[{"name":"wp","href":"https:\/\/api.w.org\/{rel}","templated":true}]}}