{"id":98534,"date":"2020-05-03T21:02:17","date_gmt":"2020-05-04T01:02:17","guid":{"rendered":"http:\/\/www.eltrabajo.cl\/portal\/?p=98534"},"modified":"2020-05-03T23:19:53","modified_gmt":"2020-05-04T03:19:53","slug":"invento-asalto-a-mano-armada-para-quedarse-con-millonaria-carga-de-pasas","status":"publish","type":"post","link":"https:\/\/eltrabajo.cl\/portal\/invento-asalto-a-mano-armada-para-quedarse-con-millonaria-carga-de-pasas\/","title":{"rendered":"Invent\u00f3 asalto a mano armada para quedarse con millonaria carga de pasas"},"content":{"rendered":"<p><span style=\"color: #c81400;\"><strong>Confesaron el delito pero Fiscal de Turno los liber\u00f3:<\/strong><\/span><\/p>\n<p>El conductor de un cami\u00f3n fue detenido por oficiales de la Brigada de Robos de la PDI (Biro) de Los Andes, luego de haber inventado un asalto para quedarse con la carga consistente en 12 toneladas de pasas tipo Thompson avaluadas en m\u00e1s de 40 millones de pesos.<\/p>\n<p>&nbsp;<\/p>\n<p><span style=\"color: #c81400;\"><strong>FALSO ROBO<\/strong><\/span><\/p>\n<p>El jefe de la Biro, comisario <strong>Germ\u00e1n L\u00f3pez Zenteno<\/strong>, indic\u00f3 que el pasado 30 de abril el conductor habr\u00eda sido abordado cuando se desplazaba por la comuna de San Felipe por tres sujetos a rostro cubierto que lo intimidaron con armas de fuego. Los antisociales lo habr\u00edan llevado hasta el sector El Castillo de la comuna de Calle Larga, en donde lo abandonaron, llev\u00e1ndose el cami\u00f3n en direcci\u00f3n desconocida.<\/p>\n<p>Sin embargo, el Comisario L\u00f3pez precis\u00f3 que en entrevista con el conductor, este cay\u00f3 en m\u00faltiples contracciones, lo que sumado a evidencia obtenida de c\u00e1maras de seguridad y empadronamiento de testigos, termin\u00f3 hacerlo confesar. El chofer relat\u00f3 que junto a un c\u00f3mplice hab\u00edan planeado este falso asalto para quedarse con la carga de frutos secos y posteriormente comercializarla.<\/p>\n<p>&nbsp;<\/p>\n<p><span style=\"color: #c81400;\"><strong>OCULTA EN SAN FELIPE<\/strong><\/span><\/p>\n<p>Con estos antecedentes los detectives de la Biro llegaron hasta una bodega en la comuna de San Felipe, donde fue incautado el cami\u00f3n y la totalidad de la carga. En primera instancia tanto el conductor y su c\u00f3mplice fueron detenidos de Hurto Agravado, pero el Fiscal de Turno dispuso que quedaran en libertad a la espera de ser citados a declarar.<\/p>\n<p>&nbsp;<\/p>\n<figure id=\"attachment_98537\" aria-describedby=\"caption-attachment-98537\" style=\"width: 580px\" class=\"wp-caption alignnone\"><img data-recalc-dims=\"1\" loading=\"lazy\" decoding=\"async\" class=\"size-full wp-image-98537\" src=\"https:\/\/i0.wp.com\/www.eltrabajo.cl\/portal\/wp-content\/uploads\/2020\/05\/Carga1.jpg?resize=580%2C359\" alt=\"El veh\u00edculo fue recuperado por la Brigada de Robos de la PDI en San Felipe.\" width=\"580\" height=\"359\" srcset=\"https:\/\/i0.wp.com\/eltrabajo.cl\/portal\/wp-content\/uploads\/2020\/05\/Carga1.jpg?w=580&amp;ssl=1 580w, https:\/\/i0.wp.com\/eltrabajo.cl\/portal\/wp-content\/uploads\/2020\/05\/Carga1.jpg?resize=300%2C186&amp;ssl=1 300w, https:\/\/i0.wp.com\/eltrabajo.cl\/portal\/wp-content\/uploads\/2020\/05\/Carga1.jpg?resize=200%2C124&amp;ssl=1 200w, https:\/\/i0.wp.com\/eltrabajo.cl\/portal\/wp-content\/uploads\/2020\/05\/Carga1.jpg?resize=150%2C93&amp;ssl=1 150w\" sizes=\"auto, (max-width: 580px) 100vw, 580px\" \/><figcaption id=\"caption-attachment-98537\" class=\"wp-caption-text\">El veh\u00edculo fue recuperado por la Brigada de Robos de la PDI en San Felipe.<\/figcaption><\/figure>\n<p>&nbsp;<\/p>\n<figure id=\"attachment_98538\" aria-describedby=\"caption-attachment-98538\" style=\"width: 580px\" class=\"wp-caption alignnone\"><img data-recalc-dims=\"1\" loading=\"lazy\" decoding=\"async\" class=\"size-full wp-image-98538\" src=\"https:\/\/i0.wp.com\/www.eltrabajo.cl\/portal\/wp-content\/uploads\/2020\/05\/Carga_German_Lopez.jpg?resize=580%2C598\" alt=\"Jefe de la Biro, comisario Germ\u00e1n L\u00f3pez Zenteno.\" width=\"580\" height=\"598\" srcset=\"https:\/\/i0.wp.com\/eltrabajo.cl\/portal\/wp-content\/uploads\/2020\/05\/Carga_German_Lopez.jpg?w=580&amp;ssl=1 580w, https:\/\/i0.wp.com\/eltrabajo.cl\/portal\/wp-content\/uploads\/2020\/05\/Carga_German_Lopez.jpg?resize=291%2C300&amp;ssl=1 291w, https:\/\/i0.wp.com\/eltrabajo.cl\/portal\/wp-content\/uploads\/2020\/05\/Carga_German_Lopez.jpg?resize=145%2C150&amp;ssl=1 145w\" sizes=\"auto, (max-width: 580px) 100vw, 580px\" \/><figcaption id=\"caption-attachment-98538\" class=\"wp-caption-text\">Jefe de la Biro, comisario Germ\u00e1n L\u00f3pez Zenteno.<\/figcaption><\/figure>\n","protected":false},"excerpt":{"rendered":"<p>Confesaron el delito pero Fiscal de Turno los liber\u00f3: El conductor de un cami\u00f3n fue detenido por oficiales de la Brigada de Robos de la PDI (Biro) de Los Andes, luego de&#8230;<\/p>\n","protected":false},"author":482,"featured_media":98537,"comment_status":"open","ping_status":"open","sticky":false,"template":"","format":"standard","meta":{"advanced_seo_description":"","jetpack_seo_html_title":"","jetpack_seo_noindex":false,"_jetpack_memberships_contains_paid_content":false,"footnotes":""},"categories":[21],"tags":[],"class_list":["post-98534","post","type-post","status-publish","format-standard","has-post-thumbnail","hentry","category-policial"],"jetpack_featured_media_url":"https:\/\/i0.wp.com\/eltrabajo.cl\/portal\/wp-content\/uploads\/2020\/05\/Carga1.jpg?fit=580%2C359&ssl=1","jetpack_sharing_enabled":true,"jetpack_likes_enabled":true,"jetpack-related-posts":[],"_links":{"self":[{"href":"https:\/\/eltrabajo.cl\/portal\/wp-json\/wp\/v2\/posts\/98534","targetHints":{"allow":["GET"]}}],"collection":[{"href":"https:\/\/eltrabajo.cl\/portal\/wp-json\/wp\/v2\/posts"}],"about":[{"href":"https:\/\/eltrabajo.cl\/portal\/wp-json\/wp\/v2\/types\/post"}],"author":[{"embeddable":true,"href":"https:\/\/eltrabajo.cl\/portal\/wp-json\/wp\/v2\/users\/482"}],"replies":[{"embeddable":true,"href":"https:\/\/eltrabajo.cl\/portal\/wp-json\/wp\/v2\/comments?post=98534"}],"version-history":[{"count":0,"href":"https:\/\/eltrabajo.cl\/portal\/wp-json\/wp\/v2\/posts\/98534\/revisions"}],"wp:featuredmedia":[{"embeddable":true,"href":"https:\/\/eltrabajo.cl\/portal\/wp-json\/wp\/v2\/media\/98537"}],"wp:attachment":[{"href":"https:\/\/eltrabajo.cl\/portal\/wp-json\/wp\/v2\/media?parent=98534"}],"wp:term":[{"taxonomy":"category","embeddable":true,"href":"https:\/\/eltrabajo.cl\/portal\/wp-json\/wp\/v2\/categories?post=98534"},{"taxonomy":"post_tag","embeddable":true,"href":"https:\/\/eltrabajo.cl\/portal\/wp-json\/wp\/v2\/tags?post=98534"}],"curies":[{"name":"wp","href":"https:\/\/api.w.org\/{rel}","templated":true}]}}