{"id":98540,"date":"2020-05-03T21:03:16","date_gmt":"2020-05-04T01:03:16","guid":{"rendered":"http:\/\/www.eltrabajo.cl\/portal\/?p=98540"},"modified":"2020-05-04T01:01:18","modified_gmt":"2020-05-04T05:01:18","slug":"vecinos-en-santa-filomena-ahora-si-estan-tomando-en-serio-la-covid19","status":"publish","type":"post","link":"https:\/\/eltrabajo.cl\/portal\/vecinos-en-santa-filomena-ahora-si-estan-tomando-en-serio-la-covid19\/","title":{"rendered":"\u00abVecinos en Santa Filomena ahora s\u00ed est\u00e1n tomando en serio la Covid19\u00bb"},"content":{"rendered":"<p><span style=\"color: #c81400;\"><strong>Roberto Mercado vive en el lugar y habla con Diario El Trabajo:<\/strong><\/span><\/p>\n<p>Hoy lunes compartimos con nuestros lectores una entrevista realizada al conocido foto reportero aconcag\u00fcino y productor de programas para televisi\u00f3n, <strong>Roberto Mercado Aced<\/strong>, quien tambi\u00e9n a lo largo de los a\u00f1os ha contribuido para nuestro medio y otros a nivel nacional. Esta entrevista la realizamos en virtud del brote de Covid19 que se detect\u00f3 la semana pasada en Santa Filomena, \u2018Zona Cero\u2019 en la que vive nuestro entrevistado.<\/p>\n<p><strong>Diario El Trabajo<\/strong> habl\u00f3 entonces con Roberto Mercado Aced, reportero Free Lance, quien nos cont\u00f3 sobre lo que \u00e9l y sus vecinos est\u00e1n viviendo al interior del pueblo cercado por autoridades de Salud, municipales y militares.<\/p>\n<p>&#8211; <strong>\u00bfC\u00f3mo est\u00e1 el ambiente y cu\u00e1les son los temores de los vecinos?<\/strong><\/p>\n<p>&#8211; El ambiente en Santa Filomena es de bastante temor, claro que se est\u00e1 tomando mucho m\u00e1s serio que antes porque ahora el Coronavirus est\u00e1 aqu\u00ed, hay muchos contagiados, todos se conocen, compartimos casi todos los mismos puntos de venta y compra en almacenes por lo tanto todos hemos tenido contacto de alguna u otra manera con alguien que est\u00e1 dentro de la cuarentena o quiz\u00e1s ya con el contagio de esta familia de Santa Filomena. El ambiente enrarecido, asustados muchos y nerviosos tambi\u00e9n, porque tememos mucho que si esto se propaga hagan entonces la cuarentena con Santa Filomena, lo que ser\u00eda m\u00e1s grave a\u00fan.<\/p>\n<p>&#8211; <strong>\u00bfAparte de lo que reportan las autoridades, de cu\u00e1ntas personas infectadas ustedes suponen que estamos hablando en Santa Filomena?<\/strong><\/p>\n<p>&#8211; La verdad es que la cifra que nosotros manejamos es la que nos da el alcalde todos los d\u00edas, porque no hay informaci\u00f3n que se traspase al p\u00fablico o a la gente, nosotros estamos interesados quienes vivimos ac\u00e1 en Santa Filomena, tenemos que estar atentos a lo que diga el alcalde, quien siempre se adelanta a las cifras oficiales; esos trece contagiados que fueron contaminados el jueves en la tarde, no aparecer\u00edan hasta el viernes y seguramente este d\u00eda viernes porque hay m\u00e1s ex\u00e1menes que se estaban haciendo en ese momento, en ese momento ten\u00edamos a 30 personas en cuarentena, entonces pueda ser que a este lunes cuando se publique <strong>Diario El Trabajo<\/strong> ya esa cifra haya aumentado.<\/p>\n<p>&#8211; <strong>\u00bfQu\u00e9 versiones son las que manejan los vecinos sobre el origen de estos contagios?<\/strong><\/p>\n<p>&#8211; Bueno los vecinos ac\u00e1 en Santa Filomena manejan varias versiones, la verdad es que este tema est\u00e1 bien dif\u00edcil, yo habl\u00e9 con la familia de los afectados directos en cuarentena y ellos me explicaron que no manejan la transversalidad del contagio, esto porque se supon\u00eda que pudo haber sido de alguien que fue a Santiago, pero la verdad que ellos tienen un cami\u00f3n dentro de la familia, uno de los camiones que viaja a Santiago, cuando posiblemente pudieron traer el contagio una de las personas entre ellas el conductor de dicho cami\u00f3n quien se pudo haber contagiado, pero \u00e9l no dio positio lo que pone en duda la trazabilidad de Santiago. Este es un tema que a\u00fan sigue en duda y ya se est\u00e1 investigando seriamente por las autoridades de Salud (\u2026) Hay versiones de que hubo una fiesta de despedida en un Paking al que algunos asistieron, otra versi\u00f3n que dice que esta familia se contagi\u00f3 normalmente en la convivencia que ellos tienen, ellos trabajan en comercio (\u2026) ahora bien, c\u00f3mo lleg\u00f3 el contagio a Santa Filomena, es algo que esta familia no tiene muy claro tampoco.<\/p>\n<p>&#8211; <strong>\u00bfHan visto ustedes autoridades sanitarias que est\u00e9n visitando las casas para valorar m\u00e9dicamente a los vecinos?<\/strong><\/p>\n<p>&#8211; No. Lo que hemos visto es un cord\u00f3n sanitario en donde se nos toma la temperatura, nos preguntan d\u00f3nde est\u00e1s, etc.; yo suger\u00ed luego de la ma\u00f1ana del jueves tras sostener reuni\u00f3n con el alcalde y Carabineros y Salud, que tambi\u00e9n se tomara el n\u00famero de carn\u00e9 o RUT para que Carabineros posteriormente pudiera revisar esos datos y ver si alguien est\u00e1 contagiado y est\u00e1 andando por ah\u00ed, porque la verdad que te tomen la temperatura y te pregunten para d\u00f3nde vas, creo que no es algo tan cient\u00edfico.<\/p>\n<p>&#8211; <strong>\u00bfUstedes se sienten en total cuarentena con este cerco sanitario?<\/strong><\/p>\n<p>&#8211; Todav\u00eda no nos sentimos plenamente que estemos en cuarentena, todav\u00eda podemos salir y responsablemente movernos, aunque se nos pide que no lo hagamos, y aunque estamos conscientes de que el virus ya est\u00e1 en el pueblo y debemos mantener las medidas precautorias, aun as\u00ed es cierto que estamos un poco asustados porque no sabemos qu\u00e9 sucede.<\/p>\n<p>&#8211; <strong>Este rumor de asados y fiestas en el barrio, \u00bfqu\u00e9 sabe de eso?<\/strong><\/p>\n<p>&#8211; Esta familia a m\u00ed me desminti\u00f3 lo de los asados, a m\u00ed por lo menos me lo han desmentido, me dijeron que ellos no han realizado asados, s\u00ed reconocen que hab\u00edan salido a tomar Once y que hab\u00edan almorzado juntos, o sea el contacto cotidiano, aunque hay varios vecinos que aseguran que s\u00ed hubo fiesta, una despedida en un paking de la que ser\u00eda bueno que se investigara para la opini\u00f3n p\u00fablica.<\/p>\n<p>&#8211; <strong>\u00bfSe sabe de ni\u00f1os en esta grupo familiar contagiado?<\/strong><\/p>\n<p>&#8211; Sobre si hay menores de edad en ese n\u00facleo familiar, s\u00ed hay, pero no s\u00e9 si estan contagiados; en cuarentena s\u00ed s\u00e9 que hay al menos uno, pero no s\u00ed estar\u00e1n infectados, s\u00f3lo manejo poca informaci\u00f3n del barrio, no es oficial.<\/p>\n<p><strong>Roberto Gonz\u00e1lez Short<\/strong><\/p>\n<p>&nbsp;<\/p>\n<figure id=\"attachment_98541\" aria-describedby=\"caption-attachment-98541\" style=\"width: 580px\" class=\"wp-caption alignnone\"><img data-recalc-dims=\"1\" loading=\"lazy\" decoding=\"async\" class=\"size-full wp-image-98541\" src=\"https:\/\/i0.wp.com\/www.eltrabajo.cl\/portal\/wp-content\/uploads\/2020\/05\/Filomena_Roberto-Mercado-Aced-1.jpg?resize=580%2C358\" alt=\"Roberto Mercado Aced, gr\u00e1fico aconcag\u00fcino.\" width=\"580\" height=\"358\" srcset=\"https:\/\/i0.wp.com\/eltrabajo.cl\/portal\/wp-content\/uploads\/2020\/05\/Filomena_Roberto-Mercado-Aced-1.jpg?w=580&amp;ssl=1 580w, https:\/\/i0.wp.com\/eltrabajo.cl\/portal\/wp-content\/uploads\/2020\/05\/Filomena_Roberto-Mercado-Aced-1.jpg?resize=300%2C185&amp;ssl=1 300w, https:\/\/i0.wp.com\/eltrabajo.cl\/portal\/wp-content\/uploads\/2020\/05\/Filomena_Roberto-Mercado-Aced-1.jpg?resize=200%2C123&amp;ssl=1 200w, https:\/\/i0.wp.com\/eltrabajo.cl\/portal\/wp-content\/uploads\/2020\/05\/Filomena_Roberto-Mercado-Aced-1.jpg?resize=150%2C93&amp;ssl=1 150w\" sizes=\"auto, (max-width: 580px) 100vw, 580px\" \/><figcaption id=\"caption-attachment-98541\" class=\"wp-caption-text\">Roberto Mercado Aced, gr\u00e1fico aconcag\u00fcino.<\/figcaption><\/figure>\n","protected":false},"excerpt":{"rendered":"<p>Roberto Mercado vive en el lugar y habla con Diario El Trabajo: Hoy lunes compartimos con nuestros lectores una entrevista realizada al conocido foto reportero aconcag\u00fcino y productor de programas para televisi\u00f3n,&#8230;<\/p>\n","protected":false},"author":482,"featured_media":98541,"comment_status":"open","ping_status":"open","sticky":false,"template":"","format":"standard","meta":{"advanced_seo_description":"","jetpack_seo_html_title":"","jetpack_seo_noindex":false,"_jetpack_memberships_contains_paid_content":false,"footnotes":""},"categories":[15],"tags":[],"class_list":["post-98540","post","type-post","status-publish","format-standard","has-post-thumbnail","hentry","category-comunidad"],"jetpack_featured_media_url":"https:\/\/i0.wp.com\/eltrabajo.cl\/portal\/wp-content\/uploads\/2020\/05\/Filomena_Roberto-Mercado-Aced-1.jpg?fit=580%2C358&ssl=1","jetpack_sharing_enabled":true,"jetpack_likes_enabled":true,"jetpack-related-posts":[],"_links":{"self":[{"href":"https:\/\/eltrabajo.cl\/portal\/wp-json\/wp\/v2\/posts\/98540","targetHints":{"allow":["GET"]}}],"collection":[{"href":"https:\/\/eltrabajo.cl\/portal\/wp-json\/wp\/v2\/posts"}],"about":[{"href":"https:\/\/eltrabajo.cl\/portal\/wp-json\/wp\/v2\/types\/post"}],"author":[{"embeddable":true,"href":"https:\/\/eltrabajo.cl\/portal\/wp-json\/wp\/v2\/users\/482"}],"replies":[{"embeddable":true,"href":"https:\/\/eltrabajo.cl\/portal\/wp-json\/wp\/v2\/comments?post=98540"}],"version-history":[{"count":0,"href":"https:\/\/eltrabajo.cl\/portal\/wp-json\/wp\/v2\/posts\/98540\/revisions"}],"wp:featuredmedia":[{"embeddable":true,"href":"https:\/\/eltrabajo.cl\/portal\/wp-json\/wp\/v2\/media\/98541"}],"wp:attachment":[{"href":"https:\/\/eltrabajo.cl\/portal\/wp-json\/wp\/v2\/media?parent=98540"}],"wp:term":[{"taxonomy":"category","embeddable":true,"href":"https:\/\/eltrabajo.cl\/portal\/wp-json\/wp\/v2\/categories?post=98540"},{"taxonomy":"post_tag","embeddable":true,"href":"https:\/\/eltrabajo.cl\/portal\/wp-json\/wp\/v2\/tags?post=98540"}],"curies":[{"name":"wp","href":"https:\/\/api.w.org\/{rel}","templated":true}]}}