{"id":98543,"date":"2020-05-03T21:04:44","date_gmt":"2020-05-04T01:04:44","guid":{"rendered":"http:\/\/www.eltrabajo.cl\/portal\/?p=98543"},"modified":"2020-05-03T23:20:08","modified_gmt":"2020-05-04T03:20:08","slug":"bajo-amenazas-de-muerte-violo-a-su-propia-hija-en-casa-de-la-cunada","status":"publish","type":"post","link":"https:\/\/eltrabajo.cl\/portal\/bajo-amenazas-de-muerte-violo-a-su-propia-hija-en-casa-de-la-cunada\/","title":{"rendered":"Bajo amenazas de muerte viol\u00f3 a su propia hija en casa de la cu\u00f1ada"},"content":{"rendered":"<p><strong>LOS ANDES.-<\/strong> Un sujeto de 42 a\u00f1os de edad e identificado con las iniciales <strong>L.S.A.R.<\/strong> fue detenido por la Brigada de Delitos Sexuales y Menores (Brisexme) de la PDI de Los Andes, tras haber violado a su hija biol\u00f3gica de 14 a\u00f1os. La jefa de la\u00a0 Brisexme, comisario Mar\u00eda Ester Mu\u00f1oz, indic\u00f3 que fue la madre la que efectu\u00f3 la denuncia a su unidad por los ultrajes sexuales a los que fue sometida la menor mientras dorm\u00eda la noche del jueves de la semana pasada.<\/p>\n<p><strong>\u00a0<\/strong><\/p>\n<p><span style=\"color: #c81400;\"><strong>CHACAL EN CASA<\/strong><\/span><\/p>\n<p>De acuerdo a los antecedentes policiales y del Ministerio P\u00fablico, el sujeto ingres\u00f3 al dormitorio y aprovech\u00e1ndose de su contextura f\u00edsica procedi\u00f3 a violentar sexualmente a la ni\u00f1a. El hecho ocurri\u00f3 en la casa de una hermana del hombre en la ciudad de Los Andes, domicilio donde el imputado se encontraba de allegado y que era frecuentado por la v\u00edctima, ya que visitaba a su t\u00eda y su prima.<\/p>\n<p>Tras el ultraje, el pap\u00e1 le dijo a su hija que no le contara a nadie lo sucedido y la amenaz\u00f3 indic\u00e1ndole que si llegaba a hablar la iba a matar. La ni\u00f1a cuando volvi\u00f3 a su casa el fin de semana cont\u00f3 lo que le hab\u00eda pasado a un familiar y esta persona a la mam\u00e1, para posteriormente el martes narrar directamente a su madre lo que le hab\u00eda sucedido, seg\u00fan lo inform\u00f3 tambi\u00e9n <strong>Los Andes Online<\/strong>.<\/p>\n<p>Conforme a las diligencias impartidas por el Fiscal de Turno, a la v\u00edctima se le practicaron ex\u00e1menes y mediante\u00a0 la constataci\u00f3n de lesiones en el Hospital San Juan de Dios se pudo establecer la participaci\u00f3n del sujeto en el delito, siendo detenido el mismo martes por la Brisexme de la PDI Los Andes en el domicilio donde estaba residiendo.<\/p>\n<p>&nbsp;<\/p>\n<p><span style=\"color: #c81400;\"><strong>UN COMPLETO EXTRA\u00d1O<\/strong><\/span><\/p>\n<p>Este grave hecho sucedi\u00f3 a meses de que la\u00a0 menor reci\u00e9n conociera a su padre biol\u00f3gico y que ocurri\u00f3 en noviembre de 2019, ya que el imputado por largo tiempo estuvo fuera de la zona. Asimismo, se corrobor\u00f3 que tiene antecedentes policiales al haber sido detenido\u00a0 tambi\u00e9n por detectives de la PDI Los Andes por el delito de Robo en lugar no habitado.<\/p>\n<p>&nbsp;<\/p>\n<p><span style=\"color: #c81400;\"><strong>QUED\u00d3 PRESO<\/strong><\/span><\/p>\n<p>El sujeto fue puesto a disposici\u00f3n del Juzgado de Garant\u00eda de Los Andes, realiz\u00e1ndose la audiencia por videoconferencia y donde tras ser formalizado por el fiscal jefe Ricardo Reinoso por el delito de Violaci\u00f3n de menor de edad, la magistrado Valeria Crosa dict\u00f3 en su contra la medida cautelar de Prisi\u00f3n Preventiva por los cinco meses que durar\u00e1 la investigaci\u00f3n. El depravado fue derivado hasta la C\u00e1rcel de Petorca en donde permanecer\u00e1 recluido.<\/p>\n<p>&nbsp;<\/p>\n<figure id=\"attachment_98535\" aria-describedby=\"caption-attachment-98535\" style=\"width: 580px\" class=\"wp-caption alignnone\"><img data-recalc-dims=\"1\" loading=\"lazy\" decoding=\"async\" class=\"size-full wp-image-98535\" src=\"https:\/\/i0.wp.com\/www.eltrabajo.cl\/portal\/wp-content\/uploads\/2020\/05\/Violador1.jpg?resize=580%2C358\" alt=\"LLEVADO A PRISI\u00d3N.- La magistrado Valeria Crosa dict\u00f3 en su contra la medida cautelar de Prisi\u00f3n Preventiva por los cinco meses que durar\u00e1 la investigaci\u00f3n.\" width=\"580\" height=\"358\" srcset=\"https:\/\/i0.wp.com\/eltrabajo.cl\/portal\/wp-content\/uploads\/2020\/05\/Violador1.jpg?w=580&amp;ssl=1 580w, https:\/\/i0.wp.com\/eltrabajo.cl\/portal\/wp-content\/uploads\/2020\/05\/Violador1.jpg?resize=300%2C185&amp;ssl=1 300w, https:\/\/i0.wp.com\/eltrabajo.cl\/portal\/wp-content\/uploads\/2020\/05\/Violador1.jpg?resize=200%2C123&amp;ssl=1 200w, https:\/\/i0.wp.com\/eltrabajo.cl\/portal\/wp-content\/uploads\/2020\/05\/Violador1.jpg?resize=150%2C93&amp;ssl=1 150w\" sizes=\"auto, (max-width: 580px) 100vw, 580px\" \/><figcaption id=\"caption-attachment-98535\" class=\"wp-caption-text\">LLEVADO A PRISI\u00d3N.- La magistrado Valeria Crosa dict\u00f3 en su contra la medida cautelar de Prisi\u00f3n Preventiva por los cinco meses que durar\u00e1 la investigaci\u00f3n.<\/figcaption><\/figure>\n<p>&nbsp;<\/p>\n","protected":false},"excerpt":{"rendered":"<p>LOS ANDES.- Un sujeto de 42 a\u00f1os de edad e identificado con las iniciales L.S.A.R. fue detenido por la Brigada de Delitos Sexuales y Menores (Brisexme) de la PDI de Los Andes,&#8230;<\/p>\n","protected":false},"author":482,"featured_media":98535,"comment_status":"open","ping_status":"open","sticky":false,"template":"","format":"standard","meta":{"advanced_seo_description":"","jetpack_seo_html_title":"","jetpack_seo_noindex":false,"_jetpack_memberships_contains_paid_content":false,"footnotes":""},"categories":[21],"tags":[],"class_list":["post-98543","post","type-post","status-publish","format-standard","has-post-thumbnail","hentry","category-policial"],"jetpack_featured_media_url":"https:\/\/i0.wp.com\/eltrabajo.cl\/portal\/wp-content\/uploads\/2020\/05\/Violador1.jpg?fit=580%2C358&ssl=1","jetpack_sharing_enabled":true,"jetpack_likes_enabled":true,"jetpack-related-posts":[],"_links":{"self":[{"href":"https:\/\/eltrabajo.cl\/portal\/wp-json\/wp\/v2\/posts\/98543","targetHints":{"allow":["GET"]}}],"collection":[{"href":"https:\/\/eltrabajo.cl\/portal\/wp-json\/wp\/v2\/posts"}],"about":[{"href":"https:\/\/eltrabajo.cl\/portal\/wp-json\/wp\/v2\/types\/post"}],"author":[{"embeddable":true,"href":"https:\/\/eltrabajo.cl\/portal\/wp-json\/wp\/v2\/users\/482"}],"replies":[{"embeddable":true,"href":"https:\/\/eltrabajo.cl\/portal\/wp-json\/wp\/v2\/comments?post=98543"}],"version-history":[{"count":0,"href":"https:\/\/eltrabajo.cl\/portal\/wp-json\/wp\/v2\/posts\/98543\/revisions"}],"wp:featuredmedia":[{"embeddable":true,"href":"https:\/\/eltrabajo.cl\/portal\/wp-json\/wp\/v2\/media\/98535"}],"wp:attachment":[{"href":"https:\/\/eltrabajo.cl\/portal\/wp-json\/wp\/v2\/media?parent=98543"}],"wp:term":[{"taxonomy":"category","embeddable":true,"href":"https:\/\/eltrabajo.cl\/portal\/wp-json\/wp\/v2\/categories?post=98543"},{"taxonomy":"post_tag","embeddable":true,"href":"https:\/\/eltrabajo.cl\/portal\/wp-json\/wp\/v2\/tags?post=98543"}],"curies":[{"name":"wp","href":"https:\/\/api.w.org\/{rel}","templated":true}]}}