{"id":98545,"date":"2020-05-03T21:05:37","date_gmt":"2020-05-04T01:05:37","guid":{"rendered":"http:\/\/www.eltrabajo.cl\/portal\/?p=98545"},"modified":"2020-05-03T23:20:35","modified_gmt":"2020-05-04T03:20:35","slug":"catemu-se-suma-a-la-lista-con-su-primer-caso-de-covid-19","status":"publish","type":"post","link":"https:\/\/eltrabajo.cl\/portal\/catemu-se-suma-a-la-lista-con-su-primer-caso-de-covid-19\/","title":{"rendered":"Catemu se suma a la lista con su primer caso de Covid-19"},"content":{"rendered":"<p>Apareci\u00f3 el primer caso de Coronavirus en Catemu. Se trata de un hombre de 53 a\u00f1os de edad, quien consult\u00f3 en el Centro de Salud Familiar de esa comuna y actualmente se encuentra cumpliendo cuarentena en su domicilio. El otro corresponde a Santa Mar\u00eda que tambi\u00e9n es un hombre de 53 que se encuentra en su domicilio cumpliendo el aislamiento. La informaci\u00f3n la dio a conocer ayer el Seremi de Salud de la Quinta Regi\u00f3n, Francisco \u00c1lvarez. En total el Valle de Aconcagua registra a la fecha 56 casos confirmados.<\/p>\n<p>El d\u00eda domingo aparecieron tres nuevos casos de Coronavirus se han registrado en las \u00faltimas horas en el Valle de Aconcagua. Seg\u00fan el reporte diario que entrega el Seremi de Salud de la Quinta Regi\u00f3n. Se trata de uno en Calle Larga, Santa Mar\u00eda y Llay Llay, o sea, 46 nuevos casos confirmados de los cuales cuatro casos son asintom\u00e1ticos por lo tanto un total de 600 positivos en la regi\u00f3n de los cuales 124 ya se han recuperado y de estos catorce lo han hecho el d\u00eda de hoy. Se han descartado 9.455 casos sospechosos y a la fecha lamentablemente hay trece personas fallecidas, 16 personas actualmente en unidades de cuidado intensivos estables dentro de su gravedad. En las \u00faltimas 24 horas se han realizado 327 test.<\/p>\n<p>Respecto a la persona fallecida, corresponde a un hombre de 63 a\u00f1os de la comuna de San Antonio con antecedentes de una enfermedad renal cr\u00f3nica etapa tres que ingres\u00f3 el 28 de abril al Hospital Carlos Van Buren con cuadro respiratorio bastante severo el cual se intern\u00f3 en UCI y lamentablemente falleci\u00f3 cerca de la media noche del 30 de abril.<\/p>\n<p>Respecto a nuevos contagios en el Valle de Aconcagua son tres; 1 de Santa Mar\u00eda, 1 Calle Larga, 1 Llay Llay, y ahora una en Catemu. En el caso de Santa Mar\u00eda se trata de un hombre de 43 a\u00f1os que consult\u00f3 en el Cesfam Santa Mar\u00eda y actualmente se encuentra cumpliendo su cuarentena en su domicilio.<\/p>\n<p>En tanto el caso de Calle Larga es una mujer de 31 a\u00f1os que consult\u00f3 en la Cl\u00ednica de Los Andes y actualmente se encuentra cumpliendo su cuarentena en su domicilio. El de Llay Llay es una mujer de 56 a\u00f1os que consult\u00f3 en el Hospital San Francisco de Llay Llay y actualmente se encuentra en el mismo recinto hospitalario cumpliendo su cuarentena.<\/p>\n<p>&nbsp;<\/p>\n<p><strong>Resumen por comuna <\/strong><\/p>\n<p>Los Andes 8<\/p>\n<p>Calle Larga 7.<\/p>\n<p>San Esteban 3.<\/p>\n<p>Rinconada 2.<\/p>\n<p>San Felipe 8.<\/p>\n<p>Llay Llay 4.<\/p>\n<p>Putaendo 6.<\/p>\n<p>Santa Mar\u00eda 17.<\/p>\n<p>Catemu 1.<\/p>\n<p>En total en el Valle de Aconcagua hay 56 casos de Coronavirus incluida una persona fallecida. Del total de contagiados 7 se encuentran hospitalizados.<\/p>\n<p>&nbsp;<\/p>\n<figure id=\"attachment_98546\" aria-describedby=\"caption-attachment-98546\" style=\"width: 580px\" class=\"wp-caption alignnone\"><img data-recalc-dims=\"1\" loading=\"lazy\" decoding=\"async\" class=\"size-full wp-image-98546\" src=\"https:\/\/i0.wp.com\/www.eltrabajo.cl\/portal\/wp-content\/uploads\/2020\/05\/Covid1.jpg?resize=580%2C360\" alt=\"El Seremi de Salud Francisco \u00c1lvarez entregando su reporte.\" width=\"580\" height=\"360\" srcset=\"https:\/\/i0.wp.com\/eltrabajo.cl\/portal\/wp-content\/uploads\/2020\/05\/Covid1.jpg?w=580&amp;ssl=1 580w, https:\/\/i0.wp.com\/eltrabajo.cl\/portal\/wp-content\/uploads\/2020\/05\/Covid1.jpg?resize=300%2C186&amp;ssl=1 300w, https:\/\/i0.wp.com\/eltrabajo.cl\/portal\/wp-content\/uploads\/2020\/05\/Covid1.jpg?resize=200%2C124&amp;ssl=1 200w, https:\/\/i0.wp.com\/eltrabajo.cl\/portal\/wp-content\/uploads\/2020\/05\/Covid1.jpg?resize=150%2C93&amp;ssl=1 150w\" sizes=\"auto, (max-width: 580px) 100vw, 580px\" \/><figcaption id=\"caption-attachment-98546\" class=\"wp-caption-text\">El Seremi de Salud Francisco \u00c1lvarez entregando su reporte.<\/figcaption><\/figure>\n<p>&nbsp;<\/p>\n<figure id=\"attachment_98547\" aria-describedby=\"caption-attachment-98547\" style=\"width: 580px\" class=\"wp-caption alignnone\"><a href=\"https:\/\/i0.wp.com\/www.eltrabajo.cl\/portal\/wp-content\/uploads\/2020\/05\/Covid2-a.jpg\"><img data-recalc-dims=\"1\" loading=\"lazy\" decoding=\"async\" class=\"wp-image-98547 size-full\" src=\"https:\/\/i0.wp.com\/www.eltrabajo.cl\/portal\/wp-content\/uploads\/2020\/05\/Covid2.jpg?resize=580%2C360\" alt=\"As\u00ed muestran las cifras de la enfermedad las autoridades de Salud en la V Regi\u00f3n.\" width=\"580\" height=\"360\" srcset=\"https:\/\/i0.wp.com\/eltrabajo.cl\/portal\/wp-content\/uploads\/2020\/05\/Covid2.jpg?w=580&amp;ssl=1 580w, https:\/\/i0.wp.com\/eltrabajo.cl\/portal\/wp-content\/uploads\/2020\/05\/Covid2.jpg?resize=300%2C186&amp;ssl=1 300w, https:\/\/i0.wp.com\/eltrabajo.cl\/portal\/wp-content\/uploads\/2020\/05\/Covid2.jpg?resize=200%2C124&amp;ssl=1 200w, https:\/\/i0.wp.com\/eltrabajo.cl\/portal\/wp-content\/uploads\/2020\/05\/Covid2.jpg?resize=150%2C93&amp;ssl=1 150w\" sizes=\"auto, (max-width: 580px) 100vw, 580px\" \/><\/a><figcaption id=\"caption-attachment-98547\" class=\"wp-caption-text\">As\u00ed muestran las cifras de la enfermedad las autoridades de Salud en la V Regi\u00f3n.<\/figcaption><\/figure>\n","protected":false},"excerpt":{"rendered":"<p>Apareci\u00f3 el primer caso de Coronavirus en Catemu. Se trata de un hombre de 53 a\u00f1os de edad, quien consult\u00f3 en el Centro de Salud Familiar de esa comuna y actualmente se&#8230;<\/p>\n","protected":false},"author":482,"featured_media":98547,"comment_status":"open","ping_status":"open","sticky":false,"template":"","format":"standard","meta":{"advanced_seo_description":"","jetpack_seo_html_title":"","jetpack_seo_noindex":false,"_jetpack_memberships_contains_paid_content":false,"footnotes":""},"categories":[103],"tags":[],"class_list":["post-98545","post","type-post","status-publish","format-standard","has-post-thumbnail","hentry","category-cronica-2"],"jetpack_featured_media_url":"https:\/\/i0.wp.com\/eltrabajo.cl\/portal\/wp-content\/uploads\/2020\/05\/Covid2.jpg?fit=580%2C360&ssl=1","jetpack_sharing_enabled":true,"jetpack_likes_enabled":true,"jetpack-related-posts":[],"_links":{"self":[{"href":"https:\/\/eltrabajo.cl\/portal\/wp-json\/wp\/v2\/posts\/98545","targetHints":{"allow":["GET"]}}],"collection":[{"href":"https:\/\/eltrabajo.cl\/portal\/wp-json\/wp\/v2\/posts"}],"about":[{"href":"https:\/\/eltrabajo.cl\/portal\/wp-json\/wp\/v2\/types\/post"}],"author":[{"embeddable":true,"href":"https:\/\/eltrabajo.cl\/portal\/wp-json\/wp\/v2\/users\/482"}],"replies":[{"embeddable":true,"href":"https:\/\/eltrabajo.cl\/portal\/wp-json\/wp\/v2\/comments?post=98545"}],"version-history":[{"count":0,"href":"https:\/\/eltrabajo.cl\/portal\/wp-json\/wp\/v2\/posts\/98545\/revisions"}],"wp:featuredmedia":[{"embeddable":true,"href":"https:\/\/eltrabajo.cl\/portal\/wp-json\/wp\/v2\/media\/98547"}],"wp:attachment":[{"href":"https:\/\/eltrabajo.cl\/portal\/wp-json\/wp\/v2\/media?parent=98545"}],"wp:term":[{"taxonomy":"category","embeddable":true,"href":"https:\/\/eltrabajo.cl\/portal\/wp-json\/wp\/v2\/categories?post=98545"},{"taxonomy":"post_tag","embeddable":true,"href":"https:\/\/eltrabajo.cl\/portal\/wp-json\/wp\/v2\/tags?post=98545"}],"curies":[{"name":"wp","href":"https:\/\/api.w.org\/{rel}","templated":true}]}}