{"id":98552,"date":"2020-05-03T21:07:14","date_gmt":"2020-05-04T01:07:14","guid":{"rendered":"http:\/\/www.eltrabajo.cl\/portal\/?p=98552"},"modified":"2020-05-03T23:20:41","modified_gmt":"2020-05-04T03:20:41","slug":"socios-del-club-de-artesanos-por-fin-recuperaron-su-historica-sede","status":"publish","type":"post","link":"https:\/\/eltrabajo.cl\/portal\/socios-del-club-de-artesanos-por-fin-recuperaron-su-historica-sede\/","title":{"rendered":"Socios del Club de Artesanos por fin recuperaron su hist\u00f3rica sede"},"content":{"rendered":"<p><span style=\"color: #c81400;\"><strong>Tras m\u00e1s de dos a\u00f1os de pleitos judiciales:<\/strong><\/span><\/p>\n<p>Despu\u00e9s de un largo tiempo de litigio judicial la ma\u00f1ana de este jueves la Sociedad de Artesanos La Uni\u00f3n tom\u00f3 por posesi\u00f3n de su local ubicado en Calle Coimas entre San Mart\u00edn y Freire de San Felipe. El pleito judicial se habr\u00eda generado luego que se llamara a licitaci\u00f3n para instalar un nuevo concesionario en el inmueble, lo que gener\u00f3 conflicto con el concesionario de ese momento, entrelaz\u00e1ndose as\u00ed demandas y acusaciones en ambas trincheras, este proceso se extendi\u00f3 por m\u00e1s de dos a\u00f1os y que este jueves lleg\u00f3 oficialmente a su final.<\/p>\n<p>&nbsp;<\/p>\n<p><span style=\"color: #c81400;\"><strong>SENTENCIA DEFINITIVA<\/strong><\/span><\/p>\n<p><strong>Diario El Trabajo<\/strong> estuvo en el lugar a la hora que el Receptor Judicial del Juzgado de Letras de San Felipe, <strong>Jos\u00e9 Luis Correa Parra<\/strong>, hizo entrega de la propiedad al directorio: \u00ab<em>Acabamos de concluir una diligencia ordenada por el Juzgado de Letras de San Felipe, que trabaj\u00f3 un juicio iniciado por la Sociedad de Artesanos La Uni\u00f3n, se dict\u00f3 Sentencia Definitiva que ordena la restituci\u00f3n del inmueble en el cual nos encontramos, a la Sociedad de Artesanos en determinado plazo, transcurrido el cual si esta entrega no se efectuaba se pod\u00eda proceder de manera concursiva a la restituci\u00f3n del inmueble\u00bb.<\/em><\/p>\n<p>&#8211; <strong>\u00bfPueden los anteriores concesionarios ingresar a este inmueble a instalarse de alguna manera?<\/strong><\/p>\n<p>&#8211; Desde este momento materialmente la propiedad est\u00e1 bajo la tenencia de la Sociedad de Artesanos. Para nosotros es el mero cumplimiento de una resoluci\u00f3n judicial.<\/p>\n<p>&nbsp;<\/p>\n<p><span style=\"color: #c81400;\"><strong>TODOS A TRABAJAR<\/strong><\/span><\/p>\n<p>Tambi\u00e9n nuestro medio habl\u00f3 con el presidente de la instituci\u00f3n, <strong>Jaime Canales<\/strong>, quien no daba m\u00e1s de alegr\u00eda al saber que por fin esto terminaba, \u00ab<em>por fin hemos logrado la sentencia final del juicio civil, esto se dilat\u00f3 durante dos a\u00f1os y medio, primero pas\u00f3 a un juicio arbitral en dos instancias despu\u00e9s se fue a la Corte de Apelaciones donde ganamos tambi\u00e9n y volvi\u00f3 aqu\u00ed a un juicio civil que comenz\u00f3 en noviembre y ya termina en estos d\u00edas y hoy d\u00eda contento porque el receptor ya abri\u00f3 la sociedad y pasa a manos de los socios de tan centenaria instituci\u00f3n as\u00ed es que felices<\/em>\u00bb, se\u00f1al\u00f3 Canales.<\/p>\n<p>&#8211; <strong>\u00bfQu\u00e9 viene ahora, volver a retomar el contrato con la persona que gan\u00f3 la licitaci\u00f3n?<\/strong><\/p>\n<p>&#8211; Mira yo convers\u00e9 con \u2018El Pepa\u2019 de Cantapiano, porque la se\u00f1ora Patricia Cataldo se\u00f1ora del \u2018Pepa\u2019 gan\u00f3 la licitaci\u00f3n, ellos se van a ser cargo de la sociedad, hoy d\u00eda hay un periodo con la pandemia, nosotros vamos a restituir el local, vamos a pintar para que ellos puedan retomar las sociedad entregar como hab\u00edamos conversado.<\/p>\n<p>&#8211; <strong>\u00bfPalabras para los socios de esta instituci\u00f3n?<\/strong><\/p>\n<p>&#8211; Aprovech\u00f3 para hacer un llamado a la tranquilidad a los socios, porque la sociedad no la iban a perder, hoy d\u00eda estamos felices tenemos una sentencia que nos permite funcionar, adem\u00e1s vamos a tener una oficina donde va a estar el tesorero un par de veces a la semana, porque hoy d\u00eda tenemos una necesidad; primero para reconstruir, hacer los arreglos que sean necesarios porque la Sociedad de Artesanos tiene que necesariamente ocupar el sitial que siempre le ha correspondido en nuestra comunidad, lo que pas\u00f3 hoy d\u00eda fue vergonzoso en el sentido que una concesi\u00f3n nos tuvo en Jaque y eso no debiera pasar nunca m\u00e1s con la Sociedad de Artesanos, cumplimos 127 a\u00f1os hay 79 socios activos, nosotros creemos que hay que darle la importancia el cari\u00f1o, la calidez que siempre le ha tenido la sociedad sanfelipe\u00f1a a esta instituci\u00f3n, nosotros hoy d\u00eda estamos felices de haber llegado a este momento y llamo a todos los socios a que reintegren, nos llamen y el director sirva para atenderlos a todos\u00bb, se\u00f1al\u00f3 Canales.<\/p>\n<p>&nbsp;<\/p>\n<figure id=\"attachment_98553\" aria-describedby=\"caption-attachment-98553\" style=\"width: 580px\" class=\"wp-caption alignnone\"><img data-recalc-dims=\"1\" loading=\"lazy\" decoding=\"async\" class=\"size-full wp-image-98553\" src=\"https:\/\/i0.wp.com\/www.eltrabajo.cl\/portal\/wp-content\/uploads\/2020\/05\/Artesanos3.jpg?resize=580%2C358\" alt=\"LO LOGRARON.- Ellos son el directorio de la Sociedad e Artesanos La Uni\u00f3n, de nuevo en su casa.\" width=\"580\" height=\"358\" srcset=\"https:\/\/i0.wp.com\/eltrabajo.cl\/portal\/wp-content\/uploads\/2020\/05\/Artesanos3.jpg?w=580&amp;ssl=1 580w, https:\/\/i0.wp.com\/eltrabajo.cl\/portal\/wp-content\/uploads\/2020\/05\/Artesanos3.jpg?resize=300%2C185&amp;ssl=1 300w, https:\/\/i0.wp.com\/eltrabajo.cl\/portal\/wp-content\/uploads\/2020\/05\/Artesanos3.jpg?resize=200%2C123&amp;ssl=1 200w, https:\/\/i0.wp.com\/eltrabajo.cl\/portal\/wp-content\/uploads\/2020\/05\/Artesanos3.jpg?resize=150%2C93&amp;ssl=1 150w\" sizes=\"auto, (max-width: 580px) 100vw, 580px\" \/><figcaption id=\"caption-attachment-98553\" class=\"wp-caption-text\">LO LOGRARON.- Ellos son el directorio de la Sociedad e Artesanos La Uni\u00f3n, de nuevo en su casa.<\/figcaption><\/figure>\n<p>&nbsp;<\/p>\n<figure id=\"attachment_98557\" aria-describedby=\"caption-attachment-98557\" style=\"width: 580px\" class=\"wp-caption alignnone\"><img data-recalc-dims=\"1\" loading=\"lazy\" decoding=\"async\" class=\"size-full wp-image-98557\" src=\"https:\/\/i0.wp.com\/www.eltrabajo.cl\/portal\/wp-content\/uploads\/2020\/05\/Artesanos2.jpg?resize=580%2C359\" alt=\"POR FIN.- El receptor judicial hizo personalmente la entrega del inmueble a sus leg\u00edtimos due\u00f1os.\" width=\"580\" height=\"359\" srcset=\"https:\/\/i0.wp.com\/eltrabajo.cl\/portal\/wp-content\/uploads\/2020\/05\/Artesanos2.jpg?w=580&amp;ssl=1 580w, https:\/\/i0.wp.com\/eltrabajo.cl\/portal\/wp-content\/uploads\/2020\/05\/Artesanos2.jpg?resize=300%2C186&amp;ssl=1 300w, https:\/\/i0.wp.com\/eltrabajo.cl\/portal\/wp-content\/uploads\/2020\/05\/Artesanos2.jpg?resize=200%2C124&amp;ssl=1 200w, https:\/\/i0.wp.com\/eltrabajo.cl\/portal\/wp-content\/uploads\/2020\/05\/Artesanos2.jpg?resize=150%2C93&amp;ssl=1 150w\" sizes=\"auto, (max-width: 580px) 100vw, 580px\" \/><figcaption id=\"caption-attachment-98557\" class=\"wp-caption-text\">POR FIN.- El receptor judicial hizo personalmente la entrega del inmueble a sus leg\u00edtimos due\u00f1os.<\/figcaption><\/figure>\n<p>&nbsp;<\/p>\n<figure id=\"attachment_98556\" aria-describedby=\"caption-attachment-98556\" style=\"width: 580px\" class=\"wp-caption alignnone\"><img data-recalc-dims=\"1\" loading=\"lazy\" decoding=\"async\" class=\"size-full wp-image-98556\" src=\"https:\/\/i0.wp.com\/www.eltrabajo.cl\/portal\/wp-content\/uploads\/2020\/05\/Artesanos1.jpg?resize=580%2C359\" alt=\"TODO ABANDONADO.- Mucha basura y desorden es lo que se encontraron los socios al interior del inmueble.\" width=\"580\" height=\"359\" srcset=\"https:\/\/i0.wp.com\/eltrabajo.cl\/portal\/wp-content\/uploads\/2020\/05\/Artesanos1.jpg?w=580&amp;ssl=1 580w, https:\/\/i0.wp.com\/eltrabajo.cl\/portal\/wp-content\/uploads\/2020\/05\/Artesanos1.jpg?resize=300%2C186&amp;ssl=1 300w, https:\/\/i0.wp.com\/eltrabajo.cl\/portal\/wp-content\/uploads\/2020\/05\/Artesanos1.jpg?resize=200%2C124&amp;ssl=1 200w, https:\/\/i0.wp.com\/eltrabajo.cl\/portal\/wp-content\/uploads\/2020\/05\/Artesanos1.jpg?resize=150%2C93&amp;ssl=1 150w\" sizes=\"auto, (max-width: 580px) 100vw, 580px\" \/><figcaption id=\"caption-attachment-98556\" class=\"wp-caption-text\">TODO ABANDONADO.- Mucha basura y desorden es lo que se encontraron los socios al interior del inmueble.<\/figcaption><\/figure>\n<p>&nbsp;<\/p>\n<figure id=\"attachment_98555\" aria-describedby=\"caption-attachment-98555\" style=\"width: 579px\" class=\"wp-caption alignnone\"><img data-recalc-dims=\"1\" loading=\"lazy\" decoding=\"async\" class=\"size-full wp-image-98555\" src=\"https:\/\/i0.wp.com\/www.eltrabajo.cl\/portal\/wp-content\/uploads\/2020\/05\/Artesanos_Jose-Luis-Correa.jpg?resize=579%2C600\" alt=\"Receptor Judicial del Juzgado de Letras de San Felipe, Jos\u00e9 Luis Correa Parra.\" width=\"579\" height=\"600\" srcset=\"https:\/\/i0.wp.com\/eltrabajo.cl\/portal\/wp-content\/uploads\/2020\/05\/Artesanos_Jose-Luis-Correa.jpg?w=579&amp;ssl=1 579w, https:\/\/i0.wp.com\/eltrabajo.cl\/portal\/wp-content\/uploads\/2020\/05\/Artesanos_Jose-Luis-Correa.jpg?resize=290%2C300&amp;ssl=1 290w, https:\/\/i0.wp.com\/eltrabajo.cl\/portal\/wp-content\/uploads\/2020\/05\/Artesanos_Jose-Luis-Correa.jpg?resize=145%2C150&amp;ssl=1 145w\" sizes=\"auto, (max-width: 579px) 100vw, 579px\" \/><figcaption id=\"caption-attachment-98555\" class=\"wp-caption-text\">Receptor Judicial del Juzgado de Letras de San Felipe, Jos\u00e9 Luis Correa Parra.<\/figcaption><\/figure>\n<p>&nbsp;<\/p>\n<figure id=\"attachment_98554\" aria-describedby=\"caption-attachment-98554\" style=\"width: 580px\" class=\"wp-caption alignnone\"><img data-recalc-dims=\"1\" loading=\"lazy\" decoding=\"async\" class=\"size-full wp-image-98554\" src=\"https:\/\/i0.wp.com\/www.eltrabajo.cl\/portal\/wp-content\/uploads\/2020\/05\/Artesanos_Jaime-Canales.jpg?resize=580%2C600\" alt=\"Presidente de la instituci\u00f3n, Jaime Canales.\" width=\"580\" height=\"600\" srcset=\"https:\/\/i0.wp.com\/eltrabajo.cl\/portal\/wp-content\/uploads\/2020\/05\/Artesanos_Jaime-Canales.jpg?w=580&amp;ssl=1 580w, https:\/\/i0.wp.com\/eltrabajo.cl\/portal\/wp-content\/uploads\/2020\/05\/Artesanos_Jaime-Canales.jpg?resize=290%2C300&amp;ssl=1 290w, https:\/\/i0.wp.com\/eltrabajo.cl\/portal\/wp-content\/uploads\/2020\/05\/Artesanos_Jaime-Canales.jpg?resize=145%2C150&amp;ssl=1 145w\" sizes=\"auto, (max-width: 580px) 100vw, 580px\" \/><figcaption id=\"caption-attachment-98554\" class=\"wp-caption-text\">Presidente de la instituci\u00f3n, Jaime Canales.<\/figcaption><\/figure>\n","protected":false},"excerpt":{"rendered":"<p>Tras m\u00e1s de dos a\u00f1os de pleitos judiciales: Despu\u00e9s de un largo tiempo de litigio judicial la ma\u00f1ana de este jueves la Sociedad de Artesanos La Uni\u00f3n tom\u00f3 por posesi\u00f3n de su&#8230;<\/p>\n","protected":false},"author":482,"featured_media":98553,"comment_status":"open","ping_status":"open","sticky":false,"template":"","format":"standard","meta":{"advanced_seo_description":"","jetpack_seo_html_title":"","jetpack_seo_noindex":false,"_jetpack_memberships_contains_paid_content":false,"footnotes":""},"categories":[15],"tags":[],"class_list":["post-98552","post","type-post","status-publish","format-standard","has-post-thumbnail","hentry","category-comunidad"],"jetpack_featured_media_url":"https:\/\/i0.wp.com\/eltrabajo.cl\/portal\/wp-content\/uploads\/2020\/05\/Artesanos3.jpg?fit=580%2C358&ssl=1","jetpack_sharing_enabled":true,"jetpack_likes_enabled":true,"jetpack-related-posts":[],"_links":{"self":[{"href":"https:\/\/eltrabajo.cl\/portal\/wp-json\/wp\/v2\/posts\/98552","targetHints":{"allow":["GET"]}}],"collection":[{"href":"https:\/\/eltrabajo.cl\/portal\/wp-json\/wp\/v2\/posts"}],"about":[{"href":"https:\/\/eltrabajo.cl\/portal\/wp-json\/wp\/v2\/types\/post"}],"author":[{"embeddable":true,"href":"https:\/\/eltrabajo.cl\/portal\/wp-json\/wp\/v2\/users\/482"}],"replies":[{"embeddable":true,"href":"https:\/\/eltrabajo.cl\/portal\/wp-json\/wp\/v2\/comments?post=98552"}],"version-history":[{"count":0,"href":"https:\/\/eltrabajo.cl\/portal\/wp-json\/wp\/v2\/posts\/98552\/revisions"}],"wp:featuredmedia":[{"embeddable":true,"href":"https:\/\/eltrabajo.cl\/portal\/wp-json\/wp\/v2\/media\/98553"}],"wp:attachment":[{"href":"https:\/\/eltrabajo.cl\/portal\/wp-json\/wp\/v2\/media?parent=98552"}],"wp:term":[{"taxonomy":"category","embeddable":true,"href":"https:\/\/eltrabajo.cl\/portal\/wp-json\/wp\/v2\/categories?post=98552"},{"taxonomy":"post_tag","embeddable":true,"href":"https:\/\/eltrabajo.cl\/portal\/wp-json\/wp\/v2\/tags?post=98552"}],"curies":[{"name":"wp","href":"https:\/\/api.w.org\/{rel}","templated":true}]}}