{"id":98577,"date":"2020-05-05T02:28:22","date_gmt":"2020-05-05T06:28:22","guid":{"rendered":"http:\/\/www.eltrabajo.cl\/portal\/?p=98577"},"modified":"2020-05-05T02:28:22","modified_gmt":"2020-05-05T06:28:22","slug":"confirman-tres-nuevos-casos-de-contagio-covid-19-en-el-valle-de-aconcagua","status":"publish","type":"post","link":"https:\/\/eltrabajo.cl\/portal\/confirman-tres-nuevos-casos-de-contagio-covid-19-en-el-valle-de-aconcagua\/","title":{"rendered":"Confirman tres nuevos casos de contagio Covid-19 en el Valle de Aconcagua"},"content":{"rendered":"<p><span style=\"color: #c81400;\"><strong>En total hay 59 casos de Coronavirus en las dos provincias:<\/strong><\/span><\/p>\n<p>Tres nuevos casos de contagio por Coronavirus se registraron en las \u00faltimas horas en el Valle de Aconcagua; se trata de 02 en San Felipe y 01 en Los Andes. La informaci\u00f3n como de costumbre fue entregada por el Seremi de Salud de la Quinta Regi\u00f3n, <strong>Francisco \u00c1lvarez<\/strong>.<\/p>\n<p>A nivel regional hoy existen 18 casos nuevos, haciendo un total de 656 personas positivas a la fecha. Importante se\u00f1alar que todos estos casos son sintom\u00e1ticos.<\/p>\n<p>En total hay 144 personas recuperadas. Respecto al d\u00eda de ayer hay tres nuevos casos.<\/p>\n<p>Se han descartado 9.909 personas que correspond\u00edan a casos sospechosos.<\/p>\n<p>Lamentablemente a la fecha han fallecido 13 personas en la regi\u00f3n.<\/p>\n<p>\u00ab<em>Actualmente hay 18 personas en unidades de cuidados intensivos, estable dentro de su gravedad. En las \u00faltimas 24 horas se han realizado 196 test. Respecto a las personas recuperadas que son tres, los tres corresponden a hombres de nacionalidad chilena y de las siguientes comunas: Algarrobo, Valpara\u00edso, La Calera\u00bb,<\/em> se\u00f1al\u00f3 \u00c1lvarez.<\/p>\n<p>Respecto a los nuevos casos, indic\u00f3 que hay 18, <em>\u00abde los cuales 10 son mujeres, 08 son hombres, 15 son de nacionalidad chilena, 03 son extranjeros y son de las siguientes comunas: 06 de Valpara\u00edso, 04 de Conc\u00f3n, 02 de Vi\u00f1a del Mar, 02 de San Felipe y 01 caso en las siguientes comunas: Villa Alemana, La Ligua, Los Andes y Cartagena\u00bb,<\/em> indic\u00f3 Francisco \u00c1lvarez, Seremi de Salud de la Quinta Regi\u00f3n.<\/p>\n<p>&nbsp;<\/p>\n<p><strong>Resumen por comuna <\/strong><\/p>\n<p>Los Andes\u00a0\u00a0\u00a0\u00a0\u00a0\u00a0\u00a0\u00a0\u00a0\u00a0 09<\/p>\n<p>Calle Larga \u00a0\u00a0\u00a0\u00a0\u00a0\u00a0\u00a0 07<\/p>\n<p>San Esteban \u00a0\u00a0\u00a0\u00a0 03<\/p>\n<p>Rinconada \u00a0\u00a0\u00a0\u00a0\u00a0\u00a0\u00a0\u00a0 02<\/p>\n<p>San Felipe \u00a0\u00a0\u00a0\u00a0\u00a0\u00a0\u00a0\u00a0 10<\/p>\n<p>Llay-Llay \u00a0\u00a0\u00a0\u00a0\u00a0\u00a0\u00a0\u00a0\u00a0\u00a0 04<\/p>\n<p>Putaendo \u00a0\u00a0\u00a0\u00a0\u00a0\u00a0\u00a0\u00a0\u00a0\u00a0 06<\/p>\n<p>Santa Mar\u00eda\u00a0\u00a0\u00a0\u00a0\u00a0\u00a0 17<\/p>\n<p>Catemu \u00a0\u00a0\u00a0\u00a0\u00a0\u00a0\u00a0\u00a0\u00a0\u00a0\u00a0\u00a0\u00a0\u00a0 01<\/p>\n<p>En total en el Valle de Aconcagua hay 59 casos de coronavirus.<\/p>\n<p>Del total de contagiados, 07 se encuentran hospitalizados.<\/p>\n<p>&nbsp;<\/p>\n<figure id=\"attachment_98578\" aria-describedby=\"caption-attachment-98578\" style=\"width: 580px\" class=\"wp-caption alignnone\"><img data-recalc-dims=\"1\" loading=\"lazy\" decoding=\"async\" class=\"size-full wp-image-98578\" src=\"https:\/\/i0.wp.com\/www.eltrabajo.cl\/portal\/wp-content\/uploads\/2020\/05\/Seremi.jpg?resize=580%2C359\" alt=\"Francisco \u00c1lvarez entregando el balance ayer lunes.\" width=\"580\" height=\"359\" srcset=\"https:\/\/i0.wp.com\/eltrabajo.cl\/portal\/wp-content\/uploads\/2020\/05\/Seremi.jpg?w=580&amp;ssl=1 580w, https:\/\/i0.wp.com\/eltrabajo.cl\/portal\/wp-content\/uploads\/2020\/05\/Seremi.jpg?resize=300%2C186&amp;ssl=1 300w, https:\/\/i0.wp.com\/eltrabajo.cl\/portal\/wp-content\/uploads\/2020\/05\/Seremi.jpg?resize=200%2C124&amp;ssl=1 200w, https:\/\/i0.wp.com\/eltrabajo.cl\/portal\/wp-content\/uploads\/2020\/05\/Seremi.jpg?resize=150%2C93&amp;ssl=1 150w\" sizes=\"auto, (max-width: 580px) 100vw, 580px\" \/><figcaption id=\"caption-attachment-98578\" class=\"wp-caption-text\">Francisco \u00c1lvarez entregando el balance ayer lunes.<\/figcaption><\/figure>\n","protected":false},"excerpt":{"rendered":"<p>En total hay 59 casos de Coronavirus en las dos provincias: Tres nuevos casos de contagio por Coronavirus se registraron en las \u00faltimas horas en el Valle de Aconcagua; se trata de&#8230;<\/p>\n","protected":false},"author":482,"featured_media":98578,"comment_status":"open","ping_status":"open","sticky":false,"template":"","format":"standard","meta":{"advanced_seo_description":"","jetpack_seo_html_title":"","jetpack_seo_noindex":false,"_jetpack_memberships_contains_paid_content":false,"footnotes":""},"categories":[103],"tags":[],"class_list":["post-98577","post","type-post","status-publish","format-standard","has-post-thumbnail","hentry","category-cronica-2"],"jetpack_featured_media_url":"https:\/\/i0.wp.com\/eltrabajo.cl\/portal\/wp-content\/uploads\/2020\/05\/Seremi.jpg?fit=580%2C359&ssl=1","jetpack_sharing_enabled":true,"jetpack_likes_enabled":true,"jetpack-related-posts":[],"_links":{"self":[{"href":"https:\/\/eltrabajo.cl\/portal\/wp-json\/wp\/v2\/posts\/98577","targetHints":{"allow":["GET"]}}],"collection":[{"href":"https:\/\/eltrabajo.cl\/portal\/wp-json\/wp\/v2\/posts"}],"about":[{"href":"https:\/\/eltrabajo.cl\/portal\/wp-json\/wp\/v2\/types\/post"}],"author":[{"embeddable":true,"href":"https:\/\/eltrabajo.cl\/portal\/wp-json\/wp\/v2\/users\/482"}],"replies":[{"embeddable":true,"href":"https:\/\/eltrabajo.cl\/portal\/wp-json\/wp\/v2\/comments?post=98577"}],"version-history":[{"count":0,"href":"https:\/\/eltrabajo.cl\/portal\/wp-json\/wp\/v2\/posts\/98577\/revisions"}],"wp:featuredmedia":[{"embeddable":true,"href":"https:\/\/eltrabajo.cl\/portal\/wp-json\/wp\/v2\/media\/98578"}],"wp:attachment":[{"href":"https:\/\/eltrabajo.cl\/portal\/wp-json\/wp\/v2\/media?parent=98577"}],"wp:term":[{"taxonomy":"category","embeddable":true,"href":"https:\/\/eltrabajo.cl\/portal\/wp-json\/wp\/v2\/categories?post=98577"},{"taxonomy":"post_tag","embeddable":true,"href":"https:\/\/eltrabajo.cl\/portal\/wp-json\/wp\/v2\/tags?post=98577"}],"curies":[{"name":"wp","href":"https:\/\/api.w.org\/{rel}","templated":true}]}}