{"id":98580,"date":"2020-05-05T02:30:52","date_gmt":"2020-05-05T06:30:52","guid":{"rendered":"http:\/\/www.eltrabajo.cl\/portal\/?p=98580"},"modified":"2020-05-05T02:30:52","modified_gmt":"2020-05-05T06:30:52","slug":"tios-de-furgones-escolares-salieron-en-caravana-pacifica-a-pedir-perdonazo-a-bancos-y-financieras-y-carabineros-les-curso-infraccion-por-tocar-bocina","status":"publish","type":"post","link":"https:\/\/eltrabajo.cl\/portal\/tios-de-furgones-escolares-salieron-en-caravana-pacifica-a-pedir-perdonazo-a-bancos-y-financieras-y-carabineros-les-curso-infraccion-por-tocar-bocina\/","title":{"rendered":"T\u00edos de furgones escolares salieron en caravana pac\u00edfica a pedir \u2018perdonazo\u2019 a bancos y financieras, y Carabineros les curs\u00f3 infracci\u00f3n por tocar bocina"},"content":{"rendered":"<p>Mal les fue a los transportistas escolares en su intenci\u00f3n de poder realizar una caravana por la ciudad de San Felipe para poder llamar la atenci\u00f3n de las autoridades por la dif\u00edcil situaci\u00f3n que atraviesan, producto de la pandemia, y principalmente pedir un <strong>\u2018perdonazo\u2019<\/strong> a los bancos y financieras para aplazar los cr\u00e9ditos. Esto porque Carabineros de San Felipe les curs\u00f3 partes a todos los \u2018T\u00edos\u2019 que participaban de esta actividad. Es decir, lo p\u00e9simo que les est\u00e1 yendo con la suspensi\u00f3n de las clases, ahora van a tener que pagar una multa por manifestarse pac\u00edficamente para plantear el drama que est\u00e1n viviendo.<\/p>\n<p>Uno de los \u2018T\u00edos\u2019 participantes, <strong>Danilo Contreras<\/strong>, dijo a nuestro medio que esta era una caravana pac\u00edfica como se lo plantearon al gobernador: <em>\u00abLlegamos a Maip\u00fa-Freire y nos encontramos con la sorpresa que cinco carabineros m\u00e1s una patrulla nos detienen, nos piden las licencias, documentos. Yo digo que esto es una caravana pac\u00edfica, no estamos destruyendo nada f\u00edsico, respetamos toda la se\u00f1al\u00e9tica y no s\u00e9 qu\u00e9 esperan\u00bb,<\/em> se\u00f1al\u00f3 Contreras.<\/p>\n<p>Otra \u2018T\u00eda\u2019 que se refiri\u00f3 a esta situaci\u00f3n con Carabineros fue <strong>Beatriz Moreno Chapa<\/strong>, presidenta de ATEAC, quien manifest\u00f3: <em>\u00abEllos nos desviaron hacia ac\u00e1 y nos pidieron las licencias para fiscalizar, no para sacarnos los partes, y la persona que dijo que lo hicieran es Franco no s\u00e9 cu\u00e1nto que se llama. Yo llam\u00e9 al mayor Guzm\u00e1n, estaba aqu\u00ed y ahora no est\u00e1 as\u00ed es que nadie da una respuesta. El parte es por ir tocando la bocina, pero hay uno que ni siquiera tiene la bocina buena, pero le est\u00e1n sacando el parte igual. Entonces c\u00f3mo ellos (Carabineros), si no estaban aqu\u00ed, c\u00f3mo pueden certificar que esa persona ven\u00eda tocando la bocina, cuando reci\u00e9n a los carabineros los topamos en Maip\u00fa. En todo caso van a tener que buscar quien se los pague, si no tenemos plata, no estamos trabajando, de\u00a0 d\u00f3nde vamos a sacar plata para pagarlo. Esto es una ridiculez, pero bueno, tendremos que esperar y apelar al juez de polic\u00eda local. No s\u00e9 d\u00f3nde pasar\u00e1n estos partes, y que entiendan porque parece que algunos entendemos la situaci\u00f3n en que estamos y otros no\u00bb,<\/em> se\u00f1al\u00f3.<\/p>\n<p>&nbsp;<\/p>\n<p><span style=\"color: #c81400;\"><strong>BOCINA MALA<\/strong><\/span><\/p>\n<p>Aunque usted no lo crea o suena para la risa, uno de los infraccionados fue <strong>V\u00edctor Montes<\/strong> de un medio de comunicaci\u00f3n @EmerVcordillera, quien se\u00f1al\u00f3 que le advirti\u00f3 a Carabineros que su bocina estaba mala: <em>\u00abEn estos momentos Carabineros se est\u00e1 escudando por esta caravana pac\u00edfica respetando todas las se\u00f1ales del tr\u00e1nsito, donde no son m\u00e1s de 15 a 16 veh\u00edculos del transporte escolar en San Felipe, est\u00e1n infraccionando por hacer mal uso del aparato sonoro. Yo habl\u00e9 con el capit\u00e1n Franco Herrera que est\u00e1 a cargo del tr\u00e1mite que est\u00e1 haciendo Carabineros\u2026 que es bastante injusto, le mostr\u00e9 cuando estaba haciendo el parte que la bocina de mi veh\u00edculo est\u00e1 mala, entonces por qu\u00e9 me est\u00e1 infraccionando si yo tengo la bocina mala en este caso. Encuentro que no da a lugar tanto despliegue de Carabineros, estamos haciendo una marcha pac\u00edfica, no estamos pidiendo bonos, nada, solamente estamos pidiendo a las entidades financieras, bancarias, que nos den un \u2018perdonazo\u2019 m\u00e1s que nada. Si nadie les est\u00e1 diciendo que sea gratis, nadie est\u00e1 diciendo que no paguemos los cr\u00e9ditos de los veh\u00edculos, sino que solamente nos aplacen hasta que se solucione esto. El transporte escolar a nivel nacional est\u00e1 viviendo una situaci\u00f3n lamentable por la pandemia que se est\u00e1 generando en el mundo, algo que lamentablemente se les escapa de las manos a todos. Encuentro que un despliegue de m\u00e1s de 10 Carabineros para 16 furgones escolares que ven\u00edamos en una caravana totalmente pac\u00edfica, respetando las se\u00f1ales del tr\u00e1nsito, encuentro totalmente arbitraria, principalmente a m\u00ed porque tengo mala la bocina y me est\u00e1n pasando un parte por hacer mal uso del aparato sonoro\u00bb,<\/em> dijo.<\/p>\n<p>En cuanto al motivo de la caravana, Contreras explic\u00f3 que tiene que ver con <em>\u00abllamar la atenci\u00f3n por lo que estamos viviendo, lamentablemente estamos con brazos cruzados, llevamos dos meses sin recibir un sueldo, hay t\u00edos que est\u00e1n perdiendo los furgones\u2026 tiene que entregarlos, no nos dan soluciones los bancos, las financieras, entonces no sabemos qu\u00e9 hacer, estamos a brazos cruzados\u00bb,<\/em> indic\u00f3 Danilo Contreras de Agrupaci\u00f3n independiente.<\/p>\n<p>&nbsp;<\/p>\n<p><span style=\"color: #c81400;\"><strong>QU\u00c9 DIJO EL GOBERNADOR<\/strong><\/span><\/p>\n<p>Representantes de los transportistas escolares se reunieron con el gobernador provincial <strong>Claudio Rodr\u00edguez Cataldo<\/strong>, quien record\u00f3 que se est\u00e1 en un estado de excepci\u00f3n constitucional, <em>\u00abeso significa que el control del orden y la seguridad pasa a manos del jefe de la defensa nacional, que en este caso es el contralmirante Yerco Marcic. Por otro lado digamos eso tambi\u00e9n significa que est\u00e1n limitadas las libertades personales y entre ellas naturalmente las manifestaciones. En segundo lugar, sobre la reuni\u00f3n propiamente tal, creo que fue una reuni\u00f3n muy provechosa que ten\u00edamos ya acordada desde la semana pasada, donde los transportistas escolares quer\u00edan hacerme entrega de una carta y al mismo tiempo tener la posibilidad de conversar algunas otras iniciativas en detalle en lo cual hemos podido avanzar. Nos hemos comprometido para ver algunas tareas puntuales que all\u00ed se plantearon y al mismo tiempo hemos tomado el acuerdo de mantener una mesa de trabajo de manera de ir naturalmente buscando iniciativas y alternativas que les puedan ayudar a ellos en esta dif\u00edcil situaci\u00f3n, en este dif\u00edcil momento por el que est\u00e1n pasando\u00bb,<\/em> indic\u00f3.<\/p>\n<p>Sobre las principales inquietudes presentadas por los transportistas escolares, \u00e9stas tienen que ver con que no han podido desarrollar su actividad y por lo mismo no est\u00e1n recibiendo ingresos: <em>\u00abTienen compromisos que cumplir, especialmente con los bancos, y en ese sentido estuvimos viendo ya los beneficios o medidas econ\u00f3micas que ya ha dado a conocer el gobierno, pero al mismo tiempo hay ciertas particularidades que hacen necesario el poder hacerse cargo y es en lo que nos hemos comprometido\u00bb,<\/em> finaliz\u00f3 el gobernador provincial de San Felipe Claudio Rodr\u00edguez Cataldo.<\/p>\n<p>&nbsp;<\/p>\n<figure id=\"attachment_98583\" aria-describedby=\"caption-attachment-98583\" style=\"width: 580px\" class=\"wp-caption alignnone\"><img data-recalc-dims=\"1\" loading=\"lazy\" decoding=\"async\" class=\"size-full wp-image-98583\" src=\"https:\/\/i0.wp.com\/www.eltrabajo.cl\/portal\/wp-content\/uploads\/2020\/05\/parte-Tios.jpg?resize=580%2C360\" alt=\"El momento en que Carabineros le cursa un parte a uno de los t\u00edos del transporte escolar.\" width=\"580\" height=\"360\" srcset=\"https:\/\/i0.wp.com\/eltrabajo.cl\/portal\/wp-content\/uploads\/2020\/05\/parte-Tios.jpg?w=580&amp;ssl=1 580w, https:\/\/i0.wp.com\/eltrabajo.cl\/portal\/wp-content\/uploads\/2020\/05\/parte-Tios.jpg?resize=300%2C186&amp;ssl=1 300w, https:\/\/i0.wp.com\/eltrabajo.cl\/portal\/wp-content\/uploads\/2020\/05\/parte-Tios.jpg?resize=200%2C124&amp;ssl=1 200w, https:\/\/i0.wp.com\/eltrabajo.cl\/portal\/wp-content\/uploads\/2020\/05\/parte-Tios.jpg?resize=150%2C93&amp;ssl=1 150w\" sizes=\"auto, (max-width: 580px) 100vw, 580px\" \/><figcaption id=\"caption-attachment-98583\" class=\"wp-caption-text\">El momento en que Carabineros le cursa un parte a uno de los t\u00edos del transporte escolar.<\/figcaption><\/figure>\n<p>&nbsp;<\/p>\n<figure id=\"attachment_98581\" aria-describedby=\"caption-attachment-98581\" style=\"width: 580px\" class=\"wp-caption alignnone\"><img data-recalc-dims=\"1\" loading=\"lazy\" decoding=\"async\" class=\"size-full wp-image-98581\" src=\"https:\/\/i0.wp.com\/www.eltrabajo.cl\/portal\/wp-content\/uploads\/2020\/05\/parte-Caravana.jpg?resize=580%2C360\" alt=\"La Caravana de furgones escolares detenida en calle Freire, frente al Colegio Santa Juana de Arco.\" width=\"580\" height=\"360\" srcset=\"https:\/\/i0.wp.com\/eltrabajo.cl\/portal\/wp-content\/uploads\/2020\/05\/parte-Caravana.jpg?w=580&amp;ssl=1 580w, https:\/\/i0.wp.com\/eltrabajo.cl\/portal\/wp-content\/uploads\/2020\/05\/parte-Caravana.jpg?resize=300%2C186&amp;ssl=1 300w, https:\/\/i0.wp.com\/eltrabajo.cl\/portal\/wp-content\/uploads\/2020\/05\/parte-Caravana.jpg?resize=200%2C124&amp;ssl=1 200w, https:\/\/i0.wp.com\/eltrabajo.cl\/portal\/wp-content\/uploads\/2020\/05\/parte-Caravana.jpg?resize=150%2C93&amp;ssl=1 150w\" sizes=\"auto, (max-width: 580px) 100vw, 580px\" \/><figcaption id=\"caption-attachment-98581\" class=\"wp-caption-text\">La Caravana de furgones escolares detenida en calle Freire, frente al Colegio Santa Juana de Arco.<\/figcaption><\/figure>\n<p>&nbsp;<\/p>\n<figure id=\"attachment_98582\" aria-describedby=\"caption-attachment-98582\" style=\"width: 580px\" class=\"wp-caption alignnone\"><img data-recalc-dims=\"1\" loading=\"lazy\" decoding=\"async\" class=\"size-full wp-image-98582\" src=\"https:\/\/i0.wp.com\/www.eltrabajo.cl\/portal\/wp-content\/uploads\/2020\/05\/parte-Reuni%C3%B3n.jpg?resize=580%2C359\" alt=\"El Gobernador Provincial Claudio Rodr\u00edguez Cataldo reunido con dirigentes del transporte escolar de San Felipe.\" width=\"580\" height=\"359\" srcset=\"https:\/\/i0.wp.com\/eltrabajo.cl\/portal\/wp-content\/uploads\/2020\/05\/parte-Reuni%C3%B3n.jpg?w=580&amp;ssl=1 580w, https:\/\/i0.wp.com\/eltrabajo.cl\/portal\/wp-content\/uploads\/2020\/05\/parte-Reuni%C3%B3n.jpg?resize=300%2C186&amp;ssl=1 300w, https:\/\/i0.wp.com\/eltrabajo.cl\/portal\/wp-content\/uploads\/2020\/05\/parte-Reuni%C3%B3n.jpg?resize=200%2C124&amp;ssl=1 200w, https:\/\/i0.wp.com\/eltrabajo.cl\/portal\/wp-content\/uploads\/2020\/05\/parte-Reuni%C3%B3n.jpg?resize=150%2C93&amp;ssl=1 150w\" sizes=\"auto, (max-width: 580px) 100vw, 580px\" \/><figcaption id=\"caption-attachment-98582\" class=\"wp-caption-text\">El Gobernador Provincial Claudio Rodr\u00edguez Cataldo reunido con dirigentes del transporte escolar de San Felipe.<\/figcaption><\/figure>\n<p>&nbsp;<\/p>\n","protected":false},"excerpt":{"rendered":"<p>Mal les fue a los transportistas escolares en su intenci\u00f3n de poder realizar una caravana por la ciudad de San Felipe para poder llamar la atenci\u00f3n de las autoridades por la dif\u00edcil&#8230;<\/p>\n","protected":false},"author":482,"featured_media":98583,"comment_status":"open","ping_status":"open","sticky":false,"template":"","format":"standard","meta":{"advanced_seo_description":"","jetpack_seo_html_title":"","jetpack_seo_noindex":false,"_jetpack_memberships_contains_paid_content":false,"footnotes":""},"categories":[103],"tags":[],"class_list":["post-98580","post","type-post","status-publish","format-standard","has-post-thumbnail","hentry","category-cronica-2"],"jetpack_featured_media_url":"https:\/\/i0.wp.com\/eltrabajo.cl\/portal\/wp-content\/uploads\/2020\/05\/parte-Tios.jpg?fit=580%2C360&ssl=1","jetpack_sharing_enabled":true,"jetpack_likes_enabled":true,"jetpack-related-posts":[],"_links":{"self":[{"href":"https:\/\/eltrabajo.cl\/portal\/wp-json\/wp\/v2\/posts\/98580","targetHints":{"allow":["GET"]}}],"collection":[{"href":"https:\/\/eltrabajo.cl\/portal\/wp-json\/wp\/v2\/posts"}],"about":[{"href":"https:\/\/eltrabajo.cl\/portal\/wp-json\/wp\/v2\/types\/post"}],"author":[{"embeddable":true,"href":"https:\/\/eltrabajo.cl\/portal\/wp-json\/wp\/v2\/users\/482"}],"replies":[{"embeddable":true,"href":"https:\/\/eltrabajo.cl\/portal\/wp-json\/wp\/v2\/comments?post=98580"}],"version-history":[{"count":0,"href":"https:\/\/eltrabajo.cl\/portal\/wp-json\/wp\/v2\/posts\/98580\/revisions"}],"wp:featuredmedia":[{"embeddable":true,"href":"https:\/\/eltrabajo.cl\/portal\/wp-json\/wp\/v2\/media\/98583"}],"wp:attachment":[{"href":"https:\/\/eltrabajo.cl\/portal\/wp-json\/wp\/v2\/media?parent=98580"}],"wp:term":[{"taxonomy":"category","embeddable":true,"href":"https:\/\/eltrabajo.cl\/portal\/wp-json\/wp\/v2\/categories?post=98580"},{"taxonomy":"post_tag","embeddable":true,"href":"https:\/\/eltrabajo.cl\/portal\/wp-json\/wp\/v2\/tags?post=98580"}],"curies":[{"name":"wp","href":"https:\/\/api.w.org\/{rel}","templated":true}]}}