{"id":98586,"date":"2020-05-05T11:42:58","date_gmt":"2020-05-05T15:42:58","guid":{"rendered":"http:\/\/www.eltrabajo.cl\/portal\/?p=98586"},"modified":"2020-05-05T11:42:58","modified_gmt":"2020-05-05T15:42:58","slug":"dueno-de-centrica-imprenta-muere-en-accidente-de-transito","status":"publish","type":"post","link":"https:\/\/eltrabajo.cl\/portal\/dueno-de-centrica-imprenta-muere-en-accidente-de-transito\/","title":{"rendered":"Due\u00f1o de c\u00e9ntrica imprenta muere en accidente de tr\u00e1nsito"},"content":{"rendered":"<p>Como <strong>Juan Francisco Salgado Zamora<\/strong> fue identificada la persona que muri\u00f3 atropellado este lunes en la noche en la avenida Diego de Almagro con Santo Domingo.<\/p>\n<p>Las circunstancias del hecho est\u00e1n siendo investigadas por la SIAT de Carabineros.<\/p>\n<p>El conductor involucrado fue detenido por su responsabilidad en el accidente. Se trata de un veh\u00edculo tipo Suv.<\/p>\n<p>La v\u00edctima era muy conocida en San Felipe por ser el due\u00f1o de la imprenta Aconcagua ubicada en calle Prat de San Felipe.<\/p>\n<p>El cuerpo del fallecido fue llevado a Valpara\u00edso para la autopsia correspondiente.<\/p>\n<p>Una vez que sea devuelto a San Felipe, sus restos ser\u00e1n velados en su casa.<\/p>\n<p>Mucho pesar caus\u00f3 est\u00e1 repentina muerte entre sus amistades, causando un profundo dolor a su familia.<\/p>\n<p>Hace unos meses hab\u00eda sido operado del coraz\u00f3n para instalarle un by pass.<\/p>\n<p>Salgado Zamora en su momento se hizo muy conocido y destacado por haber devuelto un malet\u00edn con 12 millones de pesos.<\/p>\n<p>&nbsp;<\/p>\n<figure id=\"attachment_98587\" aria-describedby=\"caption-attachment-98587\" style=\"width: 580px\" class=\"wp-caption alignnone\"><img data-recalc-dims=\"1\" loading=\"lazy\" decoding=\"async\" class=\"size-full wp-image-98587\" src=\"https:\/\/i0.wp.com\/www.eltrabajo.cl\/portal\/wp-content\/uploads\/2020\/05\/peaton-muere-atropellado-5.jpg?resize=580%2C359\" alt=\"La flecha indica el lugar donde qued\u00f3 el cuerpo del malogrado peat\u00f3n, un conocido vecino de San Felipe, propietario de imprenta Aconcagua y quien hace un tiempo se destac\u00f3 al devolver 12 millones de pesos que hab\u00eda encontrado.\" width=\"580\" height=\"359\" srcset=\"https:\/\/i0.wp.com\/eltrabajo.cl\/portal\/wp-content\/uploads\/2020\/05\/peaton-muere-atropellado-5.jpg?w=580&amp;ssl=1 580w, https:\/\/i0.wp.com\/eltrabajo.cl\/portal\/wp-content\/uploads\/2020\/05\/peaton-muere-atropellado-5.jpg?resize=300%2C186&amp;ssl=1 300w, https:\/\/i0.wp.com\/eltrabajo.cl\/portal\/wp-content\/uploads\/2020\/05\/peaton-muere-atropellado-5.jpg?resize=200%2C124&amp;ssl=1 200w, https:\/\/i0.wp.com\/eltrabajo.cl\/portal\/wp-content\/uploads\/2020\/05\/peaton-muere-atropellado-5.jpg?resize=150%2C93&amp;ssl=1 150w\" sizes=\"auto, (max-width: 580px) 100vw, 580px\" \/><figcaption id=\"caption-attachment-98587\" class=\"wp-caption-text\">La flecha indica el lugar donde qued\u00f3 el cuerpo del malogrado peat\u00f3n, un conocido vecino de San Felipe, propietario de imprenta Aconcagua y quien hace un tiempo se destac\u00f3 al devolver 12 millones de pesos que hab\u00eda encontrado.<\/figcaption><\/figure>\n<p>&nbsp;<\/p>\n<figure id=\"attachment_98588\" aria-describedby=\"caption-attachment-98588\" style=\"width: 580px\" class=\"wp-caption alignnone\"><img data-recalc-dims=\"1\" loading=\"lazy\" decoding=\"async\" class=\"size-full wp-image-98588\" src=\"https:\/\/i0.wp.com\/www.eltrabajo.cl\/portal\/wp-content\/uploads\/2020\/05\/peaton-muere-atropellado-1.jpg?resize=580%2C360\" alt=\"Juan Francisco Salgado Zamora (rodeado por c\u00edrculo) muri\u00f3 atropellado este lunes en la noche en la avenida Diego de Almagro con Santo Domingo.\" width=\"580\" height=\"360\" srcset=\"https:\/\/i0.wp.com\/eltrabajo.cl\/portal\/wp-content\/uploads\/2020\/05\/peaton-muere-atropellado-1.jpg?w=580&amp;ssl=1 580w, https:\/\/i0.wp.com\/eltrabajo.cl\/portal\/wp-content\/uploads\/2020\/05\/peaton-muere-atropellado-1.jpg?resize=300%2C186&amp;ssl=1 300w, https:\/\/i0.wp.com\/eltrabajo.cl\/portal\/wp-content\/uploads\/2020\/05\/peaton-muere-atropellado-1.jpg?resize=200%2C124&amp;ssl=1 200w, https:\/\/i0.wp.com\/eltrabajo.cl\/portal\/wp-content\/uploads\/2020\/05\/peaton-muere-atropellado-1.jpg?resize=150%2C93&amp;ssl=1 150w\" sizes=\"auto, (max-width: 580px) 100vw, 580px\" \/><figcaption id=\"caption-attachment-98588\" class=\"wp-caption-text\">Juan Francisco Salgado Zamora (rodeado por c\u00edrculo) muri\u00f3 atropellado este lunes en la noche en la avenida Diego de Almagro con Santo Domingo.<\/figcaption><\/figure>\n","protected":false},"excerpt":{"rendered":"<p>Como Juan Francisco Salgado Zamora fue identificada la persona que muri\u00f3 atropellado este lunes en la noche en la avenida Diego de Almagro con Santo Domingo. Las circunstancias del hecho est\u00e1n siendo&#8230;<\/p>\n","protected":false},"author":482,"featured_media":98588,"comment_status":"open","ping_status":"open","sticky":false,"template":"","format":"standard","meta":{"advanced_seo_description":"","jetpack_seo_html_title":"","jetpack_seo_noindex":false,"_jetpack_memberships_contains_paid_content":false,"footnotes":""},"categories":[21],"tags":[],"class_list":["post-98586","post","type-post","status-publish","format-standard","has-post-thumbnail","hentry","category-policial"],"jetpack_featured_media_url":"https:\/\/i0.wp.com\/eltrabajo.cl\/portal\/wp-content\/uploads\/2020\/05\/peaton-muere-atropellado-1.jpg?fit=580%2C360&ssl=1","jetpack_sharing_enabled":true,"jetpack_likes_enabled":true,"jetpack-related-posts":[],"_links":{"self":[{"href":"https:\/\/eltrabajo.cl\/portal\/wp-json\/wp\/v2\/posts\/98586","targetHints":{"allow":["GET"]}}],"collection":[{"href":"https:\/\/eltrabajo.cl\/portal\/wp-json\/wp\/v2\/posts"}],"about":[{"href":"https:\/\/eltrabajo.cl\/portal\/wp-json\/wp\/v2\/types\/post"}],"author":[{"embeddable":true,"href":"https:\/\/eltrabajo.cl\/portal\/wp-json\/wp\/v2\/users\/482"}],"replies":[{"embeddable":true,"href":"https:\/\/eltrabajo.cl\/portal\/wp-json\/wp\/v2\/comments?post=98586"}],"version-history":[{"count":0,"href":"https:\/\/eltrabajo.cl\/portal\/wp-json\/wp\/v2\/posts\/98586\/revisions"}],"wp:featuredmedia":[{"embeddable":true,"href":"https:\/\/eltrabajo.cl\/portal\/wp-json\/wp\/v2\/media\/98588"}],"wp:attachment":[{"href":"https:\/\/eltrabajo.cl\/portal\/wp-json\/wp\/v2\/media?parent=98586"}],"wp:term":[{"taxonomy":"category","embeddable":true,"href":"https:\/\/eltrabajo.cl\/portal\/wp-json\/wp\/v2\/categories?post=98586"},{"taxonomy":"post_tag","embeddable":true,"href":"https:\/\/eltrabajo.cl\/portal\/wp-json\/wp\/v2\/tags?post=98586"}],"curies":[{"name":"wp","href":"https:\/\/api.w.org\/{rel}","templated":true}]}}