{"id":98590,"date":"2020-05-05T20:17:14","date_gmt":"2020-05-06T00:17:14","guid":{"rendered":"http:\/\/www.eltrabajo.cl\/portal\/?p=98590"},"modified":"2020-05-05T20:17:14","modified_gmt":"2020-05-06T00:17:14","slug":"cerca-de-17-millones-de-pesos-se-invirtieron-en-mejorar-pasaje-alemania","status":"publish","type":"post","link":"https:\/\/eltrabajo.cl\/portal\/cerca-de-17-millones-de-pesos-se-invirtieron-en-mejorar-pasaje-alemania\/","title":{"rendered":"Cerca de 17 millones de pesos se invirtieron en mejorar pasaje Alemania"},"content":{"rendered":"<ul>\n<li><strong>Obra es parte del Programa de Pavimentos Participativos que se ejecut\u00f3 en la villa La Escuadra.<\/strong><\/li>\n<\/ul>\n<p>El alcalde Patricio Freire, junto a concejales, Serviu y dirigentes, visitaron el t\u00e9rmino de las obras del pasaje Alemania, en la villa La Escuadra, obra financiada a trav\u00e9s del vig\u00e9simo octavo llamado del Programa de Pavimentos Participativos, con una inversi\u00f3n que borde\u00f3 los 17 millones de pesos.<\/p>\n<p>Cabe indicar que esto se suma a otras obras proyectadas en esta \u00e1rea poblacional: el Centro cultural villa Argelia; el Centro de Integraci\u00f3n Comunitaria La Escuadra, que incorpora una multicancha, \u00e1reas verdes y una sede, y en este sentido, la Direcci\u00f3n de Obras coordinar\u00e1 e informar\u00e1 -esta semana- la fecha de entrega del terreno para su construcci\u00f3n; y por \u00faltimo el Centro Comunitario La Escuadra 2, que est\u00e1 a la espera de los recursos para licitar el proyecto.<\/p>\n<p>Asimismo se inform\u00f3 que se espera el inicio de obras de los pavimentos participativos adjudicados, para mejorar los pasajes Francia, Palestina y Arabia, que deben ejecutarse en el segundo semestre de este a\u00f1o.<\/p>\n<p>El alcalde <strong>Patricio Freire<\/strong>, durante la actividad, agradeci\u00f3 al Consejo Vecinal de Desarrollo La Escuadra Argelia, integrado por Eduardo Vargas, Carlos Castillo y Rodrigo Llanos, quienes trabajaron junto con el equipo \u2018Quiero mi Barrio\u2019, lo que permiti\u00f3 pavimentar este \u00faltimo pasaje. <em>\u00abCambiar la calidad de vida de los vecinos, eso es lo que nos importa, que se suma a otros proyectos que se van a adjudicar en los pr\u00f3ximos meses. Estamos contentos por estos avances y que todos los sectores obtengan el mismo progreso\u00bb,<\/em> sostuvo.<\/p>\n<p>Por su parte <strong>H\u00e9ctor Vargas<\/strong>, presidente de la Junta de Vecinos La Escuadra II, destac\u00f3 los avances que ha tenido este sector poblacional desde el 2016: <em>\u00abA la comunidad le ha cambiado la vida, solo agradecer a todo el municipio y a quienes nos dieron su apoyo para lograr estos avances\u00bb.<\/em><\/p>\n<p>La delegada provincial del Serviu, <strong>Patricia Boffa<\/strong>, valor\u00f3 lo que se ha logrado durante este tiempo en materia de pavimentos participativos; <em>\u00abprueba de ello es que en el \u00faltimo llamado se aprobaron todos los proyectos que present\u00f3 el municipio, lo que es tremendamente relevante para San Felipe\u00bb.<\/em><\/p>\n<p>&nbsp;<\/p>\n<figure id=\"attachment_98591\" aria-describedby=\"caption-attachment-98591\" style=\"width: 580px\" class=\"wp-caption alignnone\"><img data-recalc-dims=\"1\" loading=\"lazy\" decoding=\"async\" class=\"size-full wp-image-98591\" src=\"https:\/\/i0.wp.com\/www.eltrabajo.cl\/portal\/wp-content\/uploads\/2020\/05\/Pasaje-Alemania.jpg?resize=580%2C359\" alt=\"Alcalde Patricio Freire, concejales, Serviu y dirigentes, visitaron t\u00e9rmino de obras del pasaje Alemania, en villa La Escuadra.\" width=\"580\" height=\"359\" srcset=\"https:\/\/i0.wp.com\/eltrabajo.cl\/portal\/wp-content\/uploads\/2020\/05\/Pasaje-Alemania.jpg?w=580&amp;ssl=1 580w, https:\/\/i0.wp.com\/eltrabajo.cl\/portal\/wp-content\/uploads\/2020\/05\/Pasaje-Alemania.jpg?resize=300%2C186&amp;ssl=1 300w, https:\/\/i0.wp.com\/eltrabajo.cl\/portal\/wp-content\/uploads\/2020\/05\/Pasaje-Alemania.jpg?resize=200%2C124&amp;ssl=1 200w, https:\/\/i0.wp.com\/eltrabajo.cl\/portal\/wp-content\/uploads\/2020\/05\/Pasaje-Alemania.jpg?resize=150%2C93&amp;ssl=1 150w\" sizes=\"auto, (max-width: 580px) 100vw, 580px\" \/><figcaption id=\"caption-attachment-98591\" class=\"wp-caption-text\">Alcalde Patricio Freire, concejales, Serviu y dirigentes, visitaron t\u00e9rmino de obras del pasaje Alemania, en villa La Escuadra.<\/figcaption><\/figure>\n","protected":false},"excerpt":{"rendered":"<p>Obra es parte del Programa de Pavimentos Participativos que se ejecut\u00f3 en la villa La Escuadra. El alcalde Patricio Freire, junto a concejales, Serviu y dirigentes, visitaron el t\u00e9rmino de las obras&#8230;<\/p>\n","protected":false},"author":482,"featured_media":98591,"comment_status":"open","ping_status":"open","sticky":false,"template":"","format":"standard","meta":{"advanced_seo_description":"","jetpack_seo_html_title":"","jetpack_seo_noindex":false,"_jetpack_memberships_contains_paid_content":false,"footnotes":""},"categories":[103],"tags":[],"class_list":["post-98590","post","type-post","status-publish","format-standard","has-post-thumbnail","hentry","category-cronica-2"],"jetpack_featured_media_url":"https:\/\/i0.wp.com\/eltrabajo.cl\/portal\/wp-content\/uploads\/2020\/05\/Pasaje-Alemania.jpg?fit=580%2C359&ssl=1","jetpack_sharing_enabled":true,"jetpack_likes_enabled":true,"jetpack-related-posts":[],"_links":{"self":[{"href":"https:\/\/eltrabajo.cl\/portal\/wp-json\/wp\/v2\/posts\/98590","targetHints":{"allow":["GET"]}}],"collection":[{"href":"https:\/\/eltrabajo.cl\/portal\/wp-json\/wp\/v2\/posts"}],"about":[{"href":"https:\/\/eltrabajo.cl\/portal\/wp-json\/wp\/v2\/types\/post"}],"author":[{"embeddable":true,"href":"https:\/\/eltrabajo.cl\/portal\/wp-json\/wp\/v2\/users\/482"}],"replies":[{"embeddable":true,"href":"https:\/\/eltrabajo.cl\/portal\/wp-json\/wp\/v2\/comments?post=98590"}],"version-history":[{"count":0,"href":"https:\/\/eltrabajo.cl\/portal\/wp-json\/wp\/v2\/posts\/98590\/revisions"}],"wp:featuredmedia":[{"embeddable":true,"href":"https:\/\/eltrabajo.cl\/portal\/wp-json\/wp\/v2\/media\/98591"}],"wp:attachment":[{"href":"https:\/\/eltrabajo.cl\/portal\/wp-json\/wp\/v2\/media?parent=98590"}],"wp:term":[{"taxonomy":"category","embeddable":true,"href":"https:\/\/eltrabajo.cl\/portal\/wp-json\/wp\/v2\/categories?post=98590"},{"taxonomy":"post_tag","embeddable":true,"href":"https:\/\/eltrabajo.cl\/portal\/wp-json\/wp\/v2\/tags?post=98590"}],"curies":[{"name":"wp","href":"https:\/\/api.w.org\/{rel}","templated":true}]}}