{"id":98598,"date":"2020-05-05T20:21:29","date_gmt":"2020-05-06T00:21:29","guid":{"rendered":"http:\/\/www.eltrabajo.cl\/portal\/?p=98598"},"modified":"2020-05-05T20:21:48","modified_gmt":"2020-05-06T00:21:48","slug":"comienza-licitacion-para-ampliacion-a-cuatro-pistas-de-avenida-michimalongo","status":"publish","type":"post","link":"https:\/\/eltrabajo.cl\/portal\/comienza-licitacion-para-ampliacion-a-cuatro-pistas-de-avenida-michimalongo\/","title":{"rendered":"Comienza licitaci\u00f3n para ampliaci\u00f3n a cuatro pistas de Avda. Michimalongo"},"content":{"rendered":"<p><span style=\"color: #c81400;\"><strong>Anunciaron Municipio y Serviu:<\/strong><\/span><\/p>\n<ul>\n<li><strong>Informaci\u00f3n se entreg\u00f3 durante visita encabezada por alcalde Freire al proyecto de Hermanos Carrera Noriente. Tambi\u00e9n se adelant\u00f3 dos nuevas semaforizaciones en las intersecciones de Yungay y Abraham Ahumada.<\/strong><\/li>\n<\/ul>\n<p>El alcalde Patricio Freire, acompa\u00f1ado por la delegada del Serviu, Patricia Boffa, y el concejal Mario Villanueva, encabez\u00f3 una visita t\u00e9cnica para conocer los avances del proyecto Hermanos Carrera Noriente, lo que conectar\u00e1 desde Avenida Miraflores hasta la calle Luis Gajardo Guerrero, atravesando nodos importantes de conexi\u00f3n vial: Abraham Ahumada y Yungay.<\/p>\n<p>En la ocasi\u00f3n se adelant\u00f3 que el Serviu incorpor\u00f3 al proyecto la instalaci\u00f3n de dos semaforizaciones nuevas, entendiendo que esta avenida descongestionar\u00e1 Chacabuco y Miraflores, por lo que tendr\u00e1 una demanda que crecer\u00e1 con el tiempo.<\/p>\n<p>Adem\u00e1s, se anunci\u00f3 que ya est\u00e1 en licitaci\u00f3n el proyecto de ampliaci\u00f3n de la Avenida Michimalongo, arteria que pasar\u00e1 de dos a cuatro pistas.<\/p>\n<p>El alcalde <strong>Patricio Freire<\/strong> destac\u00f3 la importancia que tiene esta obra para la comuna: <em>\u00abHoy se est\u00e1 trabajando en las conexiones con Yungay y Guillermo Echeverria, mientras se avanza en la pavimentaci\u00f3n entre Abraham Ahumada y Luis Gajardo Guerrero. Esto significa un adelanto importante que mejorar\u00e1 la conectividad vial de San Felipe y que permitir\u00e1 incorporarse con la ampliaci\u00f3n de Michimalongo, lo que demuestra el avance que hemos materializado estos a\u00f1os\u00bb,<\/em> coment\u00f3.<\/p>\n<p>La delegada provincial del Serviu, <strong>Patricia Boffa<\/strong>, record\u00f3 que se ha puesto un \u00e9nfasis en proyectos que hab\u00edan esperado mucho tiempo para su ejecuci\u00f3n; <em>\u00abhoy son una realidad y esperamos seguir en esa l\u00ednea\u00bb.<\/em><\/p>\n<p>&nbsp;<\/p>\n<figure id=\"attachment_98599\" aria-describedby=\"caption-attachment-98599\" style=\"width: 580px\" class=\"wp-caption alignnone\"><img data-recalc-dims=\"1\" loading=\"lazy\" decoding=\"async\" class=\"size-full wp-image-98599\" src=\"https:\/\/i0.wp.com\/www.eltrabajo.cl\/portal\/wp-content\/uploads\/2020\/05\/Hermanos-Carrera.jpg?resize=580%2C359\" alt=\"Una visita t\u00e9cnica para conocer los avances del proyecto Hermanos Carrera Noriente, que conectar\u00e1 Miraflores con calle Luis Gajardo Guerrero, realizaron el alcalde Patricio Freire junto a la delegada del Serviu, Patricia Boffa, y el concejal Mario Villanueva.\" width=\"580\" height=\"359\" srcset=\"https:\/\/i0.wp.com\/eltrabajo.cl\/portal\/wp-content\/uploads\/2020\/05\/Hermanos-Carrera.jpg?w=580&amp;ssl=1 580w, https:\/\/i0.wp.com\/eltrabajo.cl\/portal\/wp-content\/uploads\/2020\/05\/Hermanos-Carrera.jpg?resize=300%2C186&amp;ssl=1 300w, https:\/\/i0.wp.com\/eltrabajo.cl\/portal\/wp-content\/uploads\/2020\/05\/Hermanos-Carrera.jpg?resize=200%2C124&amp;ssl=1 200w, https:\/\/i0.wp.com\/eltrabajo.cl\/portal\/wp-content\/uploads\/2020\/05\/Hermanos-Carrera.jpg?resize=150%2C93&amp;ssl=1 150w\" sizes=\"auto, (max-width: 580px) 100vw, 580px\" \/><figcaption id=\"caption-attachment-98599\" class=\"wp-caption-text\">Una visita t\u00e9cnica para conocer los avances del proyecto Hermanos Carrera Noriente, que conectar\u00e1 Miraflores con calle Luis Gajardo Guerrero, realizaron el alcalde Patricio Freire junto a la delegada del Serviu, Patricia Boffa, y el concejal Mario Villanueva.<\/figcaption><\/figure>\n","protected":false},"excerpt":{"rendered":"<p>Anunciaron Municipio y Serviu: Informaci\u00f3n se entreg\u00f3 durante visita encabezada por alcalde Freire al proyecto de Hermanos Carrera Noriente. Tambi\u00e9n se adelant\u00f3 dos nuevas semaforizaciones en las intersecciones de Yungay y Abraham&#8230;<\/p>\n","protected":false},"author":482,"featured_media":98599,"comment_status":"open","ping_status":"open","sticky":false,"template":"","format":"standard","meta":{"advanced_seo_description":"","jetpack_seo_html_title":"","jetpack_seo_noindex":false,"_jetpack_memberships_contains_paid_content":false,"footnotes":""},"categories":[103],"tags":[],"class_list":["post-98598","post","type-post","status-publish","format-standard","has-post-thumbnail","hentry","category-cronica-2"],"jetpack_featured_media_url":"https:\/\/i0.wp.com\/eltrabajo.cl\/portal\/wp-content\/uploads\/2020\/05\/Hermanos-Carrera.jpg?fit=580%2C359&ssl=1","jetpack_sharing_enabled":true,"jetpack_likes_enabled":true,"jetpack-related-posts":[],"_links":{"self":[{"href":"https:\/\/eltrabajo.cl\/portal\/wp-json\/wp\/v2\/posts\/98598","targetHints":{"allow":["GET"]}}],"collection":[{"href":"https:\/\/eltrabajo.cl\/portal\/wp-json\/wp\/v2\/posts"}],"about":[{"href":"https:\/\/eltrabajo.cl\/portal\/wp-json\/wp\/v2\/types\/post"}],"author":[{"embeddable":true,"href":"https:\/\/eltrabajo.cl\/portal\/wp-json\/wp\/v2\/users\/482"}],"replies":[{"embeddable":true,"href":"https:\/\/eltrabajo.cl\/portal\/wp-json\/wp\/v2\/comments?post=98598"}],"version-history":[{"count":0,"href":"https:\/\/eltrabajo.cl\/portal\/wp-json\/wp\/v2\/posts\/98598\/revisions"}],"wp:featuredmedia":[{"embeddable":true,"href":"https:\/\/eltrabajo.cl\/portal\/wp-json\/wp\/v2\/media\/98599"}],"wp:attachment":[{"href":"https:\/\/eltrabajo.cl\/portal\/wp-json\/wp\/v2\/media?parent=98598"}],"wp:term":[{"taxonomy":"category","embeddable":true,"href":"https:\/\/eltrabajo.cl\/portal\/wp-json\/wp\/v2\/categories?post=98598"},{"taxonomy":"post_tag","embeddable":true,"href":"https:\/\/eltrabajo.cl\/portal\/wp-json\/wp\/v2\/tags?post=98598"}],"curies":[{"name":"wp","href":"https:\/\/api.w.org\/{rel}","templated":true}]}}