{"id":98602,"date":"2020-05-06T05:03:19","date_gmt":"2020-05-06T09:03:19","guid":{"rendered":"http:\/\/www.eltrabajo.cl\/portal\/?p=98602"},"modified":"2020-05-05T20:57:04","modified_gmt":"2020-05-06T00:57:04","slug":"discapacitado-asegura-que-familiar-le-dio-paliza-y-busco-ayuda-en-el-municipio","status":"publish","type":"post","link":"https:\/\/eltrabajo.cl\/portal\/discapacitado-asegura-que-familiar-le-dio-paliza-y-busco-ayuda-en-el-municipio\/","title":{"rendered":"Discapacitado asegura que familiar le dio paliza y busc\u00f3 ayuda en el Municipio"},"content":{"rendered":"<p>Llorando y visiblemente afectado, adem\u00e1s de not\u00e1rsele importantes hematomas en su cara, as\u00ed se present\u00f3 la ma\u00f1ana de ayer martes en la entrada principal del municipio sanfelipe\u00f1o, el joven de 26 a\u00f1os de edad, <strong>Sebasti\u00e1n Lazo Lazo<\/strong>, quien asegur\u00f3 a <strong>Diario El Trabajo<\/strong> haber sido v\u00edctima de un familiar suyo.<\/p>\n<p>Seg\u00fan el afectado, \u00e9l vive en Poblaci\u00f3n 21 de Mayo y su abuela le cuida y tambi\u00e9n un t\u00edo suyo. Indic\u00f3 tambi\u00e9n que la convivencia no es la mejor, que ya no quiere vivir con ellos pues regularmente recibe golpes, por lo que decidi\u00f3 solicitar al Municipio alguna soluci\u00f3n a su problema. Minutos despu\u00e9s varios carabineros llegaron el lugar para atender el llamado del joven.<\/p>\n<p>Sebasti\u00e1n al parecer es usuario de la Oficina Municipal de la Discapacidad, con la que nos comunicamos para saber si le pueden ayudar con esta situaci\u00f3n. Al cierre de nuestra edici\u00f3n no pudimos confirmar con plena certeza la versi\u00f3n del joven en relaci\u00f3n a sus golpes en la cara, pero s\u00ed obtuvimos una r\u00e1pida respuesta de <strong>Maritza Vargas<\/strong>, quien a pesar de estar laborando desde su casa, coordin\u00f3 con la Oficina de Discapacidad.<\/p>\n<p>\u00ab<em>Estamos trabajando en turnos \u00e9ticos, por lo tanto hoy estoy en casa trabajando, mi compa\u00f1era me confirma que est\u00e1n viendo el caso, se me informa por parte de la coordinadora que el Municipio y la Oficina de la Discapacidad deriv\u00f3 al joven al Cosam, en donde ya se est\u00e1n haciendo cargo en lo referente a su patolog\u00eda<\/em>\u00bb, indic\u00f3 Vargas.<\/p>\n<p>&nbsp;<\/p>\n<figure id=\"attachment_98603\" aria-describedby=\"caption-attachment-98603\" style=\"width: 580px\" class=\"wp-caption alignnone\"><img data-recalc-dims=\"1\" loading=\"lazy\" decoding=\"async\" class=\"size-full wp-image-98603\" src=\"https:\/\/i0.wp.com\/www.eltrabajo.cl\/portal\/wp-content\/uploads\/2020\/05\/Golpeado_Sebastian-Lazo-Lazo.jpg?resize=580%2C359\" alt=\"As\u00ed luc\u00eda ayer el rostro de Sebasti\u00e1n, lo que ya est\u00e1 siendo investigado por el Cosam San Felipe.\" width=\"580\" height=\"359\" srcset=\"https:\/\/i0.wp.com\/eltrabajo.cl\/portal\/wp-content\/uploads\/2020\/05\/Golpeado_Sebastian-Lazo-Lazo.jpg?w=580&amp;ssl=1 580w, https:\/\/i0.wp.com\/eltrabajo.cl\/portal\/wp-content\/uploads\/2020\/05\/Golpeado_Sebastian-Lazo-Lazo.jpg?resize=300%2C186&amp;ssl=1 300w, https:\/\/i0.wp.com\/eltrabajo.cl\/portal\/wp-content\/uploads\/2020\/05\/Golpeado_Sebastian-Lazo-Lazo.jpg?resize=200%2C124&amp;ssl=1 200w, https:\/\/i0.wp.com\/eltrabajo.cl\/portal\/wp-content\/uploads\/2020\/05\/Golpeado_Sebastian-Lazo-Lazo.jpg?resize=150%2C93&amp;ssl=1 150w\" sizes=\"auto, (max-width: 580px) 100vw, 580px\" \/><figcaption id=\"caption-attachment-98603\" class=\"wp-caption-text\">As\u00ed luc\u00eda ayer el rostro de Sebasti\u00e1n, lo que ya est\u00e1 siendo investigado por el Cosam San Felipe.<\/figcaption><\/figure>\n","protected":false},"excerpt":{"rendered":"<p>Llorando y visiblemente afectado, adem\u00e1s de not\u00e1rsele importantes hematomas en su cara, as\u00ed se present\u00f3 la ma\u00f1ana de ayer martes en la entrada principal del municipio sanfelipe\u00f1o, el joven de 26 a\u00f1os&#8230;<\/p>\n","protected":false},"author":482,"featured_media":98603,"comment_status":"open","ping_status":"open","sticky":false,"template":"","format":"standard","meta":{"advanced_seo_description":"","jetpack_seo_html_title":"","jetpack_seo_noindex":false,"_jetpack_memberships_contains_paid_content":false,"footnotes":""},"categories":[15],"tags":[],"class_list":["post-98602","post","type-post","status-publish","format-standard","has-post-thumbnail","hentry","category-comunidad"],"jetpack_featured_media_url":"https:\/\/i0.wp.com\/eltrabajo.cl\/portal\/wp-content\/uploads\/2020\/05\/Golpeado_Sebastian-Lazo-Lazo.jpg?fit=580%2C359&ssl=1","jetpack_sharing_enabled":true,"jetpack_likes_enabled":true,"jetpack-related-posts":[],"_links":{"self":[{"href":"https:\/\/eltrabajo.cl\/portal\/wp-json\/wp\/v2\/posts\/98602","targetHints":{"allow":["GET"]}}],"collection":[{"href":"https:\/\/eltrabajo.cl\/portal\/wp-json\/wp\/v2\/posts"}],"about":[{"href":"https:\/\/eltrabajo.cl\/portal\/wp-json\/wp\/v2\/types\/post"}],"author":[{"embeddable":true,"href":"https:\/\/eltrabajo.cl\/portal\/wp-json\/wp\/v2\/users\/482"}],"replies":[{"embeddable":true,"href":"https:\/\/eltrabajo.cl\/portal\/wp-json\/wp\/v2\/comments?post=98602"}],"version-history":[{"count":0,"href":"https:\/\/eltrabajo.cl\/portal\/wp-json\/wp\/v2\/posts\/98602\/revisions"}],"wp:featuredmedia":[{"embeddable":true,"href":"https:\/\/eltrabajo.cl\/portal\/wp-json\/wp\/v2\/media\/98603"}],"wp:attachment":[{"href":"https:\/\/eltrabajo.cl\/portal\/wp-json\/wp\/v2\/media?parent=98602"}],"wp:term":[{"taxonomy":"category","embeddable":true,"href":"https:\/\/eltrabajo.cl\/portal\/wp-json\/wp\/v2\/categories?post=98602"},{"taxonomy":"post_tag","embeddable":true,"href":"https:\/\/eltrabajo.cl\/portal\/wp-json\/wp\/v2\/tags?post=98602"}],"curies":[{"name":"wp","href":"https:\/\/api.w.org\/{rel}","templated":true}]}}