{"id":98605,"date":"2020-05-05T20:36:06","date_gmt":"2020-05-06T00:36:06","guid":{"rendered":"http:\/\/www.eltrabajo.cl\/portal\/?p=98605"},"modified":"2020-05-05T20:38:44","modified_gmt":"2020-05-06T00:38:44","slug":"taxis-colectivos-paralizaran-manana-pidiendo-sueldo-minimo-de-350-000","status":"publish","type":"post","link":"https:\/\/eltrabajo.cl\/portal\/taxis-colectivos-paralizaran-manana-pidiendo-sueldo-minimo-de-350-000\/","title":{"rendered":"Taxis colectivos paralizar\u00e1n ma\u00f1ana pidiendo sueldo m\u00ednimo de $350.000"},"content":{"rendered":"<p><span style=\"color: #c81400;\"><strong>Critican falta de ayuda del Gobierno ante la pandemia:<\/strong><\/span><\/p>\n<p>La Confederaci\u00f3n Nacional de Taxis Colectivos de Chile ha llamado\u00a0 a sus bases a paro nacional para ma\u00f1ana mi\u00e9rcoles 06 de mayo. En San Felipe los taxis colectivos paralizar\u00e1n desde las 06:00 hasta las 12:00 horas.<\/p>\n<p>El Consejo Superior de Taxis Colectivos de San Felipe, que forma parte de esta Confederaci\u00f3n, se une a este llamado y suspender\u00e1 sus servicios de transporte de pasajeros por la ma\u00f1ana de este mi\u00e9rcoles hasta las 12.00 horas.<\/p>\n<p>\u00ab<em>El motivo de esta manifestaci\u00f3n obedece a que a la fecha no existe se\u00f1al alguna de parte del gobierno en concretar alg\u00fan beneficio econ\u00f3mico como los que se han otorgado a las grandes empresas y sectores m\u00e1s vulnerables de nuestro pa\u00eds\u00bb,<\/em> dijo <strong>Manuel Carvallo<\/strong>, presidente del Consejo Superior de Taxis Colectivos de San Felipe.<\/p>\n<p>Reiter\u00f3 que ma\u00f1ana mi\u00e9rcoles desde las 06:00 hasta las 12:00 horas no habr\u00e1 locomoci\u00f3n de taxis colectivos.<\/p>\n<p>&nbsp;<\/p>\n<figure id=\"attachment_98606\" aria-describedby=\"caption-attachment-98606\" style=\"width: 580px\" class=\"wp-caption alignnone\"><img data-recalc-dims=\"1\" loading=\"lazy\" decoding=\"async\" class=\"size-full wp-image-98606\" src=\"https:\/\/i0.wp.com\/www.eltrabajo.cl\/portal\/wp-content\/uploads\/2020\/05\/Burbujitas3.jpg?resize=580%2C360\" alt=\"Los conductores de taxis colectivos tambi\u00e9n se han visto afectados por la baja en el transporte de pasajeros debido a la pandemia. (Archivo).\" width=\"580\" height=\"360\" srcset=\"https:\/\/i0.wp.com\/eltrabajo.cl\/portal\/wp-content\/uploads\/2020\/05\/Burbujitas3.jpg?w=580&amp;ssl=1 580w, https:\/\/i0.wp.com\/eltrabajo.cl\/portal\/wp-content\/uploads\/2020\/05\/Burbujitas3.jpg?resize=300%2C186&amp;ssl=1 300w, https:\/\/i0.wp.com\/eltrabajo.cl\/portal\/wp-content\/uploads\/2020\/05\/Burbujitas3.jpg?resize=200%2C124&amp;ssl=1 200w, https:\/\/i0.wp.com\/eltrabajo.cl\/portal\/wp-content\/uploads\/2020\/05\/Burbujitas3.jpg?resize=150%2C93&amp;ssl=1 150w\" sizes=\"auto, (max-width: 580px) 100vw, 580px\" \/><figcaption id=\"caption-attachment-98606\" class=\"wp-caption-text\">Los conductores de taxis colectivos tambi\u00e9n se han visto afectados por la baja en el transporte de pasajeros debido a la pandemia. (Archivo).<\/figcaption><\/figure>\n","protected":false},"excerpt":{"rendered":"<p>Critican falta de ayuda del Gobierno ante la pandemia: La Confederaci\u00f3n Nacional de Taxis Colectivos de Chile ha llamado\u00a0 a sus bases a paro nacional para ma\u00f1ana mi\u00e9rcoles 06 de mayo. En&#8230;<\/p>\n","protected":false},"author":482,"featured_media":98606,"comment_status":"open","ping_status":"open","sticky":false,"template":"","format":"standard","meta":{"advanced_seo_description":"","jetpack_seo_html_title":"","jetpack_seo_noindex":false,"_jetpack_memberships_contains_paid_content":false,"footnotes":""},"categories":[103],"tags":[],"class_list":["post-98605","post","type-post","status-publish","format-standard","has-post-thumbnail","hentry","category-cronica-2"],"jetpack_featured_media_url":"https:\/\/i0.wp.com\/eltrabajo.cl\/portal\/wp-content\/uploads\/2020\/05\/Burbujitas3.jpg?fit=580%2C360&ssl=1","jetpack_sharing_enabled":true,"jetpack_likes_enabled":true,"jetpack-related-posts":[],"_links":{"self":[{"href":"https:\/\/eltrabajo.cl\/portal\/wp-json\/wp\/v2\/posts\/98605","targetHints":{"allow":["GET"]}}],"collection":[{"href":"https:\/\/eltrabajo.cl\/portal\/wp-json\/wp\/v2\/posts"}],"about":[{"href":"https:\/\/eltrabajo.cl\/portal\/wp-json\/wp\/v2\/types\/post"}],"author":[{"embeddable":true,"href":"https:\/\/eltrabajo.cl\/portal\/wp-json\/wp\/v2\/users\/482"}],"replies":[{"embeddable":true,"href":"https:\/\/eltrabajo.cl\/portal\/wp-json\/wp\/v2\/comments?post=98605"}],"version-history":[{"count":0,"href":"https:\/\/eltrabajo.cl\/portal\/wp-json\/wp\/v2\/posts\/98605\/revisions"}],"wp:featuredmedia":[{"embeddable":true,"href":"https:\/\/eltrabajo.cl\/portal\/wp-json\/wp\/v2\/media\/98606"}],"wp:attachment":[{"href":"https:\/\/eltrabajo.cl\/portal\/wp-json\/wp\/v2\/media?parent=98605"}],"wp:term":[{"taxonomy":"category","embeddable":true,"href":"https:\/\/eltrabajo.cl\/portal\/wp-json\/wp\/v2\/categories?post=98605"},{"taxonomy":"post_tag","embeddable":true,"href":"https:\/\/eltrabajo.cl\/portal\/wp-json\/wp\/v2\/tags?post=98605"}],"curies":[{"name":"wp","href":"https:\/\/api.w.org\/{rel}","templated":true}]}}