{"id":98611,"date":"2020-05-06T05:05:08","date_gmt":"2020-05-06T09:05:08","guid":{"rendered":"http:\/\/www.eltrabajo.cl\/portal\/?p=98611"},"modified":"2020-05-05T20:55:54","modified_gmt":"2020-05-06T00:55:54","slug":"impacta-muerte-de-dueno-de-conocida-imprenta-atropellado-al-cruzar-la-calle","status":"publish","type":"post","link":"https:\/\/eltrabajo.cl\/portal\/impacta-muerte-de-dueno-de-conocida-imprenta-atropellado-al-cruzar-la-calle\/","title":{"rendered":"Impacta muerte de due\u00f1o de conocida imprenta, atropellado al cruzar la calle"},"content":{"rendered":"<p><span style=\"color: #c81400;\"><strong>Familia exige justicia pero Fiscal de Turno libera a conductor:<\/strong><\/span><\/p>\n<p>Hondo pesar viven los amigos y familiares de <strong>Juan Francisco Salgado Zamora<\/strong> (47), luego que este conocido empresario sanfelipe\u00f1o, due\u00f1o de Imprenta Aconcagua de calle Prat, falleciera violentamente atropellado por un autom\u00f3vil conducido por un sujeto que se desplazaba a gran velocidad la noche de este lunes en las inmediaciones de Avenida Diego de Almagro y calle Santo Domingo. La muerte de <strong>\u2018Tata Juanchito\u2019<\/strong> como era conocido cari\u00f1osamente la v\u00edctima, fue inmediata, mientras que el causante de la desgracia qued\u00f3 en libertad a la espera de ser contactado por la Fiscal\u00eda.<\/p>\n<p>&nbsp;<\/p>\n<p><span style=\"color: #c81400;\"><strong>FAMILIA DEVASTADA<\/strong><\/span><\/p>\n<p><strong>Diario El Trabajo<\/strong> habl\u00f3 con la ahora viuda de Salgado, <strong>Silvia Gustavo Gonz\u00e1lez<\/strong>, quien visiblemente devastada sac\u00f3 fuerzas para conversar con nuestro medio y comentarnos que <em>\u00abpor lo que yo tengo entendido por el Parte policial, mi esposo fue atropellado; \u00e9l iba caminando en direcci\u00f3n de Santo Domingo a Diego de Almagro, cuando \u00e9l est\u00e1 cruzando la calle porque un conductor se detuvo para darle el paso, en ese momento ven\u00eda a alta velocidad pues fue un choque de alta energ\u00eda, que al atropellarlo lo expuls\u00f3 a varios metros, por lo que nosotros pudimos calcular que el conductor viniera a 40kph., los vecinos nos informaron que el conductor iba arriba de 100kph. En una v\u00eda en la que no se puede andar por sobre los 50kph. Eso es lo que sabemos, que a \u00e9l le dieron el derecho a pasar y en ese momento fue atropellado, de esto hay varios testigos, se est\u00e1 viendo el tema de las c\u00e1maras, de los v\u00eddeos, para que se haga justicia pues todos sabemos que \u00e9l era muy buena persona, que esto no quede impune. Entiendo tambi\u00e9n que el veh\u00edculo transitaba sin documentaci\u00f3n al d\u00eda y el conductor tampoco tiene licencia de conducir. Adem\u00e1s, m\u00e1s que nada, yo lo encuentro como una falta de respeto a nosotros como familia, este conductor sali\u00f3 a matar, sali\u00f3 a matar porque si uno anda a 100kph. en una calle donde se pueden atravesar ni\u00f1os. Al fin y al cabo el tipo estuvo desde que ocurri\u00f3 el hecho hasta las 10 de la noche y despu\u00e9s qued\u00f3 libre<\/em>\u00bb, dijo Gustavo a <strong>Diario El Trabajo<\/strong>.<\/p>\n<p>&nbsp;<\/p>\n<p><span style=\"color: #c81400;\"><strong>VERSI\u00d3N DE CARABINEROS<\/strong><\/span><\/p>\n<p><strong>Diario El Trabajo<\/strong> habl\u00f3 tambi\u00e9n con el capit\u00e1n de Carabineros <strong>Franco Herrera<\/strong>, que v\u00eda telef\u00f3nica nos indic\u00f3 que <em>\u00aba eso de las 7:30 horas de la tarde de este lunes se constituy\u00f3 en el sector Avenida Diego de Almagro con Santo Domingo, en donde un peat\u00f3n fue atropellado y muerto en el lugar por quien conduc\u00eda un veh\u00edculo con sus documentos atrasados desde 2018. El mismo conductor no portaba su licencia, aunque s\u00ed aparece con licencia de conducir en el Registro correspondiente. Informaci\u00f3n que maneja Carabineros, pero que no es definitiva para efectos de formular un completo relato de los hechos, nos indican que al parecer el peat\u00f3n intent\u00f3 cruzar repentinamente la v\u00eda en una zona no habilitada para ello, gener\u00e1ndose as\u00ed el atropello. Muy importante destacar que ser\u00e1 la SIAT de Carabineros la que en su informe final establecer\u00e1 la veracidad de estas versiones del accidente. El detenido fue dejado en libertad por el Fiscal de Turno la misma noche del lunes<\/em>\u00bb, dijo Herrera.<\/p>\n<p>&nbsp;<\/p>\n<p><span style=\"color: #c81400;\"><strong>PROBADA HONRADEZ<\/strong><\/span><\/p>\n<p>Efectivamente, Juan Francisco Salgado, m\u00e1s all\u00e1 de ser un orgulloso empresario due\u00f1o de su propia imprenta, fue conocido a nivel nacional hace algunos a\u00f1os cuando se encontr\u00f3 un peque\u00f1o malet\u00edn con 12 millones de pesos en su interior, no dudando en ubicar a su due\u00f1o y devolverle todo el dinero y documentos, lo que atrajo el inter\u00e9s de la prensa a nivel de los principales medios del pa\u00eds y tambi\u00e9n de Diario El Trabajo.<\/p>\n<p>Nuestro medio tambi\u00e9n habl\u00f3 con su \u00fanica hija, <strong>Estefan\u00eda<\/strong>, quien coment\u00f3 que <em>\u00ab\u00e9l, aunque no era mi pap\u00e1 biol\u00f3gico, s\u00ed me dio la crianza y lo amo como el padre que fue para m\u00ed. Para \u00e9l desde chica siempre fuimos mam\u00e1 y yo, y ahora que su nieto Benjam\u00edn naci\u00f3, \u00e9ramos todo para \u00e9l. Siempre fue solidario y excelente persona que ayudaba a los dem\u00e1s en causas sociales<\/em>\u00bb, dijo la joven.<\/p>\n<p>&nbsp;<\/p>\n<p><span style=\"color: #c81400;\"><strong>TODOS EN ESPERA<\/strong><\/span><\/p>\n<p>El auto involucrado es una Suv Hyunday modelo Santa Fe, color azul, placa patente <strong>QZ HD 35<\/strong>, con toda su documentaci\u00f3n vencida, el que era conducido por<strong> Bairon Silva Rocha<\/strong>.<\/p>\n<p>El cuerpo de Juan Francisco fue llevado a Valpara\u00edso para la autopsia correspondiente. Hasta el cierre de nuestra edici\u00f3n no hab\u00eda sido entregado para su velatorio.<\/p>\n<p>Seg\u00fan inform\u00f3 la familia, sus funerales ser\u00e1n en su casa de habitaci\u00f3n en Poblaci\u00f3n Pedro de Valdivia 2, y sus restos ser\u00e1n sepultados en el Cementerio Parque Almendral, en La Troya. La familia dispuso el n\u00famero <strong>+56 9 6210 1751<\/strong> para informaci\u00f3n de sus clientes, pues a\u00fan no determinan cu\u00e1ntos d\u00edas guardar\u00e1n de luto.<\/p>\n<p>Todos quienes laboramos en <strong>Diario El Trabajo<\/strong> hoy nos unimos tambi\u00e9n al sentimiento de P\u00e9rdida y Dolor de la Familia Salgado Gustavo. Descanse en Paz querido \u2018Tata Juanchito\u2019, todos lo recordar\u00e1n como un ciudadano ejemplar.<\/p>\n<p><strong>Roberto Gonz\u00e1lez Short<\/strong><\/p>\n<p>&nbsp;<\/p>\n<figure id=\"attachment_98612\" aria-describedby=\"caption-attachment-98612\" style=\"width: 580px\" class=\"wp-caption alignnone\"><img data-recalc-dims=\"1\" loading=\"lazy\" decoding=\"async\" class=\"size-full wp-image-98612\" src=\"https:\/\/i0.wp.com\/www.eltrabajo.cl\/portal\/wp-content\/uploads\/2020\/05\/Atropellado.jpg?resize=580%2C359\" alt=\"La muerte de Juan Francisco Salgado fue instant\u00e1nea.\" width=\"580\" height=\"359\" srcset=\"https:\/\/i0.wp.com\/eltrabajo.cl\/portal\/wp-content\/uploads\/2020\/05\/Atropellado.jpg?w=580&amp;ssl=1 580w, https:\/\/i0.wp.com\/eltrabajo.cl\/portal\/wp-content\/uploads\/2020\/05\/Atropellado.jpg?resize=300%2C186&amp;ssl=1 300w, https:\/\/i0.wp.com\/eltrabajo.cl\/portal\/wp-content\/uploads\/2020\/05\/Atropellado.jpg?resize=200%2C124&amp;ssl=1 200w, https:\/\/i0.wp.com\/eltrabajo.cl\/portal\/wp-content\/uploads\/2020\/05\/Atropellado.jpg?resize=150%2C93&amp;ssl=1 150w\" sizes=\"auto, (max-width: 580px) 100vw, 580px\" \/><figcaption id=\"caption-attachment-98612\" class=\"wp-caption-text\">La muerte de Juan Francisco Salgado fue instant\u00e1nea.<\/figcaption><\/figure>\n<p>&nbsp;<\/p>\n<figure id=\"attachment_98618\" aria-describedby=\"caption-attachment-98618\" style=\"width: 580px\" class=\"wp-caption alignnone\"><img data-recalc-dims=\"1\" loading=\"lazy\" decoding=\"async\" class=\"size-full wp-image-98618\" src=\"https:\/\/i0.wp.com\/www.eltrabajo.cl\/portal\/wp-content\/uploads\/2020\/05\/Atropellado2.jpg?resize=580%2C358\" alt=\"IRREGULARIDADES.- El conductor del veh\u00edculo lo hac\u00eda sin portar licencia de conducir y con los documentos del veh\u00edculo atrasados desde 2018.\" width=\"580\" height=\"358\" srcset=\"https:\/\/i0.wp.com\/eltrabajo.cl\/portal\/wp-content\/uploads\/2020\/05\/Atropellado2.jpg?w=580&amp;ssl=1 580w, https:\/\/i0.wp.com\/eltrabajo.cl\/portal\/wp-content\/uploads\/2020\/05\/Atropellado2.jpg?resize=300%2C185&amp;ssl=1 300w, https:\/\/i0.wp.com\/eltrabajo.cl\/portal\/wp-content\/uploads\/2020\/05\/Atropellado2.jpg?resize=200%2C123&amp;ssl=1 200w, https:\/\/i0.wp.com\/eltrabajo.cl\/portal\/wp-content\/uploads\/2020\/05\/Atropellado2.jpg?resize=150%2C93&amp;ssl=1 150w\" sizes=\"auto, (max-width: 580px) 100vw, 580px\" \/><figcaption id=\"caption-attachment-98618\" class=\"wp-caption-text\">IRREGULARIDADES.- El conductor del veh\u00edculo lo hac\u00eda sin portar licencia de conducir y con los documentos del veh\u00edculo atrasados desde 2018.<\/figcaption><\/figure>\n<p>&nbsp;<\/p>\n<figure id=\"attachment_98617\" aria-describedby=\"caption-attachment-98617\" style=\"width: 580px\" class=\"wp-caption alignnone\"><img data-recalc-dims=\"1\" loading=\"lazy\" decoding=\"async\" class=\"size-full wp-image-98617\" src=\"https:\/\/i0.wp.com\/www.eltrabajo.cl\/portal\/wp-content\/uploads\/2020\/05\/Atropellado1.jpg?resize=580%2C360\" alt=\"EN INVESTIGACI\u00d3N.- La muerte de Juan Francisco Salgado fue instant\u00e1nea. La versi\u00f3n que maneja Carabineros es distinta a la que sostiene la familia.\" width=\"580\" height=\"360\" srcset=\"https:\/\/i0.wp.com\/eltrabajo.cl\/portal\/wp-content\/uploads\/2020\/05\/Atropellado1.jpg?w=580&amp;ssl=1 580w, https:\/\/i0.wp.com\/eltrabajo.cl\/portal\/wp-content\/uploads\/2020\/05\/Atropellado1.jpg?resize=300%2C186&amp;ssl=1 300w, https:\/\/i0.wp.com\/eltrabajo.cl\/portal\/wp-content\/uploads\/2020\/05\/Atropellado1.jpg?resize=200%2C124&amp;ssl=1 200w, https:\/\/i0.wp.com\/eltrabajo.cl\/portal\/wp-content\/uploads\/2020\/05\/Atropellado1.jpg?resize=150%2C93&amp;ssl=1 150w\" sizes=\"auto, (max-width: 580px) 100vw, 580px\" \/><figcaption id=\"caption-attachment-98617\" class=\"wp-caption-text\">EN INVESTIGACI\u00d3N.- La muerte de Juan Francisco Salgado fue instant\u00e1nea. La versi\u00f3n que maneja Carabineros es distinta a la que sostiene la familia.<\/figcaption><\/figure>\n<p>&nbsp;<\/p>\n<figure id=\"attachment_98619\" aria-describedby=\"caption-attachment-98619\" style=\"width: 577px\" class=\"wp-caption alignnone\"><img data-recalc-dims=\"1\" loading=\"lazy\" decoding=\"async\" class=\"size-full wp-image-98619\" src=\"https:\/\/i0.wp.com\/www.eltrabajo.cl\/portal\/wp-content\/uploads\/2020\/05\/Atropellado3.jpg?resize=577%2C360\" alt=\"DOLOROSO FINAL.- Aqu\u00ed vemos a Juan Francisco con su esposa Silvia y su hija Estefan\u00eda, compartiendo juntos de vida familiar.\" width=\"577\" height=\"360\" srcset=\"https:\/\/i0.wp.com\/eltrabajo.cl\/portal\/wp-content\/uploads\/2020\/05\/Atropellado3.jpg?w=577&amp;ssl=1 577w, https:\/\/i0.wp.com\/eltrabajo.cl\/portal\/wp-content\/uploads\/2020\/05\/Atropellado3.jpg?resize=300%2C187&amp;ssl=1 300w, https:\/\/i0.wp.com\/eltrabajo.cl\/portal\/wp-content\/uploads\/2020\/05\/Atropellado3.jpg?resize=200%2C125&amp;ssl=1 200w, https:\/\/i0.wp.com\/eltrabajo.cl\/portal\/wp-content\/uploads\/2020\/05\/Atropellado3.jpg?resize=150%2C94&amp;ssl=1 150w\" sizes=\"auto, (max-width: 577px) 100vw, 577px\" \/><figcaption id=\"caption-attachment-98619\" class=\"wp-caption-text\">DOLOROSO FINAL.- Aqu\u00ed vemos a Juan Francisco con su esposa Silvia y su hija Estefan\u00eda, compartiendo juntos de vida familiar.<\/figcaption><\/figure>\n<p>&nbsp;<\/p>\n<figure id=\"attachment_98614\" aria-describedby=\"caption-attachment-98614\" style=\"width: 580px\" class=\"wp-caption alignnone\"><img data-recalc-dims=\"1\" loading=\"lazy\" decoding=\"async\" class=\"size-full wp-image-98614\" src=\"https:\/\/i0.wp.com\/www.eltrabajo.cl\/portal\/wp-content\/uploads\/2020\/05\/Atropellado_Franco-Herrera.jpg?resize=580%2C598\" alt=\"Capit\u00e1n de Carabineros Franco Herrera.\" width=\"580\" height=\"598\" srcset=\"https:\/\/i0.wp.com\/eltrabajo.cl\/portal\/wp-content\/uploads\/2020\/05\/Atropellado_Franco-Herrera.jpg?w=580&amp;ssl=1 580w, https:\/\/i0.wp.com\/eltrabajo.cl\/portal\/wp-content\/uploads\/2020\/05\/Atropellado_Franco-Herrera.jpg?resize=291%2C300&amp;ssl=1 291w, https:\/\/i0.wp.com\/eltrabajo.cl\/portal\/wp-content\/uploads\/2020\/05\/Atropellado_Franco-Herrera.jpg?resize=145%2C150&amp;ssl=1 145w\" sizes=\"auto, (max-width: 580px) 100vw, 580px\" \/><figcaption id=\"caption-attachment-98614\" class=\"wp-caption-text\">Capit\u00e1n de Carabineros Franco Herrera.<\/figcaption><\/figure>\n<figure id=\"attachment_98613\" aria-describedby=\"caption-attachment-98613\" style=\"width: 580px\" class=\"wp-caption alignnone\"><img data-recalc-dims=\"1\" loading=\"lazy\" decoding=\"async\" class=\"size-full wp-image-98613\" src=\"https:\/\/i0.wp.com\/www.eltrabajo.cl\/portal\/wp-content\/uploads\/2020\/05\/Atropellado_Estefania-Sanchez-Gustavo.jpg?resize=580%2C598\" alt=\"Estefan\u00eda S\u00e1nchez Gustavo, hija \u00fanica de Juan Francisco.\" width=\"580\" height=\"598\" srcset=\"https:\/\/i0.wp.com\/eltrabajo.cl\/portal\/wp-content\/uploads\/2020\/05\/Atropellado_Estefania-Sanchez-Gustavo.jpg?w=580&amp;ssl=1 580w, https:\/\/i0.wp.com\/eltrabajo.cl\/portal\/wp-content\/uploads\/2020\/05\/Atropellado_Estefania-Sanchez-Gustavo.jpg?resize=291%2C300&amp;ssl=1 291w, https:\/\/i0.wp.com\/eltrabajo.cl\/portal\/wp-content\/uploads\/2020\/05\/Atropellado_Estefania-Sanchez-Gustavo.jpg?resize=145%2C150&amp;ssl=1 145w\" sizes=\"auto, (max-width: 580px) 100vw, 580px\" \/><figcaption id=\"caption-attachment-98613\" class=\"wp-caption-text\">Estefan\u00eda S\u00e1nchez Gustavo, hija \u00fanica de Juan Francisco.<\/figcaption><\/figure>\n<p>&nbsp;<\/p>\n<figure id=\"attachment_98616\" aria-describedby=\"caption-attachment-98616\" style=\"width: 580px\" class=\"wp-caption alignnone\"><img data-recalc-dims=\"1\" loading=\"lazy\" decoding=\"async\" class=\"size-full wp-image-98616\" src=\"https:\/\/i0.wp.com\/www.eltrabajo.cl\/portal\/wp-content\/uploads\/2020\/05\/Atropellado_Silvia-Gustavo-Gonzalez.jpg?resize=580%2C600\" alt=\"Silvia Gustavo Gonz\u00e1lez, viuda de Salgado, visiblemente afectada.\" width=\"580\" height=\"600\" srcset=\"https:\/\/i0.wp.com\/eltrabajo.cl\/portal\/wp-content\/uploads\/2020\/05\/Atropellado_Silvia-Gustavo-Gonzalez.jpg?w=580&amp;ssl=1 580w, https:\/\/i0.wp.com\/eltrabajo.cl\/portal\/wp-content\/uploads\/2020\/05\/Atropellado_Silvia-Gustavo-Gonzalez.jpg?resize=290%2C300&amp;ssl=1 290w, https:\/\/i0.wp.com\/eltrabajo.cl\/portal\/wp-content\/uploads\/2020\/05\/Atropellado_Silvia-Gustavo-Gonzalez.jpg?resize=145%2C150&amp;ssl=1 145w\" sizes=\"auto, (max-width: 580px) 100vw, 580px\" \/><figcaption id=\"caption-attachment-98616\" class=\"wp-caption-text\">Silvia Gustavo Gonz\u00e1lez, viuda de Salgado, visiblemente afectada.<\/figcaption><\/figure>\n<p>&nbsp;<\/p>\n<figure id=\"attachment_98615\" aria-describedby=\"caption-attachment-98615\" style=\"width: 579px\" class=\"wp-caption alignnone\"><img data-recalc-dims=\"1\" loading=\"lazy\" decoding=\"async\" class=\"size-full wp-image-98615\" src=\"https:\/\/i0.wp.com\/www.eltrabajo.cl\/portal\/wp-content\/uploads\/2020\/05\/Atropellado_Juan-Francisco-Salgado.jpg?resize=579%2C600\" alt=\"Juan Francisco Salgado, muri\u00f3 este lunes a la edad de 47 a\u00f1os.\" width=\"579\" height=\"600\" srcset=\"https:\/\/i0.wp.com\/eltrabajo.cl\/portal\/wp-content\/uploads\/2020\/05\/Atropellado_Juan-Francisco-Salgado.jpg?w=579&amp;ssl=1 579w, https:\/\/i0.wp.com\/eltrabajo.cl\/portal\/wp-content\/uploads\/2020\/05\/Atropellado_Juan-Francisco-Salgado.jpg?resize=290%2C300&amp;ssl=1 290w, https:\/\/i0.wp.com\/eltrabajo.cl\/portal\/wp-content\/uploads\/2020\/05\/Atropellado_Juan-Francisco-Salgado.jpg?resize=145%2C150&amp;ssl=1 145w\" sizes=\"auto, (max-width: 579px) 100vw, 579px\" \/><figcaption id=\"caption-attachment-98615\" class=\"wp-caption-text\">Juan Francisco Salgado, muri\u00f3 este lunes a la edad de 47 a\u00f1os.<\/figcaption><\/figure>\n","protected":false},"excerpt":{"rendered":"<p>Familia exige justicia pero Fiscal de Turno libera a conductor: Hondo pesar viven los amigos y familiares de Juan Francisco Salgado Zamora (47), luego que este conocido empresario sanfelipe\u00f1o, due\u00f1o de Imprenta&#8230;<\/p>\n","protected":false},"author":482,"featured_media":98612,"comment_status":"open","ping_status":"open","sticky":false,"template":"","format":"standard","meta":{"advanced_seo_description":"","jetpack_seo_html_title":"","jetpack_seo_noindex":false,"_jetpack_memberships_contains_paid_content":false,"footnotes":""},"categories":[15],"tags":[],"class_list":["post-98611","post","type-post","status-publish","format-standard","has-post-thumbnail","hentry","category-comunidad"],"jetpack_featured_media_url":"https:\/\/i0.wp.com\/eltrabajo.cl\/portal\/wp-content\/uploads\/2020\/05\/Atropellado.jpg?fit=580%2C359&ssl=1","jetpack_sharing_enabled":true,"jetpack_likes_enabled":true,"jetpack-related-posts":[],"_links":{"self":[{"href":"https:\/\/eltrabajo.cl\/portal\/wp-json\/wp\/v2\/posts\/98611","targetHints":{"allow":["GET"]}}],"collection":[{"href":"https:\/\/eltrabajo.cl\/portal\/wp-json\/wp\/v2\/posts"}],"about":[{"href":"https:\/\/eltrabajo.cl\/portal\/wp-json\/wp\/v2\/types\/post"}],"author":[{"embeddable":true,"href":"https:\/\/eltrabajo.cl\/portal\/wp-json\/wp\/v2\/users\/482"}],"replies":[{"embeddable":true,"href":"https:\/\/eltrabajo.cl\/portal\/wp-json\/wp\/v2\/comments?post=98611"}],"version-history":[{"count":0,"href":"https:\/\/eltrabajo.cl\/portal\/wp-json\/wp\/v2\/posts\/98611\/revisions"}],"wp:featuredmedia":[{"embeddable":true,"href":"https:\/\/eltrabajo.cl\/portal\/wp-json\/wp\/v2\/media\/98612"}],"wp:attachment":[{"href":"https:\/\/eltrabajo.cl\/portal\/wp-json\/wp\/v2\/media?parent=98611"}],"wp:term":[{"taxonomy":"category","embeddable":true,"href":"https:\/\/eltrabajo.cl\/portal\/wp-json\/wp\/v2\/categories?post=98611"},{"taxonomy":"post_tag","embeddable":true,"href":"https:\/\/eltrabajo.cl\/portal\/wp-json\/wp\/v2\/tags?post=98611"}],"curies":[{"name":"wp","href":"https:\/\/api.w.org\/{rel}","templated":true}]}}