{"id":98621,"date":"2020-05-06T05:04:03","date_gmt":"2020-05-06T09:04:03","guid":{"rendered":"http:\/\/www.eltrabajo.cl\/portal\/?p=98621"},"modified":"2020-05-05T20:57:11","modified_gmt":"2020-05-06T00:57:11","slug":"taxis-colectivos-paralizaran-esta-manana-piden-un-sueldo-de-350-mil-pesos","status":"publish","type":"post","link":"https:\/\/eltrabajo.cl\/portal\/taxis-colectivos-paralizaran-esta-manana-piden-un-sueldo-de-350-mil-pesos\/","title":{"rendered":"Taxis colectivos paralizar\u00e1n esta ma\u00f1ana, piden un sueldo de 350 mil pesos"},"content":{"rendered":"<p><span style=\"color: #c81400;\"><strong>Critican falta de ayuda del Gobierno ante la pandemia:<\/strong><\/span><\/p>\n<p>La Confederaci\u00f3n Nacional de Taxis Colectivos de Chile ha llamado\u00a0 a sus bases a paro nacional para hoy mi\u00e9rcoles 06 de mayo. En San Felipe los taxis colectivos paralizar\u00e1n desde las 06:00 hasta las 12:00 horas.<\/p>\n<p>El Consejo Superior de Taxis Colectivos de San Felipe, que forma parte de esta Confederaci\u00f3n, se une a este llamado y suspender\u00e1 sus servicios de transporte de pasajeros por la ma\u00f1ana de este mi\u00e9rcoles hasta las 12.00 horas.<\/p>\n<p>\u00ab<em>El motivo de esta manifestaci\u00f3n obedece a que a la fecha no existe se\u00f1al alguna de parte del gobierno en concretar alg\u00fan beneficio econ\u00f3mico como los que se han otorgado a las grandes empresas y sectores m\u00e1s vulnerables de nuestro pa\u00eds. Estamos ciertos que no son los momentos m\u00e1s propicios para efectuar un paro prolongado,\u00a0 marcha o caravanas de protestas,\u00a0 pero s\u00ed solicitamos ser escuchados y que formamos parte del sistema socio econ\u00f3mico de nuestro pa\u00eds. Acto seguido los dirigentes del Consejo har\u00e1n entrega al se\u00f1or gobernador, de una carta que fundamenta los motivos de este desacuerdo de c\u00f3mo siendo el gremio del transporte menor una actividad importante en el desarrollo del pa\u00eds, a la fecha no est\u00e9 inserto en los programas de ayuda que el gobierno ha implementado y que a la fecha no somos parte de ellos\u00bb,<\/em> dijo <strong>Manuel Carvallo<\/strong>, presidente del Consejo Superior de Taxis Colectivos de San Felipe.<\/p>\n<p>Explic\u00f3 que pese a tener todo registrado, no son parte del sistema para obtener los beneficios.<\/p>\n<p>&#8211; <strong>\u00bfSi le preguntaran a ustedes qu\u00e9 beneficio le podr\u00edan otorgar, cu\u00e1l ser\u00eda su respuesta?<\/strong><\/p>\n<p>&#8211; Mira lo que se est\u00e1 pidiendo es lo que pide todo el mundo, el Estado dijo vamos a hacer que\u00a0 la gente gane 350 mil pesos mensuales por este tema de la pandemia, nosotros estamos pidiendo exactamente lo mismo.<\/p>\n<p>Reiter\u00f3 que hoy desde las 06:00 hasta las 12:00 horas no habr\u00e1 locomoci\u00f3n de taxis colectivos.<\/p>\n<p>&nbsp;<\/p>\n<figure id=\"attachment_98622\" aria-describedby=\"caption-attachment-98622\" style=\"width: 580px\" class=\"wp-caption alignnone\"><img data-recalc-dims=\"1\" loading=\"lazy\" decoding=\"async\" class=\"size-full wp-image-98622\" src=\"https:\/\/i0.wp.com\/www.eltrabajo.cl\/portal\/wp-content\/uploads\/2020\/05\/taxi-colectivo.jpg?resize=580%2C360\" alt=\"Los conductores de taxis colectivos tambi\u00e9n se han visto afectados por la baja en el transporte de pasajeros debido a la pandemia. (Archivo).\" width=\"580\" height=\"360\" srcset=\"https:\/\/i0.wp.com\/eltrabajo.cl\/portal\/wp-content\/uploads\/2020\/05\/taxi-colectivo.jpg?w=580&amp;ssl=1 580w, https:\/\/i0.wp.com\/eltrabajo.cl\/portal\/wp-content\/uploads\/2020\/05\/taxi-colectivo.jpg?resize=300%2C186&amp;ssl=1 300w, https:\/\/i0.wp.com\/eltrabajo.cl\/portal\/wp-content\/uploads\/2020\/05\/taxi-colectivo.jpg?resize=200%2C124&amp;ssl=1 200w, https:\/\/i0.wp.com\/eltrabajo.cl\/portal\/wp-content\/uploads\/2020\/05\/taxi-colectivo.jpg?resize=150%2C93&amp;ssl=1 150w\" sizes=\"auto, (max-width: 580px) 100vw, 580px\" \/><figcaption id=\"caption-attachment-98622\" class=\"wp-caption-text\">Los conductores de taxis colectivos tambi\u00e9n se han visto afectados por la baja en el transporte de pasajeros debido a la pandemia. (Archivo).<\/figcaption><\/figure>\n","protected":false},"excerpt":{"rendered":"<p>Critican falta de ayuda del Gobierno ante la pandemia: La Confederaci\u00f3n Nacional de Taxis Colectivos de Chile ha llamado\u00a0 a sus bases a paro nacional para hoy mi\u00e9rcoles 06 de mayo. En&#8230;<\/p>\n","protected":false},"author":482,"featured_media":98622,"comment_status":"open","ping_status":"open","sticky":false,"template":"","format":"standard","meta":{"advanced_seo_description":"","jetpack_seo_html_title":"","jetpack_seo_noindex":false,"_jetpack_memberships_contains_paid_content":false,"footnotes":""},"categories":[103],"tags":[],"class_list":["post-98621","post","type-post","status-publish","format-standard","has-post-thumbnail","hentry","category-cronica-2"],"jetpack_featured_media_url":"https:\/\/i0.wp.com\/eltrabajo.cl\/portal\/wp-content\/uploads\/2020\/05\/taxi-colectivo.jpg?fit=580%2C360&ssl=1","jetpack_sharing_enabled":true,"jetpack_likes_enabled":true,"jetpack-related-posts":[],"_links":{"self":[{"href":"https:\/\/eltrabajo.cl\/portal\/wp-json\/wp\/v2\/posts\/98621","targetHints":{"allow":["GET"]}}],"collection":[{"href":"https:\/\/eltrabajo.cl\/portal\/wp-json\/wp\/v2\/posts"}],"about":[{"href":"https:\/\/eltrabajo.cl\/portal\/wp-json\/wp\/v2\/types\/post"}],"author":[{"embeddable":true,"href":"https:\/\/eltrabajo.cl\/portal\/wp-json\/wp\/v2\/users\/482"}],"replies":[{"embeddable":true,"href":"https:\/\/eltrabajo.cl\/portal\/wp-json\/wp\/v2\/comments?post=98621"}],"version-history":[{"count":0,"href":"https:\/\/eltrabajo.cl\/portal\/wp-json\/wp\/v2\/posts\/98621\/revisions"}],"wp:featuredmedia":[{"embeddable":true,"href":"https:\/\/eltrabajo.cl\/portal\/wp-json\/wp\/v2\/media\/98622"}],"wp:attachment":[{"href":"https:\/\/eltrabajo.cl\/portal\/wp-json\/wp\/v2\/media?parent=98621"}],"wp:term":[{"taxonomy":"category","embeddable":true,"href":"https:\/\/eltrabajo.cl\/portal\/wp-json\/wp\/v2\/categories?post=98621"},{"taxonomy":"post_tag","embeddable":true,"href":"https:\/\/eltrabajo.cl\/portal\/wp-json\/wp\/v2\/tags?post=98621"}],"curies":[{"name":"wp","href":"https:\/\/api.w.org\/{rel}","templated":true}]}}