{"id":98629,"date":"2020-05-06T22:02:02","date_gmt":"2020-05-07T02:02:02","guid":{"rendered":"http:\/\/www.eltrabajo.cl\/portal\/?p=98629"},"modified":"2020-05-06T20:50:02","modified_gmt":"2020-05-07T00:50:02","slug":"bomberos-en-llamas-por-recorte-presupuestario-anunciado-por-el-gobierno","status":"publish","type":"post","link":"https:\/\/eltrabajo.cl\/portal\/bomberos-en-llamas-por-recorte-presupuestario-anunciado-por-el-gobierno\/","title":{"rendered":"Bomberos \u00aben llamas\u00bb por recorte presupuestario anunciado por el Gobierno"},"content":{"rendered":"<p>Enojado, muy enojado, est\u00e1 el superintendente del Cuerpo de Bomberos de San Felipe, <strong>Julio Hardoy Baylaucq<\/strong>, por la tremenda rebaja de dinero que est\u00e1 aplicando el Gobierno de Chile con esa instituci\u00f3n. Se habla de 3.755 millones de pesos.<\/p>\n<p>En el caso de San Felipe, el superintendente dijo que son alrededor de 200 millones de pesos menos.<\/p>\n<p>\u00ab<em>Nos toca sobre manera. En la regi\u00f3n nosotros tenemos 400 millones para ayuda extraordinaria que permite a los cuerpos de bomberos acceder a la reparaci\u00f3n de material mayor porque un carro que se nos eche a perder en el a\u00f1o, la reparaci\u00f3n m\u00ednima y b\u00e1sica es de 10 millones de pesos hacia arriba\u2026 de 10 a 30\u00a0 millones de pesos. Hoy d\u00eda yo tengo ac\u00e1 reparaciones de 58 millones de pesos, es imposible que con los ingresos que nosotros tenemos podamos financiar, se accede entonces a esta v\u00eda de ayuda extraordinaria, 400 millones de pesos que van a ser rebajados a 200 millones de pesos para 34 cuerpos de bomberos, 111 compa\u00f1\u00edas, es imposible reparar carros con esa glosa\u2026 es imposible. El nivel de capacitaci\u00f3n tambi\u00e9n se va a fojas cero, nos est\u00e1n quitando 1.500 millones de pesos para la capacitaci\u00f3n de los Bomberos, que es una cuesti\u00f3n absolutamente in\u00e9dita, hab\u00eda costado tanto conseguir un financiamiento para poder capacitar a nuestros bomberos y hoy d\u00eda nos lo est\u00e1n quitando en forma absoluta y totalmente unilateral, porque aqu\u00ed tampoco hubo una mesa de trabajo, un an\u00e1lisis de nada\u00bb, <\/em>\u00a0se\u00f1al\u00f3 el superintendente Hardoy.<\/p>\n<p>Cuenta Hardoy Baylaucq que se enteraron de este recorte a Bomberos por intermedio de un voluntario que les hizo llegar el oficio que estaba a punto de firmar el ministro que est\u00e1 en toma de raz\u00f3n de la Contralor\u00eda.<\/p>\n<p>Es enf\u00e1tico en se\u00f1alar que esto, refri\u00e9ndose al recorte presupuestario, es inaceptable: <em>\u00abHace un tiempo con el respeto que me merece, fue noticia nacional el hecho que en el Hospital San Camilo hubiera un letrero que estaban haciendo una completada para comprar insumos, cuesti\u00f3n que todos rechazamos, y eso fue noticia nacional, pero no es noticia nacional que los Bomberos todas las semanas pidan limosna en las calles para cumplir una funci\u00f3n tan importante\u00a0 que est\u00e1 establecida por ley en el ABC de la emergencia\u2026 Eso no es noticia, que tengamos que estar pidiendo limosna a todo el mundo, el Estado\u2026 el Estado se acostumbr\u00f3, no los Bomberos, a ser un verdadero z\u00e1ngano del trabajo de los Bomberos; primero el trabajo es gratuito, que es el 80% de gastos que debiera tener un cuerpo de bomberos pagado, y despu\u00e9s de los insumos porque digamos ni siquiera son capaces de financiar los insumos, nos financian el 40 a 50% de los gastos operacionales, y esto es un esc\u00e1ndalo en cualquier parte del mundo. Yo he tenido la oportunidad de estar en otros pa\u00edses hablando precisamente este tema con Bomberos de otros pa\u00edses, y la verdad es que nadie puede entender c\u00f3mo en Chile el nivel de los Bomberos, que se llegue a este nivel con puro \u00f1eque y a pura completada y pescada frita\u00bb,<\/em> se\u00f1al\u00f3 Hardoy.<\/p>\n<p>&nbsp;<\/p>\n<p><span style=\"color: #c81400;\"><strong>LOGRAN ACUERDO<\/strong><\/span><\/p>\n<p>Cabe destacar que informaci\u00f3n de \u00faltima hora se\u00f1ala que se lleg\u00f3 finalmente a un acuerdo entre Bomberos y el Ministerio de Hacienda, gracias al cual la rebaja en los recursos a la instituci\u00f3n ser\u00e1 solamente de 1.400 millones de pesos y nos los 3.755 millones informados inicialmente.<\/p>\n<p>En San Felipe existen siete compa\u00f1\u00edas de Bomberos, incluyendo la de Panquehue.<\/p>\n<p>&nbsp;<\/p>\n<figure id=\"attachment_98631\" aria-describedby=\"caption-attachment-98631\" style=\"width: 580px\" class=\"wp-caption alignnone\"><img data-recalc-dims=\"1\" loading=\"lazy\" decoding=\"async\" class=\"size-full wp-image-98631\" src=\"https:\/\/i0.wp.com\/www.eltrabajo.cl\/portal\/wp-content\/uploads\/2020\/05\/Pi%C3%B1era.jpg?resize=580%2C360\" alt=\"En la foto de archivo el presidente de la rep\u00fablica, Sebasti\u00e1n Pi\u00f1era Eche\u00f1ique saludando a los Bomberos.\" width=\"580\" height=\"360\" srcset=\"https:\/\/i0.wp.com\/eltrabajo.cl\/portal\/wp-content\/uploads\/2020\/05\/Pi%C3%B1era.jpg?w=580&amp;ssl=1 580w, https:\/\/i0.wp.com\/eltrabajo.cl\/portal\/wp-content\/uploads\/2020\/05\/Pi%C3%B1era.jpg?resize=300%2C186&amp;ssl=1 300w, https:\/\/i0.wp.com\/eltrabajo.cl\/portal\/wp-content\/uploads\/2020\/05\/Pi%C3%B1era.jpg?resize=200%2C124&amp;ssl=1 200w, https:\/\/i0.wp.com\/eltrabajo.cl\/portal\/wp-content\/uploads\/2020\/05\/Pi%C3%B1era.jpg?resize=150%2C93&amp;ssl=1 150w\" sizes=\"auto, (max-width: 580px) 100vw, 580px\" \/><figcaption id=\"caption-attachment-98631\" class=\"wp-caption-text\">En la foto de archivo el presidente de la rep\u00fablica, Sebasti\u00e1n Pi\u00f1era Eche\u00f1ique saludando a los Bomberos.<\/figcaption><\/figure>\n<p>&nbsp;<\/p>\n<figure id=\"attachment_98630\" aria-describedby=\"caption-attachment-98630\" style=\"width: 579px\" class=\"wp-caption alignnone\"><img data-recalc-dims=\"1\" loading=\"lazy\" decoding=\"async\" class=\"size-full wp-image-98630\" src=\"https:\/\/i0.wp.com\/www.eltrabajo.cl\/portal\/wp-content\/uploads\/2020\/05\/Julio-Hardoy-Baylaucq.jpg?resize=579%2C600\" alt=\"Julio Hardoy Baylaucq, superintendente del Cuerpo de Bomberos de San Felipe.\" width=\"579\" height=\"600\" srcset=\"https:\/\/i0.wp.com\/eltrabajo.cl\/portal\/wp-content\/uploads\/2020\/05\/Julio-Hardoy-Baylaucq.jpg?w=579&amp;ssl=1 579w, https:\/\/i0.wp.com\/eltrabajo.cl\/portal\/wp-content\/uploads\/2020\/05\/Julio-Hardoy-Baylaucq.jpg?resize=290%2C300&amp;ssl=1 290w, https:\/\/i0.wp.com\/eltrabajo.cl\/portal\/wp-content\/uploads\/2020\/05\/Julio-Hardoy-Baylaucq.jpg?resize=145%2C150&amp;ssl=1 145w\" sizes=\"auto, (max-width: 579px) 100vw, 579px\" \/><figcaption id=\"caption-attachment-98630\" class=\"wp-caption-text\">Julio Hardoy Baylaucq, superintendente del Cuerpo de Bomberos de San Felipe.<\/figcaption><\/figure>\n","protected":false},"excerpt":{"rendered":"<p>Enojado, muy enojado, est\u00e1 el superintendente del Cuerpo de Bomberos de San Felipe, Julio Hardoy Baylaucq, por la tremenda rebaja de dinero que est\u00e1 aplicando el Gobierno de Chile con esa instituci\u00f3n&#8230;.<\/p>\n","protected":false},"author":482,"featured_media":98631,"comment_status":"open","ping_status":"open","sticky":false,"template":"","format":"standard","meta":{"advanced_seo_description":"","jetpack_seo_html_title":"","jetpack_seo_noindex":false,"_jetpack_memberships_contains_paid_content":false,"footnotes":""},"categories":[103],"tags":[],"class_list":["post-98629","post","type-post","status-publish","format-standard","has-post-thumbnail","hentry","category-cronica-2"],"jetpack_featured_media_url":"https:\/\/i0.wp.com\/eltrabajo.cl\/portal\/wp-content\/uploads\/2020\/05\/Pi%C3%B1era.jpg?fit=580%2C360&ssl=1","jetpack_sharing_enabled":true,"jetpack_likes_enabled":true,"jetpack-related-posts":[],"_links":{"self":[{"href":"https:\/\/eltrabajo.cl\/portal\/wp-json\/wp\/v2\/posts\/98629","targetHints":{"allow":["GET"]}}],"collection":[{"href":"https:\/\/eltrabajo.cl\/portal\/wp-json\/wp\/v2\/posts"}],"about":[{"href":"https:\/\/eltrabajo.cl\/portal\/wp-json\/wp\/v2\/types\/post"}],"author":[{"embeddable":true,"href":"https:\/\/eltrabajo.cl\/portal\/wp-json\/wp\/v2\/users\/482"}],"replies":[{"embeddable":true,"href":"https:\/\/eltrabajo.cl\/portal\/wp-json\/wp\/v2\/comments?post=98629"}],"version-history":[{"count":0,"href":"https:\/\/eltrabajo.cl\/portal\/wp-json\/wp\/v2\/posts\/98629\/revisions"}],"wp:featuredmedia":[{"embeddable":true,"href":"https:\/\/eltrabajo.cl\/portal\/wp-json\/wp\/v2\/media\/98631"}],"wp:attachment":[{"href":"https:\/\/eltrabajo.cl\/portal\/wp-json\/wp\/v2\/media?parent=98629"}],"wp:term":[{"taxonomy":"category","embeddable":true,"href":"https:\/\/eltrabajo.cl\/portal\/wp-json\/wp\/v2\/categories?post=98629"},{"taxonomy":"post_tag","embeddable":true,"href":"https:\/\/eltrabajo.cl\/portal\/wp-json\/wp\/v2\/tags?post=98629"}],"curies":[{"name":"wp","href":"https:\/\/api.w.org\/{rel}","templated":true}]}}