{"id":98639,"date":"2020-05-06T22:05:38","date_gmt":"2020-05-07T02:05:38","guid":{"rendered":"http:\/\/www.eltrabajo.cl\/portal\/?p=98639"},"modified":"2020-05-06T20:59:04","modified_gmt":"2020-05-07T00:59:04","slug":"hoy-despiden-al-mitico-abogado-sergio-caballero-en-cementerio-de-almendral","status":"publish","type":"post","link":"https:\/\/eltrabajo.cl\/portal\/hoy-despiden-al-mitico-abogado-sergio-caballero-en-cementerio-de-almendral\/","title":{"rendered":"Hoy despiden al m\u00edtico abogado Sergio Caballero en cementerio de Almendral"},"content":{"rendered":"<p><span style=\"color: #c81400;\"><strong>Fue tambi\u00e9n Rotario, Mas\u00f3n, pescador, atleta y futbolista:<\/strong><\/span><\/p>\n<p>A sus 91 a\u00f1os de edad y rodeado del amor familiar en su casa de habitaci\u00f3n falleci\u00f3 la noche de este martes el abogado <strong>Sergio Flavio Caballero Espinoza<\/strong>, quien ejerci\u00f3 su profesi\u00f3n hasta 2018 cuando ya ten\u00eda 89 a\u00f1os de edad. Este connotado sanfelipe\u00f1o a lo largo de su vida se destac\u00f3 en innumerables gremios y actividades, profanas y tambi\u00e9n consagradas al deber \u00e9tico y mas\u00f3nico, pues era Maestro Mas\u00f3n de 3\u00b0 Grado del Rito Escoc\u00e9s Antiguo y Aceptado, perteneciente a la Logia Patria y Libertad N\u00b036 de San Felipe.<\/p>\n<p>&nbsp;<\/p>\n<p><span style=\"color: #c81400;\"><strong>PERSONAJE P\u00daBLICO<\/strong><\/span><\/p>\n<p>Caballero egres\u00f3 de la Universidad de Chile como abogado el mi\u00e9rcoles 16 de octubre de 1957, regres\u00f3 a San Felipe y se instal\u00f3 en su despacho, iniciando as\u00ed una carrera que lo llevar\u00eda a desempe\u00f1ar cargos pol\u00edticos y laborales en nuestra comuna, pues pese a que le ofrecieron trabajo fuera de Aconcagua, \u00e9l nunca quiso dejar su natal San Felipe.<\/p>\n<p>Fue uno de los directivos fundadores del Club Uni\u00f3n San Felipe, descoll\u00f3 en el Club de los 21, lider\u00f3 tambi\u00e9n en el Rotary Club de San Felipe y fue iniciado en la Masoner\u00eda en 1958. Tambi\u00e9n se desempe\u00f1\u00f3 como abogado del Servicio Nacional de Salud en San Felipe; en la Intendencia de Aconcagua; en la Gobernaci\u00f3n de San Felipe, fue Juez de Polic\u00eda Local (S) de nuestra comuna; y tambi\u00e9n fue Conservador de Bienes Ra\u00edces de San Felipe.<\/p>\n<p>&nbsp;<\/p>\n<p><span style=\"color: #c81400;\"><strong>SU DESCENDENCIA<\/strong><\/span><\/p>\n<p>Hijo de <strong>Manuel Caballero<\/strong> y <strong>Graciela Espinoza<\/strong>, Sergio naci\u00f3 en San Felipe el domingo 16 de diciembre de 1928. Se cas\u00f3 a la edad de 28 a\u00f1os con <strong>Gladys Lolas Silva<\/strong> el domingo 16 de septiembre de 1956 en la Iglesia Catedral de nuestra ciudad. Con su esposa llegaron sus cinco hijas: <strong>M\u00f3nica Cecilia<\/strong>, <strong>Carmen Paz<\/strong>, <strong>Mar\u00eda del Pilar<\/strong>, <strong>Marisol Graciela<\/strong> y <strong>Mariluz Olga<\/strong>, quienes le dieron en vida 15 nietos y ocho bisnietos. Le encantaba el f\u00fatbol, atletismo y la pesca cuando era joven; incansable obrero de paz y libre pensador, virtuoso en su pensar y proceder.<\/p>\n<p>&nbsp;<\/p>\n<p><span style=\"color: #c81400;\"><strong>LAS REACCIONES<\/strong><\/span><\/p>\n<p>La noticia de su fallecimiento se supo la ma\u00f1ana de ayer y definitivamente Caballero era reconocido como tal, como un hombre de bien y quien hizo muchos aportes a nuestra sociedad durante toda su vida.<\/p>\n<p>Por ejemplo el Club Rotary de San Felipe, del que form\u00f3 parte, se pronunci\u00f3 de la siguiente manera por medio de su presidente <strong>Rub\u00e9n Barrientos<\/strong>: \u00ab<em>Sergio Caballero integr\u00f3 el grupo de rotarios que inici\u00f3 el Encuentro de Amistad con los rotarios argentinos, fue part\u00edcipe activo hasta sus \u00faltimos a\u00f1os de vida, ocup\u00f3 diversos cargos directivos en el club, fue presidente. Sergio, querido y prestigioso abogado, ingres\u00f3 al Rotary Club de San Felipe en agosto de 1958, en agosto de a\u00f1o 2007 nuestro Club lo homenaje\u00f3 por sus 50 a\u00f1os como Rotario Activo, siendo nombrado Rotario Honorario por su larga y activa trayectoria. Durante su vida fue uno de los propulsores del intercambio internacional de nuestro Rotary con el Club Rotario Mendoza Norte, Argentina, el cual este a\u00f1o celebra sus 50 a\u00f1os ininterrumpidos, dejando su huella en la fundaci\u00f3n del Club hermano argentino, por ser el Rotary Club San Felipe quien apadrin\u00f3 ante el Rotary Club Internacional. Sus \u00faltimos cargos en el Rotary San Felipe fueron justamente en Avenida Internacional, \u00e9l coordinaba y manten\u00eda permanente contacto con los socios argentinos. En los \u00faltimos a\u00f1os nuestro querido amigo se mantuvo vigente en el desarrollo de su profesi\u00f3n, dejando de asistir a las reuniones del Rotary, pero manteniendo el cari\u00f1o a la Instituci\u00f3n a la cual perteneci\u00f3 por casi 63 a\u00f1os, y a los amigos, los que tuvimos el honor y alegr\u00eda de conocerlo y compartir con \u00e9l, mantendremos vivo su recuerdo con los nuevos socios, dejando como ejemplo de convicci\u00f3n y compromiso con los valores de amistad que profesa Rotary y que Sergio cumpli\u00f3 a cabalidad. Un gran abrazo amigo, vuela alto<\/em>\u00bb, dijo Barrientos.<\/p>\n<p>&nbsp;<\/p>\n<p><span style=\"color: #c81400;\"><strong>\u00abADI\u00d3S \u2018CHECHITO\u2019\u00bb<\/strong><\/span><\/p>\n<p>Quien tambi\u00e9n solicit\u00f3 a <strong>Diario El Trabajo<\/strong> poder expresar sus palabras de despedida a su pap\u00e1 de crianza, es <strong>V\u00edctor Alejandro Carvajal Mansilla<\/strong>, hijo de la actual c\u00f3nyuge de Sergio, <strong>Marianela Mansilla<\/strong>.<\/p>\n<p>\u00ab<em>Viejito lindo, desde que fui peque\u00f1o no tuve la oportunidad de tener a mi padre junto a m\u00ed, pero Dios y la vida me regalaron la oportunidad de poder tener a una persona como t\u00fa, agradezco en esta vida todas las ense\u00f1anzas y valores que me brindaste, una persona educada, sincera, respetuosa, humilde, cuidadosa con sus seres amados, un ser humano de grandes valores, siempre protegiste a mi madre a quien m\u00e1s valoro en esta vida, gracias por entregarnos tu amor inmenso, hoy estamos llenos de tristeza y dolor por tu partida, sabemos que estar\u00e1s en el Reino de mi Se\u00f1or, las puertas del Reino estar\u00e1n esper\u00e1ndote por la buena persona que fuiste, siempre te llevar\u00e9 en mi coraz\u00f3n. \u00a1Te amo mucho \u2018Chechito\u2019!\u00bb,<\/em> dijo el joven.<\/p>\n<p>&nbsp;<\/p>\n<p><strong><span style=\"color: #c81400;\">SUS FUNERALES<\/span><\/strong><\/p>\n<p>El velatorio de Sergio Caballero se est\u00e1 realizando en su casa de habitaci\u00f3n en Coimas 142 frente al Conservador de Bienes Ra\u00edces, a las 10:00 horas se har\u00e1 un Responso, y ser\u00e1n trasladados sus restos al mausoleo familiar en el Cementerio Municipal, en Almendral.<\/p>\n<p>Todo el personal period\u00edstico y administrativo de <strong>Diario El Trabajo<\/strong> hoy nos plegamos al sentimiento de P\u00e9rdida y Dolor de la familia de Sergio Caballero Espinoza. \u00a1<strong>Descansa en Paz Querido Hermano<\/strong>!<\/p>\n<p><strong>Roberto Gonz\u00e1lez Short<\/strong><\/p>\n<p>&nbsp;<\/p>\n<figure id=\"attachment_98642\" aria-describedby=\"caption-attachment-98642\" style=\"width: 580px\" class=\"wp-caption alignnone\"><img data-recalc-dims=\"1\" loading=\"lazy\" decoding=\"async\" class=\"size-full wp-image-98642\" src=\"https:\/\/i0.wp.com\/www.eltrabajo.cl\/portal\/wp-content\/uploads\/2020\/05\/Caballero_Sergio-Caballero-Espinoza.jpg?resize=580%2C600\" alt=\"Sergio Caballero Espinoza. Naci\u00f3 el domingo 16 de diciembre de 1928, falleci\u00f3 el martes 5 de mayo de 2020.\" width=\"580\" height=\"600\" srcset=\"https:\/\/i0.wp.com\/eltrabajo.cl\/portal\/wp-content\/uploads\/2020\/05\/Caballero_Sergio-Caballero-Espinoza.jpg?w=580&amp;ssl=1 580w, https:\/\/i0.wp.com\/eltrabajo.cl\/portal\/wp-content\/uploads\/2020\/05\/Caballero_Sergio-Caballero-Espinoza.jpg?resize=290%2C300&amp;ssl=1 290w, https:\/\/i0.wp.com\/eltrabajo.cl\/portal\/wp-content\/uploads\/2020\/05\/Caballero_Sergio-Caballero-Espinoza.jpg?resize=145%2C150&amp;ssl=1 145w\" sizes=\"auto, (max-width: 580px) 100vw, 580px\" \/><figcaption id=\"caption-attachment-98642\" class=\"wp-caption-text\">Sergio Caballero Espinoza. Naci\u00f3 el domingo 16 de diciembre de 1928, falleci\u00f3 el martes 5 de mayo de 2020.<\/figcaption><\/figure>\n<p>&nbsp;<\/p>\n<figure id=\"attachment_98645\" aria-describedby=\"caption-attachment-98645\" style=\"width: 579px\" class=\"wp-caption alignnone\"><img data-recalc-dims=\"1\" loading=\"lazy\" decoding=\"async\" class=\"size-full wp-image-98645\" src=\"https:\/\/i0.wp.com\/www.eltrabajo.cl\/portal\/wp-content\/uploads\/2020\/05\/Caballero2.jpg?resize=579%2C416\" alt=\"UNA GRAN BODA.- As\u00ed lucieron Sergio Caballero y su esposa Gladys Lolas el domingo 16 de septiembre de 1956 en la Iglesia Catedral de nuestra ciudad, cuando se casaron.\" width=\"579\" height=\"416\" srcset=\"https:\/\/i0.wp.com\/eltrabajo.cl\/portal\/wp-content\/uploads\/2020\/05\/Caballero2.jpg?w=579&amp;ssl=1 579w, https:\/\/i0.wp.com\/eltrabajo.cl\/portal\/wp-content\/uploads\/2020\/05\/Caballero2.jpg?resize=300%2C216&amp;ssl=1 300w, https:\/\/i0.wp.com\/eltrabajo.cl\/portal\/wp-content\/uploads\/2020\/05\/Caballero2.jpg?resize=200%2C144&amp;ssl=1 200w, https:\/\/i0.wp.com\/eltrabajo.cl\/portal\/wp-content\/uploads\/2020\/05\/Caballero2.jpg?resize=150%2C108&amp;ssl=1 150w\" sizes=\"auto, (max-width: 579px) 100vw, 579px\" \/><figcaption id=\"caption-attachment-98645\" class=\"wp-caption-text\">UNA GRAN BODA.- As\u00ed lucieron Sergio Caballero y su esposa Gladys Lolas el domingo 16 de septiembre de 1956 en la Iglesia Catedral de nuestra ciudad, cuando se casaron.<\/figcaption><\/figure>\n<p>&nbsp;<\/p>\n<figure id=\"attachment_98646\" aria-describedby=\"caption-attachment-98646\" style=\"width: 579px\" class=\"wp-caption alignnone\"><img data-recalc-dims=\"1\" loading=\"lazy\" decoding=\"async\" class=\"size-full wp-image-98646\" src=\"https:\/\/i0.wp.com\/www.eltrabajo.cl\/portal\/wp-content\/uploads\/2020\/05\/Caballero3.jpg?resize=579%2C292\" alt=\"HIZO HISTORIA.- Aqu\u00ed vemos a Serg io formando parte del primer directorio del Club Uni\u00f3n San Felipe.\" width=\"579\" height=\"292\" srcset=\"https:\/\/i0.wp.com\/eltrabajo.cl\/portal\/wp-content\/uploads\/2020\/05\/Caballero3.jpg?w=579&amp;ssl=1 579w, https:\/\/i0.wp.com\/eltrabajo.cl\/portal\/wp-content\/uploads\/2020\/05\/Caballero3.jpg?resize=300%2C151&amp;ssl=1 300w, https:\/\/i0.wp.com\/eltrabajo.cl\/portal\/wp-content\/uploads\/2020\/05\/Caballero3.jpg?resize=200%2C101&amp;ssl=1 200w, https:\/\/i0.wp.com\/eltrabajo.cl\/portal\/wp-content\/uploads\/2020\/05\/Caballero3.jpg?resize=150%2C76&amp;ssl=1 150w\" sizes=\"auto, (max-width: 579px) 100vw, 579px\" \/><figcaption id=\"caption-attachment-98646\" class=\"wp-caption-text\">HIZO HISTORIA.- Aqu\u00ed vemos a Serg io formando parte del primer directorio del Club Uni\u00f3n San Felipe.<\/figcaption><\/figure>\n<p>&nbsp;<\/p>\n<figure id=\"attachment_98644\" aria-describedby=\"caption-attachment-98644\" style=\"width: 580px\" class=\"wp-caption alignnone\"><img data-recalc-dims=\"1\" loading=\"lazy\" decoding=\"async\" class=\"size-full wp-image-98644\" src=\"https:\/\/i0.wp.com\/www.eltrabajo.cl\/portal\/wp-content\/uploads\/2020\/05\/Caballero1.jpg?resize=580%2C360\" alt=\"HOY LO DESPIDEN.- El velatorio de Sergio Caballero se est\u00e1 realizando en su casa de habitaci\u00f3n en Coimas 142 frente al Conservador de Bienes Ra\u00edces, a las 10:00 horas se har\u00e1 un Responso, y ser\u00e1n trasladados sus restos al mausoleo familiar en el Cementerio Municipal, en Almendral.\" width=\"580\" height=\"360\" srcset=\"https:\/\/i0.wp.com\/eltrabajo.cl\/portal\/wp-content\/uploads\/2020\/05\/Caballero1.jpg?w=580&amp;ssl=1 580w, https:\/\/i0.wp.com\/eltrabajo.cl\/portal\/wp-content\/uploads\/2020\/05\/Caballero1.jpg?resize=300%2C186&amp;ssl=1 300w, https:\/\/i0.wp.com\/eltrabajo.cl\/portal\/wp-content\/uploads\/2020\/05\/Caballero1.jpg?resize=200%2C124&amp;ssl=1 200w, https:\/\/i0.wp.com\/eltrabajo.cl\/portal\/wp-content\/uploads\/2020\/05\/Caballero1.jpg?resize=150%2C93&amp;ssl=1 150w\" sizes=\"auto, (max-width: 580px) 100vw, 580px\" \/><figcaption id=\"caption-attachment-98644\" class=\"wp-caption-text\">HOY LO DESPIDEN.- El velatorio de Sergio Caballero se est\u00e1 realizando en su casa de habitaci\u00f3n en Coimas 142 frente al Conservador de Bienes Ra\u00edces, a las 10:00 horas se har\u00e1 un Responso, y ser\u00e1n trasladados sus restos al mausoleo familiar en el Cementerio Municipal, en Almendral.<\/figcaption><\/figure>\n<p>&nbsp;<\/p>\n<figure id=\"attachment_98643\" aria-describedby=\"caption-attachment-98643\" style=\"width: 580px\" class=\"wp-caption alignnone\"><img data-recalc-dims=\"1\" loading=\"lazy\" decoding=\"async\" class=\"size-full wp-image-98643\" src=\"https:\/\/i0.wp.com\/www.eltrabajo.cl\/portal\/wp-content\/uploads\/2020\/05\/Caballero_Victor-Carvajal.jpg?resize=580%2C598\" alt=\"V\u00edctor Carvajal, hijo de crianza de Sergio Caballero.\" width=\"580\" height=\"598\" srcset=\"https:\/\/i0.wp.com\/eltrabajo.cl\/portal\/wp-content\/uploads\/2020\/05\/Caballero_Victor-Carvajal.jpg?w=580&amp;ssl=1 580w, https:\/\/i0.wp.com\/eltrabajo.cl\/portal\/wp-content\/uploads\/2020\/05\/Caballero_Victor-Carvajal.jpg?resize=291%2C300&amp;ssl=1 291w, https:\/\/i0.wp.com\/eltrabajo.cl\/portal\/wp-content\/uploads\/2020\/05\/Caballero_Victor-Carvajal.jpg?resize=145%2C150&amp;ssl=1 145w\" sizes=\"auto, (max-width: 580px) 100vw, 580px\" \/><figcaption id=\"caption-attachment-98643\" class=\"wp-caption-text\">V\u00edctor Carvajal, hijo de crianza de Sergio Caballero.<\/figcaption><\/figure>\n","protected":false},"excerpt":{"rendered":"<p>Fue tambi\u00e9n Rotario, Mas\u00f3n, pescador, atleta y futbolista: A sus 91 a\u00f1os de edad y rodeado del amor familiar en su casa de habitaci\u00f3n falleci\u00f3 la noche de este martes el abogado&#8230;<\/p>\n","protected":false},"author":482,"featured_media":98641,"comment_status":"open","ping_status":"open","sticky":false,"template":"","format":"standard","meta":{"advanced_seo_description":"","jetpack_seo_html_title":"","jetpack_seo_noindex":false,"_jetpack_memberships_contains_paid_content":false,"footnotes":""},"categories":[15],"tags":[],"class_list":["post-98639","post","type-post","status-publish","format-standard","has-post-thumbnail","hentry","category-comunidad"],"jetpack_featured_media_url":"https:\/\/i0.wp.com\/eltrabajo.cl\/portal\/wp-content\/uploads\/2020\/05\/Caballero_Sergio-Caballero-Espinoza-copia.jpg?fit=580%2C358&ssl=1","jetpack_sharing_enabled":true,"jetpack_likes_enabled":true,"jetpack-related-posts":[],"_links":{"self":[{"href":"https:\/\/eltrabajo.cl\/portal\/wp-json\/wp\/v2\/posts\/98639","targetHints":{"allow":["GET"]}}],"collection":[{"href":"https:\/\/eltrabajo.cl\/portal\/wp-json\/wp\/v2\/posts"}],"about":[{"href":"https:\/\/eltrabajo.cl\/portal\/wp-json\/wp\/v2\/types\/post"}],"author":[{"embeddable":true,"href":"https:\/\/eltrabajo.cl\/portal\/wp-json\/wp\/v2\/users\/482"}],"replies":[{"embeddable":true,"href":"https:\/\/eltrabajo.cl\/portal\/wp-json\/wp\/v2\/comments?post=98639"}],"version-history":[{"count":0,"href":"https:\/\/eltrabajo.cl\/portal\/wp-json\/wp\/v2\/posts\/98639\/revisions"}],"wp:featuredmedia":[{"embeddable":true,"href":"https:\/\/eltrabajo.cl\/portal\/wp-json\/wp\/v2\/media\/98641"}],"wp:attachment":[{"href":"https:\/\/eltrabajo.cl\/portal\/wp-json\/wp\/v2\/media?parent=98639"}],"wp:term":[{"taxonomy":"category","embeddable":true,"href":"https:\/\/eltrabajo.cl\/portal\/wp-json\/wp\/v2\/categories?post=98639"},{"taxonomy":"post_tag","embeddable":true,"href":"https:\/\/eltrabajo.cl\/portal\/wp-json\/wp\/v2\/tags?post=98639"}],"curies":[{"name":"wp","href":"https:\/\/api.w.org\/{rel}","templated":true}]}}