{"id":98648,"date":"2020-05-06T22:07:44","date_gmt":"2020-05-07T02:07:44","guid":{"rendered":"http:\/\/www.eltrabajo.cl\/portal\/?p=98648"},"modified":"2020-05-06T21:01:49","modified_gmt":"2020-05-07T01:01:49","slug":"sacan-de-san-felipe-a-mujer-contagiada-con-covid-19-para-evitar-enfrentamientos-entre-vecinos","status":"publish","type":"post","link":"https:\/\/eltrabajo.cl\/portal\/sacan-de-san-felipe-a-mujer-contagiada-con-covid-19-para-evitar-enfrentamientos-entre-vecinos\/","title":{"rendered":"Sacan de San Felipe a mujer contagiada con Covid-19 para evitar enfrentamientos entre vecinos"},"content":{"rendered":"<p><span style=\"color: #c81400;\"><strong>Fue trasladada al Hotel O\u2019Higgins en Vi\u00f1a del Mar:<\/strong><\/span><\/p>\n<p>Momentos complicados, de alta tensi\u00f3n, se vivieron este martes en la noche en el sector norte de San Felipe, luego que una persona de nacionalidad haitiana, de sexo masculino, fuera agredido en la cabeza cuando fue a dejar dinero a un inmueble donde viven alrededor de 33 personas de esa nacionalidad. Por tal motivo una mujer contagiada fue trasladada hasta el Hotel O\u2019Higgins de Vi\u00f1a del Mar, que funciona como hospital sanitario, para evitar posibles enfrentamientos entre vecinos.<\/p>\n<p>Un testigo en conversaci\u00f3n con radio Aconcagua dijo: <em>\u00abLe pegaron un palo en la cabeza y el loco ven\u00eda a dejar una plata, no ten\u00eda nada que ver con el tema\u00bb,<\/em> se\u00f1al\u00f3.<\/p>\n<p>Tambi\u00e9n estaba presente en el lugar la jefa de la Autoridad Sanitaria, <strong>Claudia Abarca Cataldo<\/strong>, quien indic\u00f3 que era un poco complejo <em>\u00abpor la cantidad de personas y la sensibilidad de la poblaci\u00f3n, m\u00e1s que nada tuvimos que sacar a las personas para que fuesen a hacer su cuarentena en el Hotel O\u2019Higgins, nuestra residencia sanitaria para evitar posibles agresiones; de hecho se dio una ac\u00e1 por diversos motivos, es una persona que no est\u00e1 contagiada, entonces por lo mismo, por seguridad de las personas est\u00e1n siendo trasladados a Vi\u00f1a\u00bb,<\/em> se\u00f1al\u00f3.<\/p>\n<p>La jefa aclar\u00f3 que de la pareja de haitianos solamente la mujer se encuentra contagiada con el Covid-19.<\/p>\n<p>En tanto las dem\u00e1s personas que viven en el lugar, alrededor de 60 de diversas nacionalidades, est\u00e1n realizando cuarentena obligatoria en el domicilio ubicado en calle 1 Norte. Lo anterior porque ellos pueden hacer sintomatolog\u00eda hasta el d\u00eda 12, por lo tanto deben hacer esta cuarentena obligatoria por 14 d\u00edas. De todos modos esta cifra puede sufrir modificaciones porque hay personas que estaban trabajando, explic\u00f3 la jefa de la Autoridad Sanitaria, Claudia Abarca.<\/p>\n<p>Aclara que no se les realizan ex\u00e1menes a menos que presenten s\u00edntomas del Covid-19.<\/p>\n<p>A todas estas personas se les est\u00e1 brindando ayuda en alimentos por parte de la Dideco de la Municipalidad de San Felipe. Mientras que la Autoridad Sanitaria les realiza el seguimiento para detectar posibles casos nuevos de contagios.<\/p>\n<p>Importante recordar que tanto la mujer como su pareja fueron trasladados hasta el Hotel O\u2019Higgins, que funciona como hospital sanitario. Reiterando que solamente la mujer est\u00e1 contagiada con el Covid-19.<\/p>\n<p>&nbsp;<\/p>\n<figure id=\"attachment_98649\" aria-describedby=\"caption-attachment-98649\" style=\"width: 580px\" class=\"wp-caption alignnone\"><img data-recalc-dims=\"1\" loading=\"lazy\" decoding=\"async\" class=\"size-full wp-image-98649\" src=\"https:\/\/i0.wp.com\/www.eltrabajo.cl\/portal\/wp-content\/uploads\/2020\/05\/covid-en-cite-1.jpg?resize=580%2C359\" alt=\"Personal de la Autoridad Sanitaria lleg\u00f3 noche del martes hasta calle Uno Norte, donde se desat\u00f3 el violento incidente.\" width=\"580\" height=\"359\" srcset=\"https:\/\/i0.wp.com\/eltrabajo.cl\/portal\/wp-content\/uploads\/2020\/05\/covid-en-cite-1.jpg?w=580&amp;ssl=1 580w, https:\/\/i0.wp.com\/eltrabajo.cl\/portal\/wp-content\/uploads\/2020\/05\/covid-en-cite-1.jpg?resize=300%2C186&amp;ssl=1 300w, https:\/\/i0.wp.com\/eltrabajo.cl\/portal\/wp-content\/uploads\/2020\/05\/covid-en-cite-1.jpg?resize=200%2C124&amp;ssl=1 200w, https:\/\/i0.wp.com\/eltrabajo.cl\/portal\/wp-content\/uploads\/2020\/05\/covid-en-cite-1.jpg?resize=150%2C93&amp;ssl=1 150w\" sizes=\"auto, (max-width: 580px) 100vw, 580px\" \/><figcaption id=\"caption-attachment-98649\" class=\"wp-caption-text\">Personal de la Autoridad Sanitaria lleg\u00f3 noche del martes hasta calle Uno Norte, donde se desat\u00f3 el violento incidente.<\/figcaption><\/figure>\n<p>&nbsp;<\/p>\n<figure id=\"attachment_98650\" aria-describedby=\"caption-attachment-98650\" style=\"width: 580px\" class=\"wp-caption alignnone\"><img data-recalc-dims=\"1\" loading=\"lazy\" decoding=\"async\" class=\"size-full wp-image-98650\" src=\"https:\/\/i0.wp.com\/www.eltrabajo.cl\/portal\/wp-content\/uploads\/2020\/05\/covid-en-cite-2.jpg?resize=580%2C358\" alt=\"El caso qued\u00f3 al descubierto la ma\u00f1ana de este martes, afectando a moradores de un cit\u00e9 ubicado en calle Uno Norte.\" width=\"580\" height=\"358\" srcset=\"https:\/\/i0.wp.com\/eltrabajo.cl\/portal\/wp-content\/uploads\/2020\/05\/covid-en-cite-2.jpg?w=580&amp;ssl=1 580w, https:\/\/i0.wp.com\/eltrabajo.cl\/portal\/wp-content\/uploads\/2020\/05\/covid-en-cite-2.jpg?resize=300%2C185&amp;ssl=1 300w, https:\/\/i0.wp.com\/eltrabajo.cl\/portal\/wp-content\/uploads\/2020\/05\/covid-en-cite-2.jpg?resize=200%2C123&amp;ssl=1 200w, https:\/\/i0.wp.com\/eltrabajo.cl\/portal\/wp-content\/uploads\/2020\/05\/covid-en-cite-2.jpg?resize=150%2C93&amp;ssl=1 150w\" sizes=\"auto, (max-width: 580px) 100vw, 580px\" \/><figcaption id=\"caption-attachment-98650\" class=\"wp-caption-text\">El caso qued\u00f3 al descubierto la ma\u00f1ana de este martes, afectando a moradores de un cit\u00e9 ubicado en calle Uno Norte.<\/figcaption><\/figure>\n","protected":false},"excerpt":{"rendered":"<p>Fue trasladada al Hotel O\u2019Higgins en Vi\u00f1a del Mar: Momentos complicados, de alta tensi\u00f3n, se vivieron este martes en la noche en el sector norte de San Felipe, luego que una persona&#8230;<\/p>\n","protected":false},"author":482,"featured_media":98649,"comment_status":"open","ping_status":"open","sticky":false,"template":"","format":"standard","meta":{"advanced_seo_description":"","jetpack_seo_html_title":"","jetpack_seo_noindex":false,"_jetpack_memberships_contains_paid_content":false,"footnotes":""},"categories":[103],"tags":[],"class_list":["post-98648","post","type-post","status-publish","format-standard","has-post-thumbnail","hentry","category-cronica-2"],"jetpack_featured_media_url":"https:\/\/i0.wp.com\/eltrabajo.cl\/portal\/wp-content\/uploads\/2020\/05\/covid-en-cite-1.jpg?fit=580%2C359&ssl=1","jetpack_sharing_enabled":true,"jetpack_likes_enabled":true,"jetpack-related-posts":[],"_links":{"self":[{"href":"https:\/\/eltrabajo.cl\/portal\/wp-json\/wp\/v2\/posts\/98648","targetHints":{"allow":["GET"]}}],"collection":[{"href":"https:\/\/eltrabajo.cl\/portal\/wp-json\/wp\/v2\/posts"}],"about":[{"href":"https:\/\/eltrabajo.cl\/portal\/wp-json\/wp\/v2\/types\/post"}],"author":[{"embeddable":true,"href":"https:\/\/eltrabajo.cl\/portal\/wp-json\/wp\/v2\/users\/482"}],"replies":[{"embeddable":true,"href":"https:\/\/eltrabajo.cl\/portal\/wp-json\/wp\/v2\/comments?post=98648"}],"version-history":[{"count":0,"href":"https:\/\/eltrabajo.cl\/portal\/wp-json\/wp\/v2\/posts\/98648\/revisions"}],"wp:featuredmedia":[{"embeddable":true,"href":"https:\/\/eltrabajo.cl\/portal\/wp-json\/wp\/v2\/media\/98649"}],"wp:attachment":[{"href":"https:\/\/eltrabajo.cl\/portal\/wp-json\/wp\/v2\/media?parent=98648"}],"wp:term":[{"taxonomy":"category","embeddable":true,"href":"https:\/\/eltrabajo.cl\/portal\/wp-json\/wp\/v2\/categories?post=98648"},{"taxonomy":"post_tag","embeddable":true,"href":"https:\/\/eltrabajo.cl\/portal\/wp-json\/wp\/v2\/tags?post=98648"}],"curies":[{"name":"wp","href":"https:\/\/api.w.org\/{rel}","templated":true}]}}