{"id":98652,"date":"2020-05-07T10:24:48","date_gmt":"2020-05-07T14:24:48","guid":{"rendered":"http:\/\/www.eltrabajo.cl\/portal\/?p=98652"},"modified":"2020-05-07T10:24:48","modified_gmt":"2020-05-07T14:24:48","slug":"carabineros-de-santa-maria-detiene-a-banda-que-mantenia-secuestradas-a-dos-personas-en-una-sede-social","status":"publish","type":"post","link":"https:\/\/eltrabajo.cl\/portal\/carabineros-de-santa-maria-detiene-a-banda-que-mantenia-secuestradas-a-dos-personas-en-una-sede-social\/","title":{"rendered":"Carabineros de Santa Mar\u00eda detiene a banda que manten\u00eda secuestradas a dos personas en una sede social"},"content":{"rendered":"<p>Una banda conformada por cuatro sujetos fue detenida por Carabineros de la Tenencia de Santa Mar\u00eda, acusando a sus integrantes por secuestro de dos personas adultas, a las que mantuvieron maniatadas por dos d\u00edas en una sede vecinal de esa comuna.<\/p>\n<p>La informaci\u00f3n fue entregada por el capit\u00e1n de Carabineros <strong>Franco Herrera<\/strong>, quien dijo que este mi\u00e9rcoles a eso de las 21:400 horas, \u201cpersonal de la Tenencia de Carabineros de Santa Mar\u00eda recibi\u00f3 un comunicado que en la sede vecinal de la cancha Roberto Huerta de la misma comuna, se encontraban dos personas amordazadas, aparentemente secuestradas. Al arribar personal de Carabineros, ingresan a esta sede vecinal y descubren a dos personas que se encontraban amordazadas y maniatadas con evidentes lesiones en su cuerpo, encontrando adem\u00e1s a cuatro sujetos que manten\u00edan en custodia a estas personas\u201d, \u00a0se\u00f1al\u00f3.<\/p>\n<p>Las v\u00edctimas al ser consultadas dijeron que desde hace dos d\u00edas, contra su voluntad, los manten\u00edan en custodia en dicha sede.<\/p>\n<p>Carabineros tom\u00f3 contacto con el fiscal de turno que dispuso que\u00a0 el procedimiento y los detenidos fueran entregados a la PDI una vez que Carabineros terminara con el mismo.<\/p>\n<p>Las v\u00edctimas corresponden a dos hombres de 26 y 27 a\u00f1os de edad.<\/p>\n<p>&nbsp;<\/p>\n<figure id=\"attachment_98653\" aria-describedby=\"caption-attachment-98653\" style=\"width: 580px\" class=\"wp-caption alignnone\"><img data-recalc-dims=\"1\" loading=\"lazy\" decoding=\"async\" class=\"size-full wp-image-98653\" src=\"https:\/\/i0.wp.com\/www.eltrabajo.cl\/portal\/wp-content\/uploads\/2020\/05\/detenidos-secuestro-santa-maria.jpg?resize=580%2C360\" alt=\"Carabineros conduce a dos de los detenidos acusados de secuestro, hasta las dependencias de la unidad policial de Santa Mar\u00eda.\" width=\"580\" height=\"360\" srcset=\"https:\/\/i0.wp.com\/eltrabajo.cl\/portal\/wp-content\/uploads\/2020\/05\/detenidos-secuestro-santa-maria.jpg?w=580&amp;ssl=1 580w, https:\/\/i0.wp.com\/eltrabajo.cl\/portal\/wp-content\/uploads\/2020\/05\/detenidos-secuestro-santa-maria.jpg?resize=300%2C186&amp;ssl=1 300w, https:\/\/i0.wp.com\/eltrabajo.cl\/portal\/wp-content\/uploads\/2020\/05\/detenidos-secuestro-santa-maria.jpg?resize=200%2C124&amp;ssl=1 200w, https:\/\/i0.wp.com\/eltrabajo.cl\/portal\/wp-content\/uploads\/2020\/05\/detenidos-secuestro-santa-maria.jpg?resize=150%2C93&amp;ssl=1 150w\" sizes=\"auto, (max-width: 580px) 100vw, 580px\" \/><figcaption id=\"caption-attachment-98653\" class=\"wp-caption-text\">Carabineros conduce a dos de los detenidos acusados de secuestro, hasta las dependencias de la unidad policial de Santa Mar\u00eda.<\/figcaption><\/figure>\n","protected":false},"excerpt":{"rendered":"<p>Una banda conformada por cuatro sujetos fue detenida por Carabineros de la Tenencia de Santa Mar\u00eda, acusando a sus integrantes por secuestro de dos personas adultas, a las que mantuvieron maniatadas por&#8230;<\/p>\n","protected":false},"author":482,"featured_media":98653,"comment_status":"open","ping_status":"open","sticky":false,"template":"","format":"standard","meta":{"advanced_seo_description":"","jetpack_seo_html_title":"","jetpack_seo_noindex":false,"_jetpack_memberships_contains_paid_content":false,"footnotes":""},"categories":[21],"tags":[],"class_list":["post-98652","post","type-post","status-publish","format-standard","has-post-thumbnail","hentry","category-policial"],"jetpack_featured_media_url":"https:\/\/i0.wp.com\/eltrabajo.cl\/portal\/wp-content\/uploads\/2020\/05\/detenidos-secuestro-santa-maria.jpg?fit=580%2C360&ssl=1","jetpack_sharing_enabled":true,"jetpack_likes_enabled":true,"jetpack-related-posts":[],"_links":{"self":[{"href":"https:\/\/eltrabajo.cl\/portal\/wp-json\/wp\/v2\/posts\/98652","targetHints":{"allow":["GET"]}}],"collection":[{"href":"https:\/\/eltrabajo.cl\/portal\/wp-json\/wp\/v2\/posts"}],"about":[{"href":"https:\/\/eltrabajo.cl\/portal\/wp-json\/wp\/v2\/types\/post"}],"author":[{"embeddable":true,"href":"https:\/\/eltrabajo.cl\/portal\/wp-json\/wp\/v2\/users\/482"}],"replies":[{"embeddable":true,"href":"https:\/\/eltrabajo.cl\/portal\/wp-json\/wp\/v2\/comments?post=98652"}],"version-history":[{"count":0,"href":"https:\/\/eltrabajo.cl\/portal\/wp-json\/wp\/v2\/posts\/98652\/revisions"}],"wp:featuredmedia":[{"embeddable":true,"href":"https:\/\/eltrabajo.cl\/portal\/wp-json\/wp\/v2\/media\/98653"}],"wp:attachment":[{"href":"https:\/\/eltrabajo.cl\/portal\/wp-json\/wp\/v2\/media?parent=98652"}],"wp:term":[{"taxonomy":"category","embeddable":true,"href":"https:\/\/eltrabajo.cl\/portal\/wp-json\/wp\/v2\/categories?post=98652"},{"taxonomy":"post_tag","embeddable":true,"href":"https:\/\/eltrabajo.cl\/portal\/wp-json\/wp\/v2\/tags?post=98652"}],"curies":[{"name":"wp","href":"https:\/\/api.w.org\/{rel}","templated":true}]}}