{"id":98655,"date":"2020-05-07T22:01:10","date_gmt":"2020-05-08T02:01:10","guid":{"rendered":"http:\/\/www.eltrabajo.cl\/portal\/?p=98655"},"modified":"2020-05-07T19:57:13","modified_gmt":"2020-05-07T23:57:13","slug":"habilitan-semaforizacion-en-interseccion-de-hermanos-carrera-oriente-norte","status":"publish","type":"post","link":"https:\/\/eltrabajo.cl\/portal\/habilitan-semaforizacion-en-interseccion-de-hermanos-carrera-oriente-norte\/","title":{"rendered":"Habilitan semaforizaci\u00f3n en intersecci\u00f3n de Hermanos Carrera Oriente-Norte"},"content":{"rendered":"<p><span style=\"color: #c8140a;\"><strong>Como parte de proyecto de circunvalaci\u00f3n:<\/strong><\/span><\/p>\n<ul>\n<li><strong>Sigue avance de esta obra que conectar\u00e1 Miraflores con calle Luis Gajardo Guerrero<\/strong><\/li>\n<\/ul>\n<p>Este jueves se realiz\u00f3 la habilitaci\u00f3n de la semaforizaci\u00f3n del cruce Hermanos Carrera Oriente-Norte, altura Portal Aconcagua, que forma parte del proyecto que est\u00e1 en ejecuci\u00f3n de la ampliaci\u00f3n de esta avenida, entre Miraflores y Luis Gajardo Guerrero.<\/p>\n<p>En una visita t\u00e9cnica, el alcalde Patricio Freire, acompa\u00f1ado por el asesor urbanista de la Secretar\u00eda de Planificaci\u00f3n Comunal (Secplac), Rodrigo Salinas, conoci\u00f3 los trabajos finales de habilitaci\u00f3n de este nodo que regular\u00e1 el tr\u00e1fico por el sector.<\/p>\n<p>Cabe consignar que esto es parte de los nuevos sem\u00e1foros que incorpora el proyecto de circunvalaci\u00f3n, una vez que se avance, se instalar\u00e1n tambi\u00e9n en las intersecciones de Hermanos Carrera Noriente-Yungay y Abraham Ahumada.<\/p>\n<p>Principalmente, esta conexi\u00f3n representa una mejora para los vecinos que viven en los sectores de Bernardo Cruz, Villa Cordillera, Portal Aconcagua, San Camilo, entre otros, quienes por ahora tienen salida hacia Avenida Miraflores de manera directa.<\/p>\n<p>El alcalde <strong>Patricio Freire<\/strong> calific\u00f3 que este tipo de obras son un gran adelanto para la comuna. <em>\u00abUn avance m\u00e1s y esperamos que en el breve tiempo est\u00e9 operativo el nuevo trazado de la circunvalaci\u00f3n. Este es un perfil de avenida muy importante, de cuatro pistas, que mejora la conectividad y disminuye la carga de tr\u00e1fico por el damero central de San Felipe\u00bb,<\/em> coment\u00f3.<\/p>\n<p>Mientras que Rodrigo Salinas, urbanista de la Secplac, se sum\u00f3 a lo indicado por el jefe comunal, <em>\u00abviene a cambiar el modo de c\u00f3mo vamos a transitar por la comuna y que est\u00e1 relacionado con el Plan Maestro de Gesti\u00f3n de Tr\u00e1nsito. Con este proyecto tendremos un anillo de circunvalaci\u00f3n m\u00e1s amplio que las alamedas, con velocidades de desplazamiento expeditas, que disminuir\u00e1n los tiempos de desplazamiento de un punto a otro de la ciudad\u00bb,<\/em> explic\u00f3.<\/p>\n<p>&nbsp;<\/p>\n<figure id=\"attachment_98656\" aria-describedby=\"caption-attachment-98656\" style=\"width: 580px\" class=\"wp-caption alignnone\"><img data-recalc-dims=\"1\" loading=\"lazy\" decoding=\"async\" class=\"size-full wp-image-98656\" src=\"https:\/\/i0.wp.com\/www.eltrabajo.cl\/portal\/wp-content\/uploads\/2020\/05\/semaforos-1.jpg?resize=580%2C360\" alt=\"El alcalde Patricio Freire conoci\u00f3 los trabajos finales de habilitaci\u00f3n de este nodo que regular\u00e1 el tr\u00e1fico por el sector.\" width=\"580\" height=\"360\" srcset=\"https:\/\/i0.wp.com\/eltrabajo.cl\/portal\/wp-content\/uploads\/2020\/05\/semaforos-1.jpg?w=580&amp;ssl=1 580w, https:\/\/i0.wp.com\/eltrabajo.cl\/portal\/wp-content\/uploads\/2020\/05\/semaforos-1.jpg?resize=300%2C186&amp;ssl=1 300w, https:\/\/i0.wp.com\/eltrabajo.cl\/portal\/wp-content\/uploads\/2020\/05\/semaforos-1.jpg?resize=200%2C124&amp;ssl=1 200w, https:\/\/i0.wp.com\/eltrabajo.cl\/portal\/wp-content\/uploads\/2020\/05\/semaforos-1.jpg?resize=150%2C93&amp;ssl=1 150w\" sizes=\"auto, (max-width: 580px) 100vw, 580px\" \/><figcaption id=\"caption-attachment-98656\" class=\"wp-caption-text\">El alcalde Patricio Freire conoci\u00f3 los trabajos finales de habilitaci\u00f3n de este nodo que regular\u00e1 el tr\u00e1fico por el sector.<\/figcaption><\/figure>\n<p>&nbsp;<\/p>\n<figure id=\"attachment_98657\" aria-describedby=\"caption-attachment-98657\" style=\"width: 579px\" class=\"wp-caption alignnone\"><img data-recalc-dims=\"1\" loading=\"lazy\" decoding=\"async\" class=\"size-full wp-image-98657\" src=\"https:\/\/i0.wp.com\/www.eltrabajo.cl\/portal\/wp-content\/uploads\/2020\/05\/semaforos-2.jpg?resize=579%2C430\" alt=\"Esto es parte de los nuevos sem\u00e1foros que incorpora el proyecto de circunvalaci\u00f3n, ya que se instalar\u00e1n tambi\u00e9n en las intersecciones de Hermanos Carrera Noriente-Yungay y Abraham Ahumada.\" width=\"579\" height=\"430\" srcset=\"https:\/\/i0.wp.com\/eltrabajo.cl\/portal\/wp-content\/uploads\/2020\/05\/semaforos-2.jpg?w=579&amp;ssl=1 579w, https:\/\/i0.wp.com\/eltrabajo.cl\/portal\/wp-content\/uploads\/2020\/05\/semaforos-2.jpg?resize=300%2C223&amp;ssl=1 300w, https:\/\/i0.wp.com\/eltrabajo.cl\/portal\/wp-content\/uploads\/2020\/05\/semaforos-2.jpg?resize=200%2C150&amp;ssl=1 200w, https:\/\/i0.wp.com\/eltrabajo.cl\/portal\/wp-content\/uploads\/2020\/05\/semaforos-2.jpg?resize=150%2C111&amp;ssl=1 150w\" sizes=\"auto, (max-width: 579px) 100vw, 579px\" \/><figcaption id=\"caption-attachment-98657\" class=\"wp-caption-text\">Esto es parte de los nuevos sem\u00e1foros que incorpora el proyecto de circunvalaci\u00f3n, ya que se instalar\u00e1n tambi\u00e9n en las intersecciones de Hermanos Carrera Noriente-Yungay y Abraham Ahumada.<\/figcaption><\/figure>\n","protected":false},"excerpt":{"rendered":"<p>Como parte de proyecto de circunvalaci\u00f3n: Sigue avance de esta obra que conectar\u00e1 Miraflores con calle Luis Gajardo Guerrero Este jueves se realiz\u00f3 la habilitaci\u00f3n de la semaforizaci\u00f3n del cruce Hermanos Carrera&#8230;<\/p>\n","protected":false},"author":482,"featured_media":98656,"comment_status":"open","ping_status":"open","sticky":false,"template":"","format":"standard","meta":{"advanced_seo_description":"","jetpack_seo_html_title":"","jetpack_seo_noindex":false,"_jetpack_memberships_contains_paid_content":false,"footnotes":""},"categories":[103],"tags":[],"class_list":["post-98655","post","type-post","status-publish","format-standard","has-post-thumbnail","hentry","category-cronica-2"],"jetpack_featured_media_url":"https:\/\/i0.wp.com\/eltrabajo.cl\/portal\/wp-content\/uploads\/2020\/05\/semaforos-1.jpg?fit=580%2C360&ssl=1","jetpack_sharing_enabled":true,"jetpack_likes_enabled":true,"jetpack-related-posts":[],"_links":{"self":[{"href":"https:\/\/eltrabajo.cl\/portal\/wp-json\/wp\/v2\/posts\/98655","targetHints":{"allow":["GET"]}}],"collection":[{"href":"https:\/\/eltrabajo.cl\/portal\/wp-json\/wp\/v2\/posts"}],"about":[{"href":"https:\/\/eltrabajo.cl\/portal\/wp-json\/wp\/v2\/types\/post"}],"author":[{"embeddable":true,"href":"https:\/\/eltrabajo.cl\/portal\/wp-json\/wp\/v2\/users\/482"}],"replies":[{"embeddable":true,"href":"https:\/\/eltrabajo.cl\/portal\/wp-json\/wp\/v2\/comments?post=98655"}],"version-history":[{"count":0,"href":"https:\/\/eltrabajo.cl\/portal\/wp-json\/wp\/v2\/posts\/98655\/revisions"}],"wp:featuredmedia":[{"embeddable":true,"href":"https:\/\/eltrabajo.cl\/portal\/wp-json\/wp\/v2\/media\/98656"}],"wp:attachment":[{"href":"https:\/\/eltrabajo.cl\/portal\/wp-json\/wp\/v2\/media?parent=98655"}],"wp:term":[{"taxonomy":"category","embeddable":true,"href":"https:\/\/eltrabajo.cl\/portal\/wp-json\/wp\/v2\/categories?post=98655"},{"taxonomy":"post_tag","embeddable":true,"href":"https:\/\/eltrabajo.cl\/portal\/wp-json\/wp\/v2\/tags?post=98655"}],"curies":[{"name":"wp","href":"https:\/\/api.w.org\/{rel}","templated":true}]}}