{"id":98659,"date":"2020-05-07T22:02:27","date_gmt":"2020-05-08T02:02:27","guid":{"rendered":"http:\/\/www.eltrabajo.cl\/portal\/?p=98659"},"modified":"2020-05-07T19:58:59","modified_gmt":"2020-05-07T23:58:59","slug":"ayer-despidieron-amigos-y-familiares-a-sergio-caballero-espinoza","status":"publish","type":"post","link":"https:\/\/eltrabajo.cl\/portal\/ayer-despidieron-amigos-y-familiares-a-sergio-caballero-espinoza\/","title":{"rendered":"Ayer despidieron amigos y familiares a Sergio Caballero Espinoza"},"content":{"rendered":"<p>Tal cual se anunci\u00f3 ayer en Diario El Trabajo, la despedida al abogado sanfelipe\u00f1o Sergio Caballero Espinoza se llev\u00f3 a cabo a las 11:00 horas en el mausoleo familiar. A la cita llegaron sus m\u00e1s \u00edntimos amigos y su familia.<br \/>\nDurante las exequias de Caballero, en todo momento se guardaron las medidas preventivas de un m\u00e1ximo de 20 personas, todos con mascarilla y el debido distanciamiento.<\/p>\n<p>&nbsp;<\/p>\n<figure id=\"attachment_98660\" aria-describedby=\"caption-attachment-98660\" style=\"width: 580px\" class=\"wp-caption alignnone\"><img data-recalc-dims=\"1\" loading=\"lazy\" decoding=\"async\" class=\"size-full wp-image-98660\" src=\"https:\/\/i0.wp.com\/www.eltrabajo.cl\/portal\/wp-content\/uploads\/2020\/05\/Funerales1.jpg?resize=580%2C360\" alt=\"UN RECUERDO.- Con solemne discreci\u00f3n y mucho cari\u00f1o fue despedido al Oriente Eterno, el querido abogado sanfelipe\u00f1o en el Cementerio Municipal, en Almendral.\" width=\"580\" height=\"360\" srcset=\"https:\/\/i0.wp.com\/eltrabajo.cl\/portal\/wp-content\/uploads\/2020\/05\/Funerales1.jpg?w=580&amp;ssl=1 580w, https:\/\/i0.wp.com\/eltrabajo.cl\/portal\/wp-content\/uploads\/2020\/05\/Funerales1.jpg?resize=300%2C186&amp;ssl=1 300w, https:\/\/i0.wp.com\/eltrabajo.cl\/portal\/wp-content\/uploads\/2020\/05\/Funerales1.jpg?resize=200%2C124&amp;ssl=1 200w, https:\/\/i0.wp.com\/eltrabajo.cl\/portal\/wp-content\/uploads\/2020\/05\/Funerales1.jpg?resize=150%2C93&amp;ssl=1 150w\" sizes=\"auto, (max-width: 580px) 100vw, 580px\" \/><figcaption id=\"caption-attachment-98660\" class=\"wp-caption-text\">UN RECUERDO.- Con solemne discreci\u00f3n y mucho cari\u00f1o fue despedido al Oriente Eterno, el querido abogado sanfelipe\u00f1o en el Cementerio Municipal, en Almendral.<\/figcaption><\/figure>\n<p>&nbsp;<\/p>\n<figure id=\"attachment_98661\" aria-describedby=\"caption-attachment-98661\" style=\"width: 579px\" class=\"wp-caption alignnone\"><img data-recalc-dims=\"1\" loading=\"lazy\" decoding=\"async\" class=\"size-full wp-image-98661\" src=\"https:\/\/i0.wp.com\/www.eltrabajo.cl\/portal\/wp-content\/uploads\/2020\/05\/Funerales_Sergio-Caballero-Espinoza.jpg?resize=579%2C613\" alt=\"Sergio Caballero Espinoza naci\u00f3 el domingo 16 de diciembre de 1928, falleci\u00f3 el martes 5 de mayo de 2020.\" width=\"579\" height=\"613\" srcset=\"https:\/\/i0.wp.com\/eltrabajo.cl\/portal\/wp-content\/uploads\/2020\/05\/Funerales_Sergio-Caballero-Espinoza.jpg?w=579&amp;ssl=1 579w, https:\/\/i0.wp.com\/eltrabajo.cl\/portal\/wp-content\/uploads\/2020\/05\/Funerales_Sergio-Caballero-Espinoza.jpg?resize=283%2C300&amp;ssl=1 283w, https:\/\/i0.wp.com\/eltrabajo.cl\/portal\/wp-content\/uploads\/2020\/05\/Funerales_Sergio-Caballero-Espinoza.jpg?resize=142%2C150&amp;ssl=1 142w\" sizes=\"auto, (max-width: 579px) 100vw, 579px\" \/><figcaption id=\"caption-attachment-98661\" class=\"wp-caption-text\">Sergio Caballero Espinoza naci\u00f3 el domingo 16 de diciembre de 1928, falleci\u00f3 el martes 5 de mayo de 2020.<\/figcaption><\/figure>\n","protected":false},"excerpt":{"rendered":"<p>Tal cual se anunci\u00f3 ayer en Diario El Trabajo, la despedida al abogado sanfelipe\u00f1o Sergio Caballero Espinoza se llev\u00f3 a cabo a las 11:00 horas en el mausoleo familiar. A la cita&#8230;<\/p>\n","protected":false},"author":482,"featured_media":98660,"comment_status":"open","ping_status":"open","sticky":false,"template":"","format":"standard","meta":{"advanced_seo_description":"","jetpack_seo_html_title":"","jetpack_seo_noindex":false,"_jetpack_memberships_contains_paid_content":false,"footnotes":""},"categories":[15],"tags":[],"class_list":["post-98659","post","type-post","status-publish","format-standard","has-post-thumbnail","hentry","category-comunidad"],"jetpack_featured_media_url":"https:\/\/i0.wp.com\/eltrabajo.cl\/portal\/wp-content\/uploads\/2020\/05\/Funerales1.jpg?fit=580%2C360&ssl=1","jetpack_sharing_enabled":true,"jetpack_likes_enabled":true,"jetpack-related-posts":[],"_links":{"self":[{"href":"https:\/\/eltrabajo.cl\/portal\/wp-json\/wp\/v2\/posts\/98659","targetHints":{"allow":["GET"]}}],"collection":[{"href":"https:\/\/eltrabajo.cl\/portal\/wp-json\/wp\/v2\/posts"}],"about":[{"href":"https:\/\/eltrabajo.cl\/portal\/wp-json\/wp\/v2\/types\/post"}],"author":[{"embeddable":true,"href":"https:\/\/eltrabajo.cl\/portal\/wp-json\/wp\/v2\/users\/482"}],"replies":[{"embeddable":true,"href":"https:\/\/eltrabajo.cl\/portal\/wp-json\/wp\/v2\/comments?post=98659"}],"version-history":[{"count":0,"href":"https:\/\/eltrabajo.cl\/portal\/wp-json\/wp\/v2\/posts\/98659\/revisions"}],"wp:featuredmedia":[{"embeddable":true,"href":"https:\/\/eltrabajo.cl\/portal\/wp-json\/wp\/v2\/media\/98660"}],"wp:attachment":[{"href":"https:\/\/eltrabajo.cl\/portal\/wp-json\/wp\/v2\/media?parent=98659"}],"wp:term":[{"taxonomy":"category","embeddable":true,"href":"https:\/\/eltrabajo.cl\/portal\/wp-json\/wp\/v2\/categories?post=98659"},{"taxonomy":"post_tag","embeddable":true,"href":"https:\/\/eltrabajo.cl\/portal\/wp-json\/wp\/v2\/tags?post=98659"}],"curies":[{"name":"wp","href":"https:\/\/api.w.org\/{rel}","templated":true}]}}