{"id":98663,"date":"2020-05-07T22:03:16","date_gmt":"2020-05-08T02:03:16","guid":{"rendered":"http:\/\/www.eltrabajo.cl\/portal\/?p=98663"},"modified":"2020-05-07T20:02:00","modified_gmt":"2020-05-08T00:02:00","slug":"la-foto-del-dia-es-el-bombero-pablo-reyes-rescatando-perrito-de-un-foso","status":"publish","type":"post","link":"https:\/\/eltrabajo.cl\/portal\/la-foto-del-dia-es-el-bombero-pablo-reyes-rescatando-perrito-de-un-foso\/","title":{"rendered":"La Foto del D\u00eda es el bombero Pablo Reyes rescatando perrito de un foso"},"content":{"rendered":"<p><span style=\"color: #c81400;\"><strong>Ocurri\u00f3 ayer temprano en la \u2018Esquina Colorada\u2019:<\/strong><\/span><\/p>\n<p>Cerca de las 10 de la ma\u00f1ana de ayer jueves en la \u2018Esquina Colorada\u2019, en una de sus c\u00e1maras o sifones de alcantarillado, se escucharon ladridos de un perrito callejero en su interior, a una profundidad de 2 metros y medio. R\u00e1pidamente los vecinos llamaron a Bomberos para que se realizara el correspondiente rescate.<\/p>\n<p>Minutos despu\u00e9s lleg\u00f3 un carro bomba de la Cuarta Compa\u00f1\u00eda, disponi\u00e9ndose a trabajar en ubicar el lugar exacto la posici\u00f3n del asustado animal. Los minutos pasaron y no lograban hallar al animal, aunque s\u00ed segu\u00edan oy\u00e9ndose sus ladridos. As\u00ed, como a los 30 minutos y animando al perrito a salir de la alcantarilla hacia la c\u00e1mara, \u00e9ste asom\u00f3 la cabeza. El voluntario de Bomberos <strong>Pablo Reyes<\/strong> lo acarici\u00f3, le habl\u00f3, le dio confianza y finalmente el can acept\u00f3 ser tomado en los brazos de su h\u00e9roe humano. Nadie se explica c\u00f3mo logr\u00f3 entrar el animal en esa fosa, pues las tapas que cubren su entrada son muy pesadas y estaban todas instaladas.<\/p>\n<p>Las c\u00e1maras de <strong>Diario El Trabajo<\/strong> estuvieron en ese lugar registrando el rescate, para compartir hoy con nuestros lectores el trabajo de Bomberos de San Felipe, especialmente en estos momentos cuando su labor abnegada pareciera no ser dignamente valorada por aquellos a quienes corresponde aprobar recursos a tan extendida familia de h\u00e9roes an\u00f3nimos.<\/p>\n<p><strong>Roberto Gonz\u00e1lez Short<\/strong><\/p>\n<p>&nbsp;<\/p>\n<p><img data-recalc-dims=\"1\" loading=\"lazy\" decoding=\"async\" class=\"size-full wp-image-98665\" src=\"https:\/\/i0.wp.com\/www.eltrabajo.cl\/portal\/wp-content\/uploads\/2020\/05\/Rescate1.jpg?resize=579%2C431\" alt=\"Por m\u00e1s de media hora estos voluntarios de la Cuarta Compa\u00f1\u00eda de Bomberos estuvieron en maniobras de rescate de un perrito callejero en \u2018Esquina Colorada\u2019.\" width=\"579\" height=\"431\" srcset=\"https:\/\/i0.wp.com\/eltrabajo.cl\/portal\/wp-content\/uploads\/2020\/05\/Rescate1.jpg?w=579&amp;ssl=1 579w, https:\/\/i0.wp.com\/eltrabajo.cl\/portal\/wp-content\/uploads\/2020\/05\/Rescate1.jpg?resize=300%2C223&amp;ssl=1 300w, https:\/\/i0.wp.com\/eltrabajo.cl\/portal\/wp-content\/uploads\/2020\/05\/Rescate1.jpg?resize=200%2C150&amp;ssl=1 200w, https:\/\/i0.wp.com\/eltrabajo.cl\/portal\/wp-content\/uploads\/2020\/05\/Rescate1.jpg?resize=150%2C112&amp;ssl=1 150w\" sizes=\"auto, (max-width: 579px) 100vw, 579px\" \/><\/p>\n<p>Por m\u00e1s de media hora estos voluntarios de la Cuarta Compa\u00f1\u00eda de Bomberos estuvieron en maniobras de rescate de un perrito callejero en \u2018Esquina Colorada\u2019.&nbsp;<\/p>\n<figure id=\"attachment_98666\" aria-describedby=\"caption-attachment-98666\" style=\"width: 579px\" class=\"wp-caption alignnone\"><img data-recalc-dims=\"1\" loading=\"lazy\" decoding=\"async\" class=\"size-full wp-image-98666\" src=\"https:\/\/i0.wp.com\/www.eltrabajo.cl\/portal\/wp-content\/uploads\/2020\/05\/Rescate2.jpg?resize=579%2C386\" alt=\"SIEMPRE EL AMOR.- Las c\u00e1maras de Diario El Trabajo registran el momento exacto cuando el bombero acaricia cari\u00f1osamente la cabeza del perrito, en lo profundo del oscuro foso.\" width=\"579\" height=\"386\" srcset=\"https:\/\/i0.wp.com\/eltrabajo.cl\/portal\/wp-content\/uploads\/2020\/05\/Rescate2.jpg?w=579&amp;ssl=1 579w, https:\/\/i0.wp.com\/eltrabajo.cl\/portal\/wp-content\/uploads\/2020\/05\/Rescate2.jpg?resize=300%2C200&amp;ssl=1 300w, https:\/\/i0.wp.com\/eltrabajo.cl\/portal\/wp-content\/uploads\/2020\/05\/Rescate2.jpg?resize=200%2C133&amp;ssl=1 200w, https:\/\/i0.wp.com\/eltrabajo.cl\/portal\/wp-content\/uploads\/2020\/05\/Rescate2.jpg?resize=150%2C100&amp;ssl=1 150w\" sizes=\"auto, (max-width: 579px) 100vw, 579px\" \/><figcaption id=\"caption-attachment-98666\" class=\"wp-caption-text\">SIEMPRE EL AMOR.- Las c\u00e1maras de Diario El Trabajo registran el momento exacto cuando el bombero acaricia cari\u00f1osamente la cabeza del perrito, en lo profundo del oscuro foso.<\/figcaption><\/figure>\n<p>&nbsp;<\/p>\n<figure id=\"attachment_98667\" aria-describedby=\"caption-attachment-98667\" style=\"width: 579px\" class=\"wp-caption alignnone\"><img data-recalc-dims=\"1\" loading=\"lazy\" decoding=\"async\" class=\"size-full wp-image-98667\" src=\"https:\/\/i0.wp.com\/www.eltrabajo.cl\/portal\/wp-content\/uploads\/2020\/05\/Rescate3.jpg?resize=579%2C732\" alt=\"LA FOTO DEL D\u00cdA.- Aqu\u00ed tenemos  al pobre animalito por fin rescatado, lo que nos demuestra una vez m\u00e1s el compromiso de Bomberos y de este abnegado voluntario de la Guardia Diurna de la Cuarta Compa\u00f1\u00eda, Pablo Reyes.\" width=\"579\" height=\"732\" srcset=\"https:\/\/i0.wp.com\/eltrabajo.cl\/portal\/wp-content\/uploads\/2020\/05\/Rescate3.jpg?w=579&amp;ssl=1 579w, https:\/\/i0.wp.com\/eltrabajo.cl\/portal\/wp-content\/uploads\/2020\/05\/Rescate3.jpg?resize=237%2C300&amp;ssl=1 237w, https:\/\/i0.wp.com\/eltrabajo.cl\/portal\/wp-content\/uploads\/2020\/05\/Rescate3.jpg?resize=119%2C150&amp;ssl=1 119w\" sizes=\"auto, (max-width: 579px) 100vw, 579px\" \/><figcaption id=\"caption-attachment-98667\" class=\"wp-caption-text\">LA FOTO DEL D\u00cdA.- Aqu\u00ed tenemos al pobre animalito por fin rescatado, lo que nos demuestra una vez m\u00e1s el compromiso de Bomberos y de este abnegado voluntario de la Guardia Diurna de la Cuarta Compa\u00f1\u00eda, Pablo Reyes.<\/figcaption><\/figure>\n","protected":false},"excerpt":{"rendered":"<p>Ocurri\u00f3 ayer temprano en la \u2018Esquina Colorada\u2019: Cerca de las 10 de la ma\u00f1ana de ayer jueves en la \u2018Esquina Colorada\u2019, en una de sus c\u00e1maras o sifones de alcantarillado, se escucharon&#8230;<\/p>\n","protected":false},"author":482,"featured_media":98664,"comment_status":"open","ping_status":"open","sticky":false,"template":"","format":"standard","meta":{"advanced_seo_description":"","jetpack_seo_html_title":"","jetpack_seo_noindex":false,"_jetpack_memberships_contains_paid_content":false,"footnotes":""},"categories":[15],"tags":[],"class_list":["post-98663","post","type-post","status-publish","format-standard","has-post-thumbnail","hentry","category-comunidad"],"jetpack_featured_media_url":"https:\/\/i0.wp.com\/eltrabajo.cl\/portal\/wp-content\/uploads\/2020\/05\/Rescate1-portada.jpg?fit=580%2C359&ssl=1","jetpack_sharing_enabled":true,"jetpack_likes_enabled":true,"jetpack-related-posts":[],"_links":{"self":[{"href":"https:\/\/eltrabajo.cl\/portal\/wp-json\/wp\/v2\/posts\/98663","targetHints":{"allow":["GET"]}}],"collection":[{"href":"https:\/\/eltrabajo.cl\/portal\/wp-json\/wp\/v2\/posts"}],"about":[{"href":"https:\/\/eltrabajo.cl\/portal\/wp-json\/wp\/v2\/types\/post"}],"author":[{"embeddable":true,"href":"https:\/\/eltrabajo.cl\/portal\/wp-json\/wp\/v2\/users\/482"}],"replies":[{"embeddable":true,"href":"https:\/\/eltrabajo.cl\/portal\/wp-json\/wp\/v2\/comments?post=98663"}],"version-history":[{"count":0,"href":"https:\/\/eltrabajo.cl\/portal\/wp-json\/wp\/v2\/posts\/98663\/revisions"}],"wp:featuredmedia":[{"embeddable":true,"href":"https:\/\/eltrabajo.cl\/portal\/wp-json\/wp\/v2\/media\/98664"}],"wp:attachment":[{"href":"https:\/\/eltrabajo.cl\/portal\/wp-json\/wp\/v2\/media?parent=98663"}],"wp:term":[{"taxonomy":"category","embeddable":true,"href":"https:\/\/eltrabajo.cl\/portal\/wp-json\/wp\/v2\/categories?post=98663"},{"taxonomy":"post_tag","embeddable":true,"href":"https:\/\/eltrabajo.cl\/portal\/wp-json\/wp\/v2\/tags?post=98663"}],"curies":[{"name":"wp","href":"https:\/\/api.w.org\/{rel}","templated":true}]}}