{"id":98669,"date":"2020-05-07T22:04:25","date_gmt":"2020-05-08T02:04:25","guid":{"rendered":"http:\/\/www.eltrabajo.cl\/portal\/?p=98669"},"modified":"2020-05-07T20:03:37","modified_gmt":"2020-05-08T00:03:37","slug":"instalan-nueva-aduana-sanitaria-en-ruta-60-ch-por-coronavirus-covid-19","status":"publish","type":"post","link":"https:\/\/eltrabajo.cl\/portal\/instalan-nueva-aduana-sanitaria-en-ruta-60-ch-por-coronavirus-covid-19\/","title":{"rendered":"Instalan nueva Aduana Sanitaria en ruta 60 CH por Coronavirus Covid-19"},"content":{"rendered":"<ul>\n<li><strong>Medida se suma a las ya implementadas con control en Ruta 5 Norte en Llay Llay, y cord\u00f3n en acceso a sector de Santa Filomena en comuna de Santa Mar\u00eda.<\/strong><\/li>\n<\/ul>\n<p>A partir de este viernes 8 de mayo la provincia de San Felipe contar\u00e1 con tres controles sanitarios en su territorio, luego que la Seremi de Salud de Valpara\u00edso anunciara la entrada en funcionamiento de una Aduana Sanitaria en la ruta 60 CH, en el acceso a la provincia a la altura de la comuna de Llay Llay.<\/p>\n<p>En este caso, la Aduana controlar\u00e1 a todo veh\u00edculo que circule por esta carretera, ya sea en direcci\u00f3n hacia la provincia de San Felipe o saliendo de \u00e9sta, tomando as\u00ed antecedentes de los conductores, como pasajeros de los m\u00f3viles las 24 horas del d\u00eda, los siete d\u00edas de la semana.<\/p>\n<p>La medida fue valorada por el gobernador de la provincia de San Felipe, <strong>Claudio Rodr\u00edguez<\/strong>. <em>\u00abDe alguna manera hemos ido cerrando nuestro valle, principalmente para evitar las posibilidades de contagio que provengan desde fuera, desde la Regi\u00f3n Metropolitana y la cabecera de nuestra regi\u00f3n. En ese sentido, la autoridad sanitaria determin\u00f3 incrementar un nuevo control, establecido en la ruta 60 CH, donde uno ingresa por la ruta 5 Norte hacia el valle, siendo una Aduana Sanitaria mucho m\u00e1s rigurosa que el control que estamos desarrollando en la Ruta 5 Norte en Llay Llay\u00bb,<\/em> precis\u00f3.<\/p>\n<p>En este sentido, la autoridad provincial detall\u00f3 que este control revisar\u00e1 al 100% de las personas que ingresan y salen por esta ruta; diferente al control que desde hace m\u00e1s de un mes se encuentra en el kil\u00f3metro 84 de la ruta 5 Norte en la comuna de Llay Llay, que es aleatorio y s\u00f3lo en una direcci\u00f3n.<\/p>\n<p>De esta manera, el territorio de la provincia de San Felipe queda con un total de tres controles, sum\u00e1ndose el cord\u00f3n sanitario que fiscaliza el ingreso y egreso de habitantes en el sector de Santa Filomena en la comuna de Santa Mar\u00eda.<\/p>\n<p>&nbsp;<\/p>\n<p><span style=\"color: #c81400;\"><strong>REUNI\u00d3N CON ALCALDES<\/strong><\/span><\/p>\n<p>Asimismo, el gobernador se refiri\u00f3 a la reuni\u00f3n de coordinaci\u00f3n sostenida la ma\u00f1ana de este jueves de manera conjunta con la directora del Servicio de Salud Aconcagua, Susan Porras, y la coordinadora de redes asistenciales, Dra. Iris Boisier; la jefa de la Autoridad Sanitaria de Aconcagua, Claudia Abarca; el delegado del Jedena en Aconcagua, teniente coronel Patricio Ochoa; el prefecto (s) de Carabineros de Aconcagua, teniente coronel Claudio Saavedra, y los alcaldes de Catemu, Boris Luksic; San Felipe, Patricio Freire; Putaendo (s), Fabi\u00e1n Mu\u00f1oz; Luis Pradenas, de Panquehue, y de Santa Mar\u00eda, Claudio Zurita.<\/p>\n<p>\u00ab<em>Fue una reuni\u00f3n muy provechosa, porque existi\u00f3 la voluntad de conformar una mesa permanente de trabajo para abordar todos los jueves a primera hora no s\u00f3lo la problem\u00e1tica sanitaria por Covid, sino tambi\u00e9n, c\u00f3mo vamos a abordar los problemas econ\u00f3micos que nos van a afectar. En la reuni\u00f3n adem\u00e1s abordamos cu\u00e1l es la situaci\u00f3n actual de la provincia, donde se ha registrado un salto importante en materia de contagios, lo que hace aconsejable podernos reunir para buscar atenci\u00f3n excepcional para un problema excepcional, como es esta pandemia mundial\u00bb,<\/em> adelant\u00f3 el gobernador.<\/p>\n<p>&nbsp;<\/p>\n<figure id=\"attachment_98670\" aria-describedby=\"caption-attachment-98670\" style=\"width: 580px\" class=\"wp-caption alignnone\"><img data-recalc-dims=\"1\" loading=\"lazy\" decoding=\"async\" class=\"size-full wp-image-98670\" src=\"https:\/\/i0.wp.com\/www.eltrabajo.cl\/portal\/wp-content\/uploads\/2020\/05\/aduana-sanitaria.jpg?resize=580%2C359\" alt=\"Una reuni\u00f3n de coordinaci\u00f3n sostuvieron la ma\u00f1ana de este jueves el gobernador de San Felipe con autoridades de Salud, Ej\u00e9rcito, Carabineros, y los alcaldes de la provincia.\" width=\"580\" height=\"359\" srcset=\"https:\/\/i0.wp.com\/eltrabajo.cl\/portal\/wp-content\/uploads\/2020\/05\/aduana-sanitaria.jpg?w=580&amp;ssl=1 580w, https:\/\/i0.wp.com\/eltrabajo.cl\/portal\/wp-content\/uploads\/2020\/05\/aduana-sanitaria.jpg?resize=300%2C186&amp;ssl=1 300w, https:\/\/i0.wp.com\/eltrabajo.cl\/portal\/wp-content\/uploads\/2020\/05\/aduana-sanitaria.jpg?resize=200%2C124&amp;ssl=1 200w, https:\/\/i0.wp.com\/eltrabajo.cl\/portal\/wp-content\/uploads\/2020\/05\/aduana-sanitaria.jpg?resize=150%2C93&amp;ssl=1 150w\" sizes=\"auto, (max-width: 580px) 100vw, 580px\" \/><figcaption id=\"caption-attachment-98670\" class=\"wp-caption-text\">Una reuni\u00f3n de coordinaci\u00f3n sostuvieron la ma\u00f1ana de este jueves el gobernador de San Felipe con autoridades de Salud, Ej\u00e9rcito, Carabineros, y los alcaldes de la provincia.<\/figcaption><\/figure>\n","protected":false},"excerpt":{"rendered":"<p>Medida se suma a las ya implementadas con control en Ruta 5 Norte en Llay Llay, y cord\u00f3n en acceso a sector de Santa Filomena en comuna de Santa Mar\u00eda. A partir&#8230;<\/p>\n","protected":false},"author":482,"featured_media":98670,"comment_status":"open","ping_status":"open","sticky":false,"template":"","format":"standard","meta":{"advanced_seo_description":"","jetpack_seo_html_title":"","jetpack_seo_noindex":false,"_jetpack_memberships_contains_paid_content":false,"footnotes":""},"categories":[103],"tags":[],"class_list":["post-98669","post","type-post","status-publish","format-standard","has-post-thumbnail","hentry","category-cronica-2"],"jetpack_featured_media_url":"https:\/\/i0.wp.com\/eltrabajo.cl\/portal\/wp-content\/uploads\/2020\/05\/aduana-sanitaria.jpg?fit=580%2C359&ssl=1","jetpack_sharing_enabled":true,"jetpack_likes_enabled":true,"jetpack-related-posts":[],"_links":{"self":[{"href":"https:\/\/eltrabajo.cl\/portal\/wp-json\/wp\/v2\/posts\/98669","targetHints":{"allow":["GET"]}}],"collection":[{"href":"https:\/\/eltrabajo.cl\/portal\/wp-json\/wp\/v2\/posts"}],"about":[{"href":"https:\/\/eltrabajo.cl\/portal\/wp-json\/wp\/v2\/types\/post"}],"author":[{"embeddable":true,"href":"https:\/\/eltrabajo.cl\/portal\/wp-json\/wp\/v2\/users\/482"}],"replies":[{"embeddable":true,"href":"https:\/\/eltrabajo.cl\/portal\/wp-json\/wp\/v2\/comments?post=98669"}],"version-history":[{"count":0,"href":"https:\/\/eltrabajo.cl\/portal\/wp-json\/wp\/v2\/posts\/98669\/revisions"}],"wp:featuredmedia":[{"embeddable":true,"href":"https:\/\/eltrabajo.cl\/portal\/wp-json\/wp\/v2\/media\/98670"}],"wp:attachment":[{"href":"https:\/\/eltrabajo.cl\/portal\/wp-json\/wp\/v2\/media?parent=98669"}],"wp:term":[{"taxonomy":"category","embeddable":true,"href":"https:\/\/eltrabajo.cl\/portal\/wp-json\/wp\/v2\/categories?post=98669"},{"taxonomy":"post_tag","embeddable":true,"href":"https:\/\/eltrabajo.cl\/portal\/wp-json\/wp\/v2\/tags?post=98669"}],"curies":[{"name":"wp","href":"https:\/\/api.w.org\/{rel}","templated":true}]}}