{"id":98672,"date":"2020-05-07T22:05:09","date_gmt":"2020-05-08T02:05:09","guid":{"rendered":"http:\/\/www.eltrabajo.cl\/portal\/?p=98672"},"modified":"2020-05-07T20:05:59","modified_gmt":"2020-05-08T00:05:59","slug":"valle-de-aconcagua-suma-tres-nuevos-casos-covid-19-en-calle-larga-y-putaendo","status":"publish","type":"post","link":"https:\/\/eltrabajo.cl\/portal\/valle-de-aconcagua-suma-tres-nuevos-casos-covid-19-en-calle-larga-y-putaendo\/","title":{"rendered":"Valle de Aconcagua suma tres nuevos casos Covid-19 en Calle Larga y Putaendo"},"content":{"rendered":"<p>Tres nuevos casos de Coronavirus se dieron a conocer ayer por parte del Seremi de Salud de la Quinta Regi\u00f3n, <strong>Francisco \u00c1lvarez<\/strong>. Se trata de dos en Calle Larga y uno en Putaendo.<\/p>\n<p>Seg\u00fan se pudo conocer, las personas afectadas son dos mujeres de 12 y 34 a\u00f1os de edad, y un ni\u00f1o de 5 a\u00f1os, quienes consultaron en la Cl\u00ednica de Los Andes.<\/p>\n<p>Con los tres nuevos casos, el Valle de Aconcagua acumula 71 contagiados positivos, incluyendo un fallecido, aunque en realidad dicha informaci\u00f3n oficial tiene un desfase de al menos 24 horas, pues la cifra real hasta el d\u00eda de ayer era de 77 casos en el valle.<\/p>\n<p>En las \u00faltimas horas se supo de la aparici\u00f3n de un caso en la comuna de Panquehue. Se trata de un trabajador de Vi\u00f1edos Familia Chadwick, que labora en el \u00e1rea de enolog\u00eda de Planta Panquehue.<\/p>\n<p>Por lo anterior el alcalde de esa comuna, <strong>Luis Pradenas Mor\u00e1n<\/strong>, cit\u00f3 a todos para realizar ex\u00e1menes y adoptar las medidas pertinentes, haciendo hincapi\u00e9 que se trata de un caso importado pues el afectado registra domicilio en otra ciudad. Hasta el momento Panquehue no presenta casos propios.<\/p>\n<p>El comunicado se\u00f1ala que todas las personas que trabajaron cerca del hombre que result\u00f3 positivo, fueron enviados a sus casas para realizar una cuarentena preventiva.<\/p>\n<p>El trabajador present\u00f3 s\u00edntomas el pasado fin de semana, raz\u00f3n por la cual concurri\u00f3 al hospital de zona donde se realiz\u00f3 el examen requerido, resultando positivo ayer en la tarde.<\/p>\n<p>&nbsp;<\/p>\n<figure id=\"attachment_98673\" aria-describedby=\"caption-attachment-98673\" style=\"width: 580px\" class=\"wp-caption alignnone\"><img data-recalc-dims=\"1\" loading=\"lazy\" decoding=\"async\" class=\"size-full wp-image-98673\" src=\"https:\/\/i0.wp.com\/www.eltrabajo.cl\/portal\/wp-content\/uploads\/2020\/05\/Covid-19-Seremi-15.jpg?resize=580%2C359\" alt=\"Francisco \u00c1lvarez, Seremi de Salud Quinta Regi\u00f3n.\" width=\"580\" height=\"359\" srcset=\"https:\/\/i0.wp.com\/eltrabajo.cl\/portal\/wp-content\/uploads\/2020\/05\/Covid-19-Seremi-15.jpg?w=580&amp;ssl=1 580w, https:\/\/i0.wp.com\/eltrabajo.cl\/portal\/wp-content\/uploads\/2020\/05\/Covid-19-Seremi-15.jpg?resize=300%2C186&amp;ssl=1 300w, https:\/\/i0.wp.com\/eltrabajo.cl\/portal\/wp-content\/uploads\/2020\/05\/Covid-19-Seremi-15.jpg?resize=200%2C124&amp;ssl=1 200w, https:\/\/i0.wp.com\/eltrabajo.cl\/portal\/wp-content\/uploads\/2020\/05\/Covid-19-Seremi-15.jpg?resize=150%2C93&amp;ssl=1 150w\" sizes=\"auto, (max-width: 580px) 100vw, 580px\" \/><figcaption id=\"caption-attachment-98673\" class=\"wp-caption-text\">Francisco \u00c1lvarez, Seremi de Salud Quinta Regi\u00f3n.<\/figcaption><\/figure>\n<p>&nbsp;<\/p>\n<figure id=\"attachment_98674\" aria-describedby=\"caption-attachment-98674\" style=\"width: 579px\" class=\"wp-caption alignnone\"><img data-recalc-dims=\"1\" loading=\"lazy\" decoding=\"async\" class=\"size-full wp-image-98674\" src=\"https:\/\/i0.wp.com\/www.eltrabajo.cl\/portal\/wp-content\/uploads\/2020\/05\/Covid-19-Comunicado.jpg?resize=579%2C672\" alt=\"Este es el comunicado enviado por Vi\u00f1edos Familia Chadwick.\" width=\"579\" height=\"672\" srcset=\"https:\/\/i0.wp.com\/eltrabajo.cl\/portal\/wp-content\/uploads\/2020\/05\/Covid-19-Comunicado.jpg?w=579&amp;ssl=1 579w, https:\/\/i0.wp.com\/eltrabajo.cl\/portal\/wp-content\/uploads\/2020\/05\/Covid-19-Comunicado.jpg?resize=258%2C300&amp;ssl=1 258w, https:\/\/i0.wp.com\/eltrabajo.cl\/portal\/wp-content\/uploads\/2020\/05\/Covid-19-Comunicado.jpg?resize=129%2C150&amp;ssl=1 129w\" sizes=\"auto, (max-width: 579px) 100vw, 579px\" \/><figcaption id=\"caption-attachment-98674\" class=\"wp-caption-text\">Este es el comunicado enviado por Vi\u00f1edos Familia Chadwick.<\/figcaption><\/figure>\n","protected":false},"excerpt":{"rendered":"<p>Tres nuevos casos de Coronavirus se dieron a conocer ayer por parte del Seremi de Salud de la Quinta Regi\u00f3n, Francisco \u00c1lvarez. Se trata de dos en Calle Larga y uno en&#8230;<\/p>\n","protected":false},"author":482,"featured_media":98673,"comment_status":"open","ping_status":"open","sticky":false,"template":"","format":"standard","meta":{"advanced_seo_description":"","jetpack_seo_html_title":"","jetpack_seo_noindex":false,"_jetpack_memberships_contains_paid_content":false,"footnotes":""},"categories":[103],"tags":[],"class_list":["post-98672","post","type-post","status-publish","format-standard","has-post-thumbnail","hentry","category-cronica-2"],"jetpack_featured_media_url":"https:\/\/i0.wp.com\/eltrabajo.cl\/portal\/wp-content\/uploads\/2020\/05\/Covid-19-Seremi-15.jpg?fit=580%2C359&ssl=1","jetpack_sharing_enabled":true,"jetpack_likes_enabled":true,"jetpack-related-posts":[],"_links":{"self":[{"href":"https:\/\/eltrabajo.cl\/portal\/wp-json\/wp\/v2\/posts\/98672","targetHints":{"allow":["GET"]}}],"collection":[{"href":"https:\/\/eltrabajo.cl\/portal\/wp-json\/wp\/v2\/posts"}],"about":[{"href":"https:\/\/eltrabajo.cl\/portal\/wp-json\/wp\/v2\/types\/post"}],"author":[{"embeddable":true,"href":"https:\/\/eltrabajo.cl\/portal\/wp-json\/wp\/v2\/users\/482"}],"replies":[{"embeddable":true,"href":"https:\/\/eltrabajo.cl\/portal\/wp-json\/wp\/v2\/comments?post=98672"}],"version-history":[{"count":0,"href":"https:\/\/eltrabajo.cl\/portal\/wp-json\/wp\/v2\/posts\/98672\/revisions"}],"wp:featuredmedia":[{"embeddable":true,"href":"https:\/\/eltrabajo.cl\/portal\/wp-json\/wp\/v2\/media\/98673"}],"wp:attachment":[{"href":"https:\/\/eltrabajo.cl\/portal\/wp-json\/wp\/v2\/media?parent=98672"}],"wp:term":[{"taxonomy":"category","embeddable":true,"href":"https:\/\/eltrabajo.cl\/portal\/wp-json\/wp\/v2\/categories?post=98672"},{"taxonomy":"post_tag","embeddable":true,"href":"https:\/\/eltrabajo.cl\/portal\/wp-json\/wp\/v2\/tags?post=98672"}],"curies":[{"name":"wp","href":"https:\/\/api.w.org\/{rel}","templated":true}]}}