{"id":98676,"date":"2020-05-07T22:06:14","date_gmt":"2020-05-08T02:06:14","guid":{"rendered":"http:\/\/www.eltrabajo.cl\/portal\/?p=98676"},"modified":"2020-05-07T20:08:05","modified_gmt":"2020-05-08T00:08:05","slug":"plantean-quitar-personalidad-juridica-al-club-roberto-huerta-por-caso-secuestro","status":"publish","type":"post","link":"https:\/\/eltrabajo.cl\/portal\/plantean-quitar-personalidad-juridica-al-club-roberto-huerta-por-caso-secuestro\/","title":{"rendered":"Plantean quitar personalidad jur\u00eddica al Club Roberto Huerta por caso secuestro"},"content":{"rendered":"<p><span style=\"color: #c81400;\"><strong>Se le vino la noche a la instituci\u00f3n deportiva:<\/strong><\/span><\/p>\n<ul>\n<li><strong>Si se aplica la medida por parte del municipio, se estar\u00eda desafiliando al club de ARFA Quinta Regi\u00f3n luego del presunto secuestro de dos j\u00f3venes en la sede del club.<\/strong><\/li>\n<\/ul>\n<p>El presidente de la ARFA Quinta Regi\u00f3n, Cristian Ibaceta, calific\u00f3 como un verdadero \u00abterremoto\u00bb lo ocurrido este d\u00eda mi\u00e9rcoles en la sede del Club Deportivo Roberto Huerta. En ese lugar Carabineros de la Tenencia de Santa Mar\u00eda detuvo a cuatro sujetos por su presunta participaci\u00f3n en el secuestro de dos personas de 26 y 27 a\u00f1os de edad.<\/p>\n<p>\u00ab<em>Un verdadero terremoto es lo que ha pasado en Santa Mar\u00eda. Hoy conversamos con el alcalde, me llam\u00f3 debido a la noticia por todos sabida, y me comunica que \u00e9l o el municipio de Santa Mar\u00eda va a tomar la decisi\u00f3n de quitarle la Personalidad Jur\u00eddica al Club Deportivo Roberto Huerta, y me pregunta cu\u00e1les son las medidas que podemos tomar nosotros. La verdad que policialmente nosotros no podemos tomar ninguna medida, porque eso es algo que est\u00e1 en los tribunales de justicia y la polic\u00eda, pero le comunico que cuando la municipalidad le quite la personalidad jur\u00eddica al club Roberto Huerta, nosotros s\u00ed estar\u00edamos en condiciones de desafiliarlos, porque una de las condiciones con que tienen que contar los clubes deportivos es tener su personalidad jur\u00eddica al d\u00eda; al ser cancelada \u00e9sta, nosotros inmediatamente estamos en condiciones de desafiliar al Club Roberto Huerta de la ARFA\u00bb,<\/em> se\u00f1al\u00f3 <strong>Cristian Ibaceta<\/strong>, presidente regional de la entidad.<\/p>\n<p>&#8211; <strong>\u00bfQu\u00e9 hay de cierto que el presidente de este club est\u00e1 dentro de los detenidos involucrados en este hecho?<\/strong><\/p>\n<p>&#8211; Yo s\u00e9 que hay un par de dirigentes involucrados en el hecho en s\u00ed.<\/p>\n<p>&#8211; <strong>\u00bfPero no sabe la categor\u00eda o el cargo?<\/strong><\/p>\n<p>&#8211; No la categor\u00eda, pero s\u00ed s\u00e9 que son dos dirigentes involucrados. En ese club hab\u00edan hecho elecciones de directiva hace poco tiempo, hoy lamentablemente hay dos dirigentes involucrados en esto.<\/p>\n<p>&#8211; <strong>\u00bfPuede estar esto vinculado con drogas?<\/strong><\/p>\n<p>&#8211; Ser\u00eda aventurado dar a conocer algo as\u00ed, esperemos lo que digan los tribunales de justicia\u2026 que hablen los tribunales.<\/p>\n<p>Dijo que, en lo inmediato, si la municipalidad de Santa Mar\u00eda le caduca la personalidad jur\u00eddica al Club Roberto Huerta, <em>\u00abnosotros estamos en condiciones de desafiliarlos inmediatamente, porque no cumplir\u00eda con una de las primeras obligaciones que exige la ARFA a los clubes, que es tener su personalidad jur\u00eddica al d\u00eda\u00bb,<\/em> dijo Ibaceta.<\/p>\n<p>&#8211; <strong>\u00bfQu\u00e9 opini\u00f3n le merece todo esto?<\/strong><\/p>\n<p>&#8211; Es lamentable que se involucre al f\u00fatbol amateur en un hecho netamente delictual, porque esto es un hecho delictual, aqu\u00ed no tiene que ver el f\u00fatbol, hace muchos meses que no se juega un partido, no tiene nada que ver el f\u00fatbol en s\u00ed, aqu\u00ed hay un par de dirigentes involucrados que ensucia todo, una poblaci\u00f3n emblem\u00e1tica de Santa Mar\u00eda\u2026 de las m\u00e1s antiguas de Santa Mar\u00eda, y creo que la misma gente antigua de ah\u00ed est\u00e1 pidiendo que el club se termine por este tipo de situaciones.<\/p>\n<p>&nbsp;<\/p>\n<figure id=\"attachment_98677\" aria-describedby=\"caption-attachment-98677\" style=\"width: 580px\" class=\"wp-caption alignnone\"><img data-recalc-dims=\"1\" loading=\"lazy\" decoding=\"async\" class=\"size-full wp-image-98677\" src=\"https:\/\/i0.wp.com\/www.eltrabajo.cl\/portal\/wp-content\/uploads\/2020\/05\/CRISTIAN-IBACETA.jpg?resize=580%2C358\" alt=\"Cristian Ibaceta, presidente de ARFA Quinta Regi\u00f3n.\" width=\"580\" height=\"358\" srcset=\"https:\/\/i0.wp.com\/eltrabajo.cl\/portal\/wp-content\/uploads\/2020\/05\/CRISTIAN-IBACETA.jpg?w=580&amp;ssl=1 580w, https:\/\/i0.wp.com\/eltrabajo.cl\/portal\/wp-content\/uploads\/2020\/05\/CRISTIAN-IBACETA.jpg?resize=300%2C185&amp;ssl=1 300w, https:\/\/i0.wp.com\/eltrabajo.cl\/portal\/wp-content\/uploads\/2020\/05\/CRISTIAN-IBACETA.jpg?resize=200%2C123&amp;ssl=1 200w, https:\/\/i0.wp.com\/eltrabajo.cl\/portal\/wp-content\/uploads\/2020\/05\/CRISTIAN-IBACETA.jpg?resize=150%2C93&amp;ssl=1 150w\" sizes=\"auto, (max-width: 580px) 100vw, 580px\" \/><figcaption id=\"caption-attachment-98677\" class=\"wp-caption-text\">Cristian Ibaceta, presidente de ARFA Quinta Regi\u00f3n.<\/figcaption><\/figure>\n","protected":false},"excerpt":{"rendered":"<p>Se le vino la noche a la instituci\u00f3n deportiva: Si se aplica la medida por parte del municipio, se estar\u00eda desafiliando al club de ARFA Quinta Regi\u00f3n luego del presunto secuestro de&#8230;<\/p>\n","protected":false},"author":482,"featured_media":98677,"comment_status":"open","ping_status":"open","sticky":false,"template":"","format":"standard","meta":{"advanced_seo_description":"","jetpack_seo_html_title":"","jetpack_seo_noindex":false,"_jetpack_memberships_contains_paid_content":false,"footnotes":""},"categories":[103],"tags":[],"class_list":["post-98676","post","type-post","status-publish","format-standard","has-post-thumbnail","hentry","category-cronica-2"],"jetpack_featured_media_url":"https:\/\/i0.wp.com\/eltrabajo.cl\/portal\/wp-content\/uploads\/2020\/05\/CRISTIAN-IBACETA.jpg?fit=580%2C358&ssl=1","jetpack_sharing_enabled":true,"jetpack_likes_enabled":true,"jetpack-related-posts":[],"_links":{"self":[{"href":"https:\/\/eltrabajo.cl\/portal\/wp-json\/wp\/v2\/posts\/98676","targetHints":{"allow":["GET"]}}],"collection":[{"href":"https:\/\/eltrabajo.cl\/portal\/wp-json\/wp\/v2\/posts"}],"about":[{"href":"https:\/\/eltrabajo.cl\/portal\/wp-json\/wp\/v2\/types\/post"}],"author":[{"embeddable":true,"href":"https:\/\/eltrabajo.cl\/portal\/wp-json\/wp\/v2\/users\/482"}],"replies":[{"embeddable":true,"href":"https:\/\/eltrabajo.cl\/portal\/wp-json\/wp\/v2\/comments?post=98676"}],"version-history":[{"count":0,"href":"https:\/\/eltrabajo.cl\/portal\/wp-json\/wp\/v2\/posts\/98676\/revisions"}],"wp:featuredmedia":[{"embeddable":true,"href":"https:\/\/eltrabajo.cl\/portal\/wp-json\/wp\/v2\/media\/98677"}],"wp:attachment":[{"href":"https:\/\/eltrabajo.cl\/portal\/wp-json\/wp\/v2\/media?parent=98676"}],"wp:term":[{"taxonomy":"category","embeddable":true,"href":"https:\/\/eltrabajo.cl\/portal\/wp-json\/wp\/v2\/categories?post=98676"},{"taxonomy":"post_tag","embeddable":true,"href":"https:\/\/eltrabajo.cl\/portal\/wp-json\/wp\/v2\/tags?post=98676"}],"curies":[{"name":"wp","href":"https:\/\/api.w.org\/{rel}","templated":true}]}}