{"id":98688,"date":"2020-05-10T23:50:18","date_gmt":"2020-05-11T03:50:18","guid":{"rendered":"https:\/\/www.eltrabajo.cl\/portal\/?p=98688"},"modified":"2020-05-11T00:05:28","modified_gmt":"2020-05-11T04:05:28","slug":"con-serenata-en-su-velatorio-despiden-a-juan-francisco-salgado-zamora","status":"publish","type":"post","link":"https:\/\/eltrabajo.cl\/portal\/con-serenata-en-su-velatorio-despiden-a-juan-francisco-salgado-zamora\/","title":{"rendered":"Con serenata en su velatorio despiden a Juan Francisco Salgado Zamora"},"content":{"rendered":"<p style=\"text-align: justify;\"><span style=\"color: #c81400;\"><strong>Comerciantes aplaudieron con pa\u00f1uelos blancos:<\/strong><\/span><\/p>\n<p style=\"text-align: justify;\">Con una emotiva serenata en el velatorio, globos blancos y una gran caravana por la ciudad de San Felipe fue despedido este viernes <strong>Juan Francisco Salgado Zamora<\/strong> (47), luego que muriera la noche de este lunes violentamente atropellado por un autom\u00f3vil conducido por quien se desplazaba a gran velocidad en las inmediaciones de Avenida Diego de Almagro y Calle Santo Domingo. La muerte de \u2018<em>Tata Juanchito<\/em>\u2019 como era conocido cari\u00f1osamente la v\u00edctima, fue inmediata, mientras que el causante de la desgracia qued\u00f3 en libertad a la espera de ser contactado por la Fiscal\u00eda.<\/p>\n<p style=\"text-align: justify;\">Las exequias de Salgado se realizaron a las 10:00 horas en la Iglesia Andacollo, luego de lo cual se har\u00e1 una caravana por calle Prat, pasando frente a su amada imprenta, siguiendo luego hasta el Cementerio Parque Almendral, en La Troya.<\/p>\n<p style=\"text-align: justify;\">\n<p style=\"text-align: justify;\"><span style=\"color: #c81400;\"><strong>CON SU SERENATA<\/strong><\/span><\/p>\n<p style=\"text-align: justify;\">De manera muy especial y correspondiendo al esp\u00edritu alegre que en vida Juan Francisco expres\u00f3 con sus amigos y familiares, \u00e9stos quisieron la noche de este mi\u00e9rcoles y anoche jueves, ofrecerle una alegre serenata en su propio funeral, as\u00ed, primas, sobrinos y amigos cercanos llegaron con sus guitarras para cantarle su \u00faltima noche de trova.<\/p>\n<p style=\"text-align: justify;\">La viuda de Salgado, <strong>Silvia Gustavo Gonz\u00e1lez<\/strong>, coment\u00f3 a nuestro medio que \u00ab<em>todo lo mejor mi esposo nos lo dio en vida, lo menos que puedo hacer es despedirlo con una actitud de agradecimiento, que sus amigos lo despidan y todos poder remarcar el cari\u00f1o y amor que tambi\u00e9n le correspondimos, lo mejor para despedirlo, agradezco tambi\u00e9n a todos los vecinos, son muchas ofrendas florales muchas, hartas visitas al velatorio, todos con las medidas de prevenci\u00f3n y en orden, tambi\u00e9n espero que las autoridades hagan justicia, que saquen de las calles a quien lo mat\u00f3, su muerte no puede quedar impune<\/em>\u00bb, declar\u00f3.<\/p>\n<p style=\"text-align: justify;\"><strong>Roberto Gonz\u00e1lez Short<\/strong><\/p>\n<p style=\"text-align: justify;\">\n<figure id=\"attachment_98689\" aria-describedby=\"caption-attachment-98689\" style=\"width: 580px\" class=\"wp-caption alignnone\"><img data-recalc-dims=\"1\" loading=\"lazy\" decoding=\"async\" class=\"size-full wp-image-98689\" src=\"https:\/\/i0.wp.com\/eltrabajo.cl\/portal\/wp-content\/uploads\/2020\/05\/Serenata2.jpg?resize=580%2C359&#038;ssl=1\" alt=\"AMARGA DESPEDIDA.- La gran caravana se detuvo frente a Imprenta Aconcagua en Calle Prat, los locatarios cercanos sacaron pa\u00f1uelos blancos y confortaron a Silvia Gonz\u00e1lez.\" width=\"580\" height=\"359\" srcset=\"https:\/\/i0.wp.com\/eltrabajo.cl\/portal\/wp-content\/uploads\/2020\/05\/Serenata2.jpg?w=580&amp;ssl=1 580w, https:\/\/i0.wp.com\/eltrabajo.cl\/portal\/wp-content\/uploads\/2020\/05\/Serenata2.jpg?resize=300%2C186&amp;ssl=1 300w, https:\/\/i0.wp.com\/eltrabajo.cl\/portal\/wp-content\/uploads\/2020\/05\/Serenata2.jpg?resize=200%2C124&amp;ssl=1 200w, https:\/\/i0.wp.com\/eltrabajo.cl\/portal\/wp-content\/uploads\/2020\/05\/Serenata2.jpg?resize=150%2C93&amp;ssl=1 150w\" sizes=\"auto, (max-width: 580px) 100vw, 580px\" \/><figcaption id=\"caption-attachment-98689\" class=\"wp-caption-text\">AMARGA DESPEDIDA.- La gran caravana se detuvo frente a Imprenta Aconcagua en Calle Prat, los locatarios cercanos sacaron pa\u00f1uelos blancos y confortaron a Silvia Gonz\u00e1lez.<\/figcaption><\/figure>\n<p style=\"text-align: justify;\">\n<figure id=\"attachment_98690\" aria-describedby=\"caption-attachment-98690\" style=\"width: 580px\" class=\"wp-caption alignnone\"><img data-recalc-dims=\"1\" loading=\"lazy\" decoding=\"async\" class=\"size-full wp-image-98690\" src=\"https:\/\/i0.wp.com\/eltrabajo.cl\/portal\/wp-content\/uploads\/2020\/05\/Serenata3.jpg?resize=580%2C806&#038;ssl=1\" alt=\"\u00daLTIMO ADI\u00d3S.- Los funerales de Juan Francisco Salgado Zamora (47) se realizaron el viernes con una Misa en la Iglesia Andacollo.\" width=\"580\" height=\"806\" srcset=\"https:\/\/i0.wp.com\/eltrabajo.cl\/portal\/wp-content\/uploads\/2020\/05\/Serenata3.jpg?w=580&amp;ssl=1 580w, https:\/\/i0.wp.com\/eltrabajo.cl\/portal\/wp-content\/uploads\/2020\/05\/Serenata3.jpg?resize=216%2C300&amp;ssl=1 216w, https:\/\/i0.wp.com\/eltrabajo.cl\/portal\/wp-content\/uploads\/2020\/05\/Serenata3.jpg?resize=108%2C150&amp;ssl=1 108w\" sizes=\"auto, (max-width: 580px) 100vw, 580px\" \/><figcaption id=\"caption-attachment-98690\" class=\"wp-caption-text\">\u00daLTIMO ADI\u00d3S.- Los funerales de Juan Francisco Salgado Zamora (47) se realizaron el viernes con una Misa en la Iglesia Andacollo.<\/figcaption><\/figure>\n<p style=\"text-align: justify;\">\n<figure id=\"attachment_98691\" aria-describedby=\"caption-attachment-98691\" style=\"width: 580px\" class=\"wp-caption alignnone\"><img data-recalc-dims=\"1\" loading=\"lazy\" decoding=\"async\" class=\"size-full wp-image-98691\" src=\"https:\/\/i0.wp.com\/eltrabajo.cl\/portal\/wp-content\/uploads\/2020\/05\/Serenata1.jpg?resize=580%2C774&#038;ssl=1\" alt=\"SINGULAR DESPEDIDA.- Aqu\u00ed vemos a las primas y sobrinas de Francisco Salgado, ofreciendo una Serenata en pleno velatorio del querido vecino.\" width=\"580\" height=\"774\" srcset=\"https:\/\/i0.wp.com\/eltrabajo.cl\/portal\/wp-content\/uploads\/2020\/05\/Serenata1.jpg?w=580&amp;ssl=1 580w, https:\/\/i0.wp.com\/eltrabajo.cl\/portal\/wp-content\/uploads\/2020\/05\/Serenata1.jpg?resize=225%2C300&amp;ssl=1 225w, https:\/\/i0.wp.com\/eltrabajo.cl\/portal\/wp-content\/uploads\/2020\/05\/Serenata1.jpg?resize=112%2C150&amp;ssl=1 112w\" sizes=\"auto, (max-width: 580px) 100vw, 580px\" \/><figcaption id=\"caption-attachment-98691\" class=\"wp-caption-text\">SINGULAR DESPEDIDA.- Aqu\u00ed vemos a las primas y sobrinas de Francisco Salgado, ofreciendo una Serenata en pleno velatorio del querido vecino.<\/figcaption><\/figure>\n<p style=\"text-align: justify;\">\n<p style=\"text-align: justify;\">\n","protected":false},"excerpt":{"rendered":"<p>Comerciantes aplaudieron con pa\u00f1uelos blancos: Con una emotiva serenata en el velatorio, globos blancos y una gran caravana por la ciudad de San Felipe fue despedido este viernes Juan Francisco Salgado Zamora&#8230;<\/p>\n","protected":false},"author":482,"featured_media":98689,"comment_status":"open","ping_status":"open","sticky":false,"template":"","format":"standard","meta":{"advanced_seo_description":"","jetpack_seo_html_title":"","jetpack_seo_noindex":false,"_jetpack_memberships_contains_paid_content":false,"footnotes":""},"categories":[15],"tags":[],"class_list":["post-98688","post","type-post","status-publish","format-standard","has-post-thumbnail","hentry","category-comunidad"],"jetpack_featured_media_url":"https:\/\/i0.wp.com\/eltrabajo.cl\/portal\/wp-content\/uploads\/2020\/05\/Serenata2.jpg?fit=580%2C359&ssl=1","jetpack_sharing_enabled":true,"jetpack_likes_enabled":true,"jetpack-related-posts":[],"_links":{"self":[{"href":"https:\/\/eltrabajo.cl\/portal\/wp-json\/wp\/v2\/posts\/98688","targetHints":{"allow":["GET"]}}],"collection":[{"href":"https:\/\/eltrabajo.cl\/portal\/wp-json\/wp\/v2\/posts"}],"about":[{"href":"https:\/\/eltrabajo.cl\/portal\/wp-json\/wp\/v2\/types\/post"}],"author":[{"embeddable":true,"href":"https:\/\/eltrabajo.cl\/portal\/wp-json\/wp\/v2\/users\/482"}],"replies":[{"embeddable":true,"href":"https:\/\/eltrabajo.cl\/portal\/wp-json\/wp\/v2\/comments?post=98688"}],"version-history":[{"count":0,"href":"https:\/\/eltrabajo.cl\/portal\/wp-json\/wp\/v2\/posts\/98688\/revisions"}],"wp:featuredmedia":[{"embeddable":true,"href":"https:\/\/eltrabajo.cl\/portal\/wp-json\/wp\/v2\/media\/98689"}],"wp:attachment":[{"href":"https:\/\/eltrabajo.cl\/portal\/wp-json\/wp\/v2\/media?parent=98688"}],"wp:term":[{"taxonomy":"category","embeddable":true,"href":"https:\/\/eltrabajo.cl\/portal\/wp-json\/wp\/v2\/categories?post=98688"},{"taxonomy":"post_tag","embeddable":true,"href":"https:\/\/eltrabajo.cl\/portal\/wp-json\/wp\/v2\/tags?post=98688"}],"curies":[{"name":"wp","href":"https:\/\/api.w.org\/{rel}","templated":true}]}}