{"id":98693,"date":"2020-05-10T23:54:23","date_gmt":"2020-05-11T03:54:23","guid":{"rendered":"https:\/\/www.eltrabajo.cl\/portal\/?p=98693"},"modified":"2020-05-11T00:04:46","modified_gmt":"2020-05-11T04:04:46","slug":"en-pleno-toque-de-queda-detienen-a-dos-sujetos-por-robo-de-camioneta","status":"publish","type":"post","link":"https:\/\/eltrabajo.cl\/portal\/en-pleno-toque-de-queda-detienen-a-dos-sujetos-por-robo-de-camioneta\/","title":{"rendered":"En pleno Toque de Queda detienen a dos sujetos por robo de camioneta"},"content":{"rendered":"<p style=\"text-align: justify;\"><span style=\"color: #c81400;\"><strong>Personal de la SIP San Felipe:<\/strong><\/span><\/p>\n<p style=\"text-align: justify;\">Personal de la Secci\u00f3n de Investigaci\u00f3n Policial de Carabineros de la Segunda Comisar\u00eda de San Felipe, detuvo la madrugada de este s\u00e1bado durante el Toque de Queda a dos sujetos que hab\u00edan robado una camioneta desde el interior de un inmueble ubicado en Hacienda de Quilpu\u00e9. Este procedimiento seg\u00fan Carabineros, se produjo el s\u00e1bado 9 de mayo a eso de las 03:00 horas cuando el personal de la SIP los ve transitar por Calle de San Felipe en horario de Toque de Queda.<\/p>\n<p style=\"text-align: justify;\">Los sujetos llegaron hasta Villa El Totoral donde procedieron a dejar abandonado el veh\u00edculo d\u00e1ndose a la fuga por los diferentes blocks de la misma villa. De inmediato los Carabineros de civil procedieron a perseguirlos d\u00e1ndole alcance a los dos antisociales que se movilizaban en la camioneta robada.<\/p>\n<p style=\"text-align: justify;\">Los imputados fueron identificados con las iniciales <strong>E.F.H.P.<\/strong> de 38 a\u00f1os y <strong>F.A.O.F.<\/strong> de 43 a\u00f1os. Ambos mantienen antecedentes por delitos de Robo. En Carabineros se\u00f1alaron que se tratar\u00eda de una banda especializada en robos en lugares habitados y de veh\u00edculos.<\/p>\n<p style=\"text-align: justify;\">Los detenidos por instrucci\u00f3n del Fiscal de Turno pasaron a control de detenci\u00f3n este s\u00e1bado en la ma\u00f1ana donde E.F.H.P. qued\u00f3 en Prisi\u00f3n Preventiva mientras que el otro sujeto F.A.O.F. con Arraigo Nacional. Se otorg\u00f3 un plazo de 120 d\u00edas, formalizados por Robo en lugar habitado.<\/p>\n<p style=\"text-align: justify;\">\n<figure id=\"attachment_98694\" aria-describedby=\"caption-attachment-98694\" style=\"width: 580px\" class=\"wp-caption alignnone\"><img data-recalc-dims=\"1\" loading=\"lazy\" decoding=\"async\" class=\"size-full wp-image-98694\" src=\"https:\/\/i0.wp.com\/eltrabajo.cl\/portal\/wp-content\/uploads\/2020\/05\/Camioneta-2.jpg?resize=580%2C360&#038;ssl=1\" alt=\"En la imagen se puede apreciar a uno de los imputados en momentos que es subido al carro policial para ser trasladado al juzgado de garant\u00eda de San Felipe.\" width=\"580\" height=\"360\" srcset=\"https:\/\/i0.wp.com\/eltrabajo.cl\/portal\/wp-content\/uploads\/2020\/05\/Camioneta-2.jpg?w=580&amp;ssl=1 580w, https:\/\/i0.wp.com\/eltrabajo.cl\/portal\/wp-content\/uploads\/2020\/05\/Camioneta-2.jpg?resize=300%2C186&amp;ssl=1 300w, https:\/\/i0.wp.com\/eltrabajo.cl\/portal\/wp-content\/uploads\/2020\/05\/Camioneta-2.jpg?resize=200%2C124&amp;ssl=1 200w, https:\/\/i0.wp.com\/eltrabajo.cl\/portal\/wp-content\/uploads\/2020\/05\/Camioneta-2.jpg?resize=150%2C93&amp;ssl=1 150w\" sizes=\"auto, (max-width: 580px) 100vw, 580px\" \/><figcaption id=\"caption-attachment-98694\" class=\"wp-caption-text\">En la imagen se puede apreciar a uno de los imputados en momentos que es subido al carro policial para ser trasladado al juzgado de garant\u00eda de San Felipe.<\/figcaption><\/figure>\n<p style=\"text-align: justify;\">\n<figure id=\"attachment_98695\" aria-describedby=\"caption-attachment-98695\" style=\"width: 580px\" class=\"wp-caption alignnone\"><img data-recalc-dims=\"1\" loading=\"lazy\" decoding=\"async\" class=\"size-full wp-image-98695\" src=\"https:\/\/i0.wp.com\/eltrabajo.cl\/portal\/wp-content\/uploads\/2020\/05\/Camioneta-3.jpg?resize=580%2C360&#038;ssl=1\" alt=\"En la imagen se puede apreciar a uno de los imputados en momentos que es subido al carro policial para ser trasladado al juzgado de garant\u00eda de San Felipe.\" width=\"580\" height=\"360\" srcset=\"https:\/\/i0.wp.com\/eltrabajo.cl\/portal\/wp-content\/uploads\/2020\/05\/Camioneta-3.jpg?w=580&amp;ssl=1 580w, https:\/\/i0.wp.com\/eltrabajo.cl\/portal\/wp-content\/uploads\/2020\/05\/Camioneta-3.jpg?resize=300%2C186&amp;ssl=1 300w, https:\/\/i0.wp.com\/eltrabajo.cl\/portal\/wp-content\/uploads\/2020\/05\/Camioneta-3.jpg?resize=200%2C124&amp;ssl=1 200w, https:\/\/i0.wp.com\/eltrabajo.cl\/portal\/wp-content\/uploads\/2020\/05\/Camioneta-3.jpg?resize=150%2C93&amp;ssl=1 150w\" sizes=\"auto, (max-width: 580px) 100vw, 580px\" \/><figcaption id=\"caption-attachment-98695\" class=\"wp-caption-text\">En la imagen se puede apreciar a uno de los imputados en momentos que es subido al carro policial para ser trasladado al juzgado de garant\u00eda de San Felipe.<\/figcaption><\/figure>\n<p style=\"text-align: justify;\">\n<figure id=\"attachment_98696\" aria-describedby=\"caption-attachment-98696\" style=\"width: 580px\" class=\"wp-caption alignnone\"><img data-recalc-dims=\"1\" loading=\"lazy\" decoding=\"async\" class=\"size-full wp-image-98696\" src=\"https:\/\/i0.wp.com\/eltrabajo.cl\/portal\/wp-content\/uploads\/2020\/05\/Camioneta.jpg?resize=580%2C360&#038;ssl=1\" alt=\"Esta es la camioneta que fue recuperada por personal de la SIP de la Segunda Comisar\u00eda de Carabineros.\" width=\"580\" height=\"360\" srcset=\"https:\/\/i0.wp.com\/eltrabajo.cl\/portal\/wp-content\/uploads\/2020\/05\/Camioneta.jpg?w=580&amp;ssl=1 580w, https:\/\/i0.wp.com\/eltrabajo.cl\/portal\/wp-content\/uploads\/2020\/05\/Camioneta.jpg?resize=300%2C186&amp;ssl=1 300w, https:\/\/i0.wp.com\/eltrabajo.cl\/portal\/wp-content\/uploads\/2020\/05\/Camioneta.jpg?resize=200%2C124&amp;ssl=1 200w, https:\/\/i0.wp.com\/eltrabajo.cl\/portal\/wp-content\/uploads\/2020\/05\/Camioneta.jpg?resize=150%2C93&amp;ssl=1 150w\" sizes=\"auto, (max-width: 580px) 100vw, 580px\" \/><figcaption id=\"caption-attachment-98696\" class=\"wp-caption-text\">Esta es la camioneta que fue recuperada por personal de la SIP de la Segunda Comisar\u00eda de Carabineros.<\/figcaption><\/figure>\n","protected":false},"excerpt":{"rendered":"<p>Personal de la SIP San Felipe: Personal de la Secci\u00f3n de Investigaci\u00f3n Policial de Carabineros de la Segunda Comisar\u00eda de San Felipe, detuvo la madrugada de este s\u00e1bado durante el Toque de&#8230;<\/p>\n","protected":false},"author":482,"featured_media":98695,"comment_status":"open","ping_status":"open","sticky":false,"template":"","format":"standard","meta":{"advanced_seo_description":"","jetpack_seo_html_title":"","jetpack_seo_noindex":false,"_jetpack_memberships_contains_paid_content":false,"footnotes":""},"categories":[21],"tags":[],"class_list":["post-98693","post","type-post","status-publish","format-standard","has-post-thumbnail","hentry","category-policial"],"jetpack_featured_media_url":"https:\/\/i0.wp.com\/eltrabajo.cl\/portal\/wp-content\/uploads\/2020\/05\/Camioneta-3.jpg?fit=580%2C360&ssl=1","jetpack_sharing_enabled":true,"jetpack_likes_enabled":true,"jetpack-related-posts":[],"_links":{"self":[{"href":"https:\/\/eltrabajo.cl\/portal\/wp-json\/wp\/v2\/posts\/98693","targetHints":{"allow":["GET"]}}],"collection":[{"href":"https:\/\/eltrabajo.cl\/portal\/wp-json\/wp\/v2\/posts"}],"about":[{"href":"https:\/\/eltrabajo.cl\/portal\/wp-json\/wp\/v2\/types\/post"}],"author":[{"embeddable":true,"href":"https:\/\/eltrabajo.cl\/portal\/wp-json\/wp\/v2\/users\/482"}],"replies":[{"embeddable":true,"href":"https:\/\/eltrabajo.cl\/portal\/wp-json\/wp\/v2\/comments?post=98693"}],"version-history":[{"count":0,"href":"https:\/\/eltrabajo.cl\/portal\/wp-json\/wp\/v2\/posts\/98693\/revisions"}],"wp:featuredmedia":[{"embeddable":true,"href":"https:\/\/eltrabajo.cl\/portal\/wp-json\/wp\/v2\/media\/98695"}],"wp:attachment":[{"href":"https:\/\/eltrabajo.cl\/portal\/wp-json\/wp\/v2\/media?parent=98693"}],"wp:term":[{"taxonomy":"category","embeddable":true,"href":"https:\/\/eltrabajo.cl\/portal\/wp-json\/wp\/v2\/categories?post=98693"},{"taxonomy":"post_tag","embeddable":true,"href":"https:\/\/eltrabajo.cl\/portal\/wp-json\/wp\/v2\/tags?post=98693"}],"curies":[{"name":"wp","href":"https:\/\/api.w.org\/{rel}","templated":true}]}}