{"id":98698,"date":"2020-05-10T23:56:20","date_gmt":"2020-05-11T03:56:20","guid":{"rendered":"https:\/\/www.eltrabajo.cl\/portal\/?p=98698"},"modified":"2020-05-10T23:56:20","modified_gmt":"2020-05-11T03:56:20","slug":"reponedor-de-supermercado-es-encontrado-sin-vida-en-la-via-publica","status":"publish","type":"post","link":"https:\/\/eltrabajo.cl\/portal\/reponedor-de-supermercado-es-encontrado-sin-vida-en-la-via-publica\/","title":{"rendered":"Reponedor de supermercado es encontrado sin vida en la v\u00eda p\u00fablica"},"content":{"rendered":"<p style=\"text-align: justify;\"><span style=\"color: #c81400;\"><strong>Descartan participaci\u00f3n de terceras personas:<\/strong><\/span><\/p>\n<p style=\"text-align: justify;\">Una persona que se desempe\u00f1aba como reponedor en Supermercado Acuenta de San Felipe fue encontrado muerto afuera del edificio del IST ubicado en Calle Merced de San Felipe. El hallazgo se produjo este d\u00eda s\u00e1bado en la ma\u00f1ana cuando pasaban personas por el lugar. Se trata de Juan <strong>Francisco Magna Carvallo<\/strong> de aproximadamente unos 50 a\u00f1os de edad.<\/p>\n<p style=\"text-align: justify;\">Una persona cercana a la familia nos coment\u00f3 que trabajaba de noche como reponedor en Acuenta de Avenida Maip\u00fa, y por la hora debe haberse ido retirando de su trabajo en su bicicleta por Calle Merced en direcci\u00f3n a su casa ubicada en Julio Montero de Villa El Se\u00f1orial de San Felipe.<\/p>\n<p style=\"text-align: justify;\">Consultado Carabineros de San Felipe, indicaron a trav\u00e9s dela capit\u00e1n Gabriela Aravena que seg\u00fan lo manifestado por personal de la BH de la PDI de Los Andes, se descart\u00f3 la participaci\u00f3n de terceras personas indicando como causa natural su muerte, un paro cardiaco. Seg\u00fan el obituario de la funeraria a cargo de sus funerales, este se realiz\u00f3 ayer domingo 10 de mayo. Sus restos fueron sepultados en el Cementerio Municipal de San Felipe.<\/p>\n<p style=\"text-align: justify;\">\n<figure id=\"attachment_98699\" aria-describedby=\"caption-attachment-98699\" style=\"width: 580px\" class=\"wp-caption alignleft\"><img data-recalc-dims=\"1\" loading=\"lazy\" decoding=\"async\" class=\"size-full wp-image-98699\" src=\"https:\/\/i0.wp.com\/eltrabajo.cl\/portal\/wp-content\/uploads\/2020\/05\/reponedor2.jpg?resize=580%2C360&#038;ssl=1\" alt=\"El cuerpo cubierto con una lona de color azul en el edificio del IST de San Felipe.\" width=\"580\" height=\"360\" srcset=\"https:\/\/i0.wp.com\/eltrabajo.cl\/portal\/wp-content\/uploads\/2020\/05\/reponedor2.jpg?w=580&amp;ssl=1 580w, https:\/\/i0.wp.com\/eltrabajo.cl\/portal\/wp-content\/uploads\/2020\/05\/reponedor2.jpg?resize=300%2C186&amp;ssl=1 300w, https:\/\/i0.wp.com\/eltrabajo.cl\/portal\/wp-content\/uploads\/2020\/05\/reponedor2.jpg?resize=200%2C124&amp;ssl=1 200w, https:\/\/i0.wp.com\/eltrabajo.cl\/portal\/wp-content\/uploads\/2020\/05\/reponedor2.jpg?resize=150%2C93&amp;ssl=1 150w\" sizes=\"auto, (max-width: 580px) 100vw, 580px\" \/><figcaption id=\"caption-attachment-98699\" class=\"wp-caption-text\">El cuerpo cubierto con una lona de color azul en el edificio del IST de San Felipe.<\/figcaption><\/figure>\n","protected":false},"excerpt":{"rendered":"<p>Descartan participaci\u00f3n de terceras personas: Una persona que se desempe\u00f1aba como reponedor en Supermercado Acuenta de San Felipe fue encontrado muerto afuera del edificio del IST ubicado en Calle Merced de San&#8230;<\/p>\n","protected":false},"author":482,"featured_media":98699,"comment_status":"open","ping_status":"open","sticky":false,"template":"","format":"standard","meta":{"advanced_seo_description":"","jetpack_seo_html_title":"","jetpack_seo_noindex":false,"_jetpack_memberships_contains_paid_content":false,"footnotes":""},"categories":[21],"tags":[],"class_list":["post-98698","post","type-post","status-publish","format-standard","has-post-thumbnail","hentry","category-policial"],"jetpack_featured_media_url":"https:\/\/i0.wp.com\/eltrabajo.cl\/portal\/wp-content\/uploads\/2020\/05\/reponedor2.jpg?fit=580%2C360&ssl=1","jetpack_sharing_enabled":true,"jetpack_likes_enabled":true,"jetpack-related-posts":[],"_links":{"self":[{"href":"https:\/\/eltrabajo.cl\/portal\/wp-json\/wp\/v2\/posts\/98698","targetHints":{"allow":["GET"]}}],"collection":[{"href":"https:\/\/eltrabajo.cl\/portal\/wp-json\/wp\/v2\/posts"}],"about":[{"href":"https:\/\/eltrabajo.cl\/portal\/wp-json\/wp\/v2\/types\/post"}],"author":[{"embeddable":true,"href":"https:\/\/eltrabajo.cl\/portal\/wp-json\/wp\/v2\/users\/482"}],"replies":[{"embeddable":true,"href":"https:\/\/eltrabajo.cl\/portal\/wp-json\/wp\/v2\/comments?post=98698"}],"version-history":[{"count":0,"href":"https:\/\/eltrabajo.cl\/portal\/wp-json\/wp\/v2\/posts\/98698\/revisions"}],"wp:featuredmedia":[{"embeddable":true,"href":"https:\/\/eltrabajo.cl\/portal\/wp-json\/wp\/v2\/media\/98699"}],"wp:attachment":[{"href":"https:\/\/eltrabajo.cl\/portal\/wp-json\/wp\/v2\/media?parent=98698"}],"wp:term":[{"taxonomy":"category","embeddable":true,"href":"https:\/\/eltrabajo.cl\/portal\/wp-json\/wp\/v2\/categories?post=98698"},{"taxonomy":"post_tag","embeddable":true,"href":"https:\/\/eltrabajo.cl\/portal\/wp-json\/wp\/v2\/tags?post=98698"}],"curies":[{"name":"wp","href":"https:\/\/api.w.org\/{rel}","templated":true}]}}