{"id":98701,"date":"2020-05-10T23:59:04","date_gmt":"2020-05-11T03:59:04","guid":{"rendered":"https:\/\/www.eltrabajo.cl\/portal\/?p=98701"},"modified":"2020-05-10T23:59:04","modified_gmt":"2020-05-11T03:59:04","slug":"funcionaria-de-cesfam-contagia-covid-19-a-guagua-de-12-dias-de-nacida","status":"publish","type":"post","link":"https:\/\/eltrabajo.cl\/portal\/funcionaria-de-cesfam-contagia-covid-19-a-guagua-de-12-dias-de-nacida\/","title":{"rendered":"Funcionaria de Cesfam contagia Covid-19 a guagua de 12 d\u00edas de nacida"},"content":{"rendered":"<p style=\"text-align: justify;\"><span style=\"color: #c81400;\"><strong>Servicio de Salud monitorea a otros pacientes atendidos por ella:<\/strong><\/span><\/p>\n<p style=\"text-align: justify;\"><strong>LOS ANDES<\/strong>.- Una guagua de s\u00f3lo 12 d\u00edas de nacida, quien tiene domicilio en la comuna de Los Andes, result\u00f3 positiva al examen de Coronavirus realizado el d\u00eca viernes seg\u00fan lo informado por el Servicio de Salud Aconcagua.<\/p>\n<p style=\"text-align: justify;\">A trav\u00e9s de un comunicado de prensa, la direcci\u00f3n se\u00f1al\u00f3 que la peque\u00f1a paciente fue llevada el jueves 7 al Hospital San Juan de Dios de Los Andes, \u00ab<em>presentando un cuadro que determin\u00f3 su hospitalizaci\u00f3n y que se le realizara el examen para Covid-19, el que fue confirmado como positivo el viernes 8 de mayo y que motiv\u00f3 su traslado al Hospital San Camilo, en buen estado de salud<\/em>\u00bb.<\/p>\n<p style=\"text-align: justify;\">Respecto a la forma en que se produjo el contagio, en el documento se especifica que, de acuerdo a lo informado por los familiares de la reci\u00e9n nacida, \u00ab<em>el pasado lunes 4 fue atendida en su domicilio por una funcionaria de un establecimiento de atenci\u00f3n primaria de la red, quien el d\u00eda 6 de mayo fue confirmada como positiva para Covid-19<\/em>\u00bb.<\/p>\n<p style=\"text-align: justify;\">Dada la confirmaci\u00f3n del caso positivo de la funcionaria, se da cuenta que el Centro de Salud Familiar se comunic\u00f3 con los integrantes del equipo de salud que trabajaron con ella y tambi\u00e9n con los pacientes que fueron atendidos por la profesional entre los d\u00edas 30 de abril y 4 de mayo, \u00ab<em>fechas en las que se reintegr\u00f3 a sus labores asistenciales sin presentar s\u00edntomas compatibles con este virus<\/em>\u00bb.<\/p>\n<p style=\"text-align: justify;\">Se consigna en el comunicado que desde el inicio de la pandemia \u00ab<em>la profesional hab\u00eda permanecido fuera del recinto asistencial, por determinaci\u00f3n de su jefatura, acogi\u00e9ndose a las orientaciones ministeriales<\/em>\u00bb. En vista de esta situaci\u00f3n, se ha dispuesto que una vez localizadas las personas que tuvieron contacto con esta funcionaria \u00ab<em>se les realice en forma inmediata el examen para Covid-19, a fin de cautelar las medidas sanitarias correspondientes<\/em>\u00bb.<\/p>\n<p style=\"text-align: justify;\">Finalmente, se inform\u00f3 que desde la direcci\u00f3n del Servicio de Salud Aconcagua \u00ab<em>se instruir\u00e1n las acciones que permitan investigar esta situaci\u00f3n y revisar los protocolos y procedimientos aplicados<\/em>\u00bb.<\/p>\n<p style=\"text-align: justify;\">\n<figure id=\"attachment_98702\" aria-describedby=\"caption-attachment-98702\" style=\"width: 580px\" class=\"wp-caption alignnone\"><img data-recalc-dims=\"1\" loading=\"lazy\" decoding=\"async\" class=\"size-full wp-image-98702\" src=\"https:\/\/i0.wp.com\/eltrabajo.cl\/portal\/wp-content\/uploads\/2020\/05\/bebe.jpg?resize=580%2C360&#038;ssl=1\" alt=\"El lunes pasado la guagua fue atendida en su domicilio por una funcionaria de atenci\u00f3n primaria y quien luego fue caso positivo para Covid-19. (Foto referencial)\" width=\"580\" height=\"360\" srcset=\"https:\/\/i0.wp.com\/eltrabajo.cl\/portal\/wp-content\/uploads\/2020\/05\/bebe.jpg?w=580&amp;ssl=1 580w, https:\/\/i0.wp.com\/eltrabajo.cl\/portal\/wp-content\/uploads\/2020\/05\/bebe.jpg?resize=300%2C186&amp;ssl=1 300w, https:\/\/i0.wp.com\/eltrabajo.cl\/portal\/wp-content\/uploads\/2020\/05\/bebe.jpg?resize=200%2C124&amp;ssl=1 200w, https:\/\/i0.wp.com\/eltrabajo.cl\/portal\/wp-content\/uploads\/2020\/05\/bebe.jpg?resize=150%2C93&amp;ssl=1 150w\" sizes=\"auto, (max-width: 580px) 100vw, 580px\" \/><figcaption id=\"caption-attachment-98702\" class=\"wp-caption-text\">El lunes pasado la guagua fue atendida en su domicilio por una funcionaria de atenci\u00f3n primaria y quien luego fue caso positivo para Covid-19. (Foto referencial)<\/figcaption><\/figure>\n","protected":false},"excerpt":{"rendered":"<p>Servicio de Salud monitorea a otros pacientes atendidos por ella: LOS ANDES.- Una guagua de s\u00f3lo 12 d\u00edas de nacida, quien tiene domicilio en la comuna de Los Andes, result\u00f3 positiva al&#8230;<\/p>\n","protected":false},"author":482,"featured_media":98702,"comment_status":"open","ping_status":"open","sticky":false,"template":"","format":"standard","meta":{"advanced_seo_description":"","jetpack_seo_html_title":"","jetpack_seo_noindex":false,"_jetpack_memberships_contains_paid_content":false,"footnotes":""},"categories":[21],"tags":[],"class_list":["post-98701","post","type-post","status-publish","format-standard","has-post-thumbnail","hentry","category-policial"],"jetpack_featured_media_url":"https:\/\/i0.wp.com\/eltrabajo.cl\/portal\/wp-content\/uploads\/2020\/05\/bebe.jpg?fit=580%2C360&ssl=1","jetpack_sharing_enabled":true,"jetpack_likes_enabled":true,"jetpack-related-posts":[],"_links":{"self":[{"href":"https:\/\/eltrabajo.cl\/portal\/wp-json\/wp\/v2\/posts\/98701","targetHints":{"allow":["GET"]}}],"collection":[{"href":"https:\/\/eltrabajo.cl\/portal\/wp-json\/wp\/v2\/posts"}],"about":[{"href":"https:\/\/eltrabajo.cl\/portal\/wp-json\/wp\/v2\/types\/post"}],"author":[{"embeddable":true,"href":"https:\/\/eltrabajo.cl\/portal\/wp-json\/wp\/v2\/users\/482"}],"replies":[{"embeddable":true,"href":"https:\/\/eltrabajo.cl\/portal\/wp-json\/wp\/v2\/comments?post=98701"}],"version-history":[{"count":0,"href":"https:\/\/eltrabajo.cl\/portal\/wp-json\/wp\/v2\/posts\/98701\/revisions"}],"wp:featuredmedia":[{"embeddable":true,"href":"https:\/\/eltrabajo.cl\/portal\/wp-json\/wp\/v2\/media\/98702"}],"wp:attachment":[{"href":"https:\/\/eltrabajo.cl\/portal\/wp-json\/wp\/v2\/media?parent=98701"}],"wp:term":[{"taxonomy":"category","embeddable":true,"href":"https:\/\/eltrabajo.cl\/portal\/wp-json\/wp\/v2\/categories?post=98701"},{"taxonomy":"post_tag","embeddable":true,"href":"https:\/\/eltrabajo.cl\/portal\/wp-json\/wp\/v2\/tags?post=98701"}],"curies":[{"name":"wp","href":"https:\/\/api.w.org\/{rel}","templated":true}]}}