{"id":98704,"date":"2020-05-11T00:01:10","date_gmt":"2020-05-11T04:01:10","guid":{"rendered":"https:\/\/www.eltrabajo.cl\/portal\/?p=98704"},"modified":"2020-05-11T00:01:10","modified_gmt":"2020-05-11T04:01:10","slug":"mujer-denuncia-que-la-encerraron-por-tres-horas-en-un-box-de-cesfam","status":"publish","type":"post","link":"https:\/\/eltrabajo.cl\/portal\/mujer-denuncia-que-la-encerraron-por-tres-horas-en-un-box-de-cesfam\/","title":{"rendered":"Mujer denuncia que \u2018la encerraron\u2019 por tres horas en un Box de Cesfam"},"content":{"rendered":"<p style=\"text-align: justify;\"><span style=\"color: #c81400;\"><strong>Ella qued\u00f3 detenida y acusada por Agresi\u00f3n a funcionarios:<\/strong><\/span><\/p>\n<p style=\"text-align: justify;\">A nuestra Sala de Redacci\u00f3n acudi\u00f3 la ma\u00f1ana de este viernes <strong>Catalina Andrea Meneses Robles<\/strong>, vecina de los departamentos Sargento Aldea, quien denunci\u00f3 lo siguiente: \u00abY<em>o quiero denunciar el hecho que sufr\u00ed hoy d\u00eda <\/em>(viernes) <em>por parte del personal del Cesfam Segismundo Iturra, por parte de la directora del consultorio, por una enfermera y el guardia de seguridad, yo vivo al frente del Cesfam, resulta que me dirig\u00ed hoy en la ma\u00f1ana con mi hijo con un dolor de garganta, nos vio el m\u00e9dico efectivamente, nos dio la receta y todo el tema. En eso el doctor me dijo que de forma preventiva le har\u00edan a mi hijo el examen del Covid-19, s\u00f3lo a mi hijo. Luego que le hicieron el examen a mi hijo nos dejaron en el Box de atenci\u00f3n, empezaron a pasar las horas, ya cuando eran las 11 de la ma\u00f1ana esperando ah\u00ed encerrados, en ayunas, mi hijo me dec\u00eda \u2018mamita tengo hambre me duele la guatita\u2019, yo ya me empec\u00e9 a desesperar, yo sufro de claustrofobia y encerrada ah\u00ed obvio que me comenc\u00e9 a desesperar, abr\u00ed entonces la puerta y me ofrecieron llamar a la encargada, hasta ese momento yo me hab\u00eda expresado en un tono educado, llega la encargada, se para en la puerta a varios metros de m\u00ed y me dice \u2018\u00bfqu\u00e9 quer\u00ed?\u2019, perd\u00f3n le dije yo, no es \u2018qu\u00e9 quer\u00ed\u2019, es \u2018\u00bfqu\u00e9 se le ofrece?\u2019 o \u2018\u00bfqu\u00e9 necesita\u2019, porque no est\u00e1s hablando con cualquier persona<\/em>\u00bb, dijo Meneses.<\/p>\n<p style=\"text-align: justify;\">Seg\u00fan el relato de esta vecina sanfelipe\u00f1a, se habr\u00edan generado fuertes intercambios de palabras entre ella y los funcionarios del Cesfam, terminando la situaci\u00f3n con la presencia de Carabineros en el lugar y con ella detenida acusada por supuestas agresiones a los tres funcionarios en Fiscal\u00eda, recuperando luego su libertad. El ni\u00f1o fue llevado a su casa desde el Cesfam por un familiar del menor antes de ser ella trasladada a Fiscal\u00eda.<\/p>\n<p style=\"text-align: justify;\">\n<p style=\"text-align: justify;\"><span style=\"color: #c81400;\"><strong>SALUD RESPONDE<\/strong><\/span><\/p>\n<p style=\"text-align: justify;\"><strong>Diario El Trabajo<\/strong> habl\u00f3 con <strong>Marcela Brito<\/strong> directora de la Direcci\u00f3n de Salud Municipal, quien tras escuchar la denuncia de esta usuaria e indagar lo sucedido con las versiones de sus funcionarios, nos respondi\u00f3 que \u00ab<em>lamentablente comprendiendo lo complejo del contexto social a lo que nos lleva la actual grave situaci\u00f3n sanitaria, nada justifica el maltrato a nuestros funcionarios y funcionarias, quienes desde un per\u00edodo extenso y con destacado esp\u00edritu de servicio han dispuesto sus voluntades para enfrentar los propios desaf\u00edos que estos tiempos nos exigen, ajust\u00e1ndose adem\u00e1s a las normativas vigentes. Por tal raz\u00f3n, y ante una escalada de estos eventos de maltrato, nos hemos visto en la necesidad de tomar medidas. El presente caso se encuentra en Fiscal\u00eda<\/em>\u00bb, dijo Brito a nuestro medio.<\/p>\n<p style=\"text-align: justify;\"><strong>Roberto Gonz\u00e1lez Short<\/strong><\/p>\n<p style=\"text-align: justify;\">\n<figure id=\"attachment_98705\" aria-describedby=\"caption-attachment-98705\" style=\"width: 579px\" class=\"wp-caption alignnone\"><img data-recalc-dims=\"1\" loading=\"lazy\" decoding=\"async\" class=\"size-full wp-image-98705\" src=\"https:\/\/i0.wp.com\/eltrabajo.cl\/portal\/wp-content\/uploads\/2020\/05\/Cesfam_Catalina-Meneses-copia.jpg?resize=579%2C599&#038;ssl=1\" alt=\"Catalina Meneses denuncia haber sido vulnerada en sus derechos.\" width=\"579\" height=\"599\" srcset=\"https:\/\/i0.wp.com\/eltrabajo.cl\/portal\/wp-content\/uploads\/2020\/05\/Cesfam_Catalina-Meneses-copia.jpg?w=579&amp;ssl=1 579w, https:\/\/i0.wp.com\/eltrabajo.cl\/portal\/wp-content\/uploads\/2020\/05\/Cesfam_Catalina-Meneses-copia.jpg?resize=290%2C300&amp;ssl=1 290w, https:\/\/i0.wp.com\/eltrabajo.cl\/portal\/wp-content\/uploads\/2020\/05\/Cesfam_Catalina-Meneses-copia.jpg?resize=145%2C150&amp;ssl=1 145w\" sizes=\"auto, (max-width: 579px) 100vw, 579px\" \/><figcaption id=\"caption-attachment-98705\" class=\"wp-caption-text\">Catalina Meneses denuncia haber sido vulnerada en sus derechos.<\/figcaption><\/figure>\n","protected":false},"excerpt":{"rendered":"<p>Ella qued\u00f3 detenida y acusada por Agresi\u00f3n a funcionarios: A nuestra Sala de Redacci\u00f3n acudi\u00f3 la ma\u00f1ana de este viernes Catalina Andrea Meneses Robles, vecina de los departamentos Sargento Aldea, quien denunci\u00f3&#8230;<\/p>\n","protected":false},"author":482,"featured_media":98706,"comment_status":"open","ping_status":"open","sticky":false,"template":"","format":"standard","meta":{"advanced_seo_description":"","jetpack_seo_html_title":"","jetpack_seo_noindex":false,"_jetpack_memberships_contains_paid_content":false,"footnotes":""},"categories":[15],"tags":[],"class_list":["post-98704","post","type-post","status-publish","format-standard","has-post-thumbnail","hentry","category-comunidad"],"jetpack_featured_media_url":"https:\/\/i0.wp.com\/eltrabajo.cl\/portal\/wp-content\/uploads\/2020\/05\/Cesfam_Catalina-Meneses.jpg?fit=580%2C360&ssl=1","jetpack_sharing_enabled":true,"jetpack_likes_enabled":true,"jetpack-related-posts":[],"_links":{"self":[{"href":"https:\/\/eltrabajo.cl\/portal\/wp-json\/wp\/v2\/posts\/98704","targetHints":{"allow":["GET"]}}],"collection":[{"href":"https:\/\/eltrabajo.cl\/portal\/wp-json\/wp\/v2\/posts"}],"about":[{"href":"https:\/\/eltrabajo.cl\/portal\/wp-json\/wp\/v2\/types\/post"}],"author":[{"embeddable":true,"href":"https:\/\/eltrabajo.cl\/portal\/wp-json\/wp\/v2\/users\/482"}],"replies":[{"embeddable":true,"href":"https:\/\/eltrabajo.cl\/portal\/wp-json\/wp\/v2\/comments?post=98704"}],"version-history":[{"count":0,"href":"https:\/\/eltrabajo.cl\/portal\/wp-json\/wp\/v2\/posts\/98704\/revisions"}],"wp:featuredmedia":[{"embeddable":true,"href":"https:\/\/eltrabajo.cl\/portal\/wp-json\/wp\/v2\/media\/98706"}],"wp:attachment":[{"href":"https:\/\/eltrabajo.cl\/portal\/wp-json\/wp\/v2\/media?parent=98704"}],"wp:term":[{"taxonomy":"category","embeddable":true,"href":"https:\/\/eltrabajo.cl\/portal\/wp-json\/wp\/v2\/categories?post=98704"},{"taxonomy":"post_tag","embeddable":true,"href":"https:\/\/eltrabajo.cl\/portal\/wp-json\/wp\/v2\/tags?post=98704"}],"curies":[{"name":"wp","href":"https:\/\/api.w.org\/{rel}","templated":true}]}}