{"id":98708,"date":"2020-05-11T00:02:44","date_gmt":"2020-05-11T04:02:44","guid":{"rendered":"https:\/\/www.eltrabajo.cl\/portal\/?p=98708"},"modified":"2020-05-11T00:03:12","modified_gmt":"2020-05-11T04:03:12","slug":"aseguran-que-hijo-de-duena-de-casa-origino-incendio-en-villa-yevide","status":"publish","type":"post","link":"https:\/\/eltrabajo.cl\/portal\/aseguran-que-hijo-de-duena-de-casa-origino-incendio-en-villa-yevide\/","title":{"rendered":"Aseguran que hijo de due\u00f1a de casa origin\u00f3 incendio en Villa Yevide"},"content":{"rendered":"<p style=\"text-align: justify;\">Este viernes en la tarde se produjo un incendio estructural como lo denomina Bomberos, que no es otra cosa que el incendio de un inmueble, en las cercan\u00edas de Villa Yevide. Donde se acusa al hijo de la propietaria del inmueble ser el causante del siniestro, que dej\u00f3 totalmente consumida la vivienda.<\/p>\n<p style=\"text-align: justify;\">As\u00ed se desprende de las declaraciones vertidas ese mismo d\u00eda y lugar por el comandante del Cuerpo de Bomberos de San Felipe, <strong>Juan Carlos Herrera Lillo<\/strong>.<\/p>\n<p style=\"text-align: justify;\">\u00ab<em>El hijo le prendi\u00f3 fuego a la vivienda, ac\u00e1 en este momento se est\u00e1 haciendo una b\u00fasqueda esforzada al interior en busca de la mam\u00e1 que estaba dentro de la casa, afortunadamente no hemos tenido novedades, pero los primeros antecedentes que tenemos es que el hijo le prendi\u00f3 fuego a la vivienda, no sabemos en qu\u00e9 condiciones est\u00e1 el hijo, esos son los antecedentes que tenemos ac\u00e1 de los vecinos, estamos trabajando r\u00e1pidamente esperando que la se\u00f1ora no est\u00e9 adentro de la vivienda<\/em>\u00bb, dijo Herrera<\/p>\n<p style=\"text-align: justify;\">El oficial lament\u00f3 que a la llegada de la primera m\u00e1quina ya la vivienda estaba consumida por el fuego. Ignorando qu\u00e9 tipo de acelerante le inyectaron a la casa para que este avanzara tan r\u00e1pidamente. Herrera Lillo denunci\u00f3 el actuar violento de un sujeto que vive en las cercan\u00edas, el cual ingres\u00f3 a ver a la due\u00f1a de la casa y luego se enfrent\u00f3 con personal de Bomberos e incluso lanz\u00f3 algunos pu\u00f1etazos, siendo de todas maneras reducido y sacado posteriormente por Carabineros. Del hijo de la propietaria no se supo nada en ese momento, presumiendo que arranc\u00f3 del lugar. Todos los antecedentes puestos a disposici\u00f3n del Ministerio P\u00fablico.<\/p>\n<p style=\"text-align: justify;\">\n<figure id=\"attachment_98709\" aria-describedby=\"caption-attachment-98709\" style=\"width: 580px\" class=\"wp-caption alignnone\"><img data-recalc-dims=\"1\" loading=\"lazy\" decoding=\"async\" class=\"size-full wp-image-98709\" src=\"https:\/\/i0.wp.com\/eltrabajo.cl\/portal\/wp-content\/uploads\/2020\/05\/Incendio.jpg?resize=580%2C360&#038;ssl=1\" alt=\"Bomberos trabajando en el lugar, mientras vecinos observan la vivienda siniestrada.\" width=\"580\" height=\"360\" srcset=\"https:\/\/i0.wp.com\/eltrabajo.cl\/portal\/wp-content\/uploads\/2020\/05\/Incendio.jpg?w=580&amp;ssl=1 580w, https:\/\/i0.wp.com\/eltrabajo.cl\/portal\/wp-content\/uploads\/2020\/05\/Incendio.jpg?resize=300%2C186&amp;ssl=1 300w, https:\/\/i0.wp.com\/eltrabajo.cl\/portal\/wp-content\/uploads\/2020\/05\/Incendio.jpg?resize=200%2C124&amp;ssl=1 200w, https:\/\/i0.wp.com\/eltrabajo.cl\/portal\/wp-content\/uploads\/2020\/05\/Incendio.jpg?resize=150%2C93&amp;ssl=1 150w\" sizes=\"auto, (max-width: 580px) 100vw, 580px\" \/><figcaption id=\"caption-attachment-98709\" class=\"wp-caption-text\">Bomberos trabajando en el lugar, mientras vecinos observan la vivienda siniestrada.<\/figcaption><\/figure>\n","protected":false},"excerpt":{"rendered":"<p>Este viernes en la tarde se produjo un incendio estructural como lo denomina Bomberos, que no es otra cosa que el incendio de un inmueble, en las cercan\u00edas de Villa Yevide. Donde&#8230;<\/p>\n","protected":false},"author":482,"featured_media":98709,"comment_status":"open","ping_status":"open","sticky":false,"template":"","format":"standard","meta":{"advanced_seo_description":"","jetpack_seo_html_title":"","jetpack_seo_noindex":false,"_jetpack_memberships_contains_paid_content":false,"footnotes":""},"categories":[21],"tags":[],"class_list":["post-98708","post","type-post","status-publish","format-standard","has-post-thumbnail","hentry","category-policial"],"jetpack_featured_media_url":"https:\/\/i0.wp.com\/eltrabajo.cl\/portal\/wp-content\/uploads\/2020\/05\/Incendio.jpg?fit=580%2C360&ssl=1","jetpack_sharing_enabled":true,"jetpack_likes_enabled":true,"jetpack-related-posts":[],"_links":{"self":[{"href":"https:\/\/eltrabajo.cl\/portal\/wp-json\/wp\/v2\/posts\/98708","targetHints":{"allow":["GET"]}}],"collection":[{"href":"https:\/\/eltrabajo.cl\/portal\/wp-json\/wp\/v2\/posts"}],"about":[{"href":"https:\/\/eltrabajo.cl\/portal\/wp-json\/wp\/v2\/types\/post"}],"author":[{"embeddable":true,"href":"https:\/\/eltrabajo.cl\/portal\/wp-json\/wp\/v2\/users\/482"}],"replies":[{"embeddable":true,"href":"https:\/\/eltrabajo.cl\/portal\/wp-json\/wp\/v2\/comments?post=98708"}],"version-history":[{"count":0,"href":"https:\/\/eltrabajo.cl\/portal\/wp-json\/wp\/v2\/posts\/98708\/revisions"}],"wp:featuredmedia":[{"embeddable":true,"href":"https:\/\/eltrabajo.cl\/portal\/wp-json\/wp\/v2\/media\/98709"}],"wp:attachment":[{"href":"https:\/\/eltrabajo.cl\/portal\/wp-json\/wp\/v2\/media?parent=98708"}],"wp:term":[{"taxonomy":"category","embeddable":true,"href":"https:\/\/eltrabajo.cl\/portal\/wp-json\/wp\/v2\/categories?post=98708"},{"taxonomy":"post_tag","embeddable":true,"href":"https:\/\/eltrabajo.cl\/portal\/wp-json\/wp\/v2\/tags?post=98708"}],"curies":[{"name":"wp","href":"https:\/\/api.w.org\/{rel}","templated":true}]}}