{"id":98714,"date":"2020-05-11T22:01:05","date_gmt":"2020-05-12T02:01:05","guid":{"rendered":"https:\/\/www.eltrabajo.cl\/portal\/?p=98714"},"modified":"2020-05-11T22:06:12","modified_gmt":"2020-05-12T02:06:12","slug":"tras-40-anos-de-espera-vecinos-de-chorrillos-al-fin-tienen-calle-pavimentada","status":"publish","type":"post","link":"https:\/\/eltrabajo.cl\/portal\/tras-40-anos-de-espera-vecinos-de-chorrillos-al-fin-tienen-calle-pavimentada\/","title":{"rendered":"Tras 40 a\u00f1os de espera, vecinos de Chorrillos al fin tienen calle pavimentada"},"content":{"rendered":"<p style=\"text-align: justify;\"><span style=\"color: #c81400;\"><strong>Anhelada obra cost\u00f3 $400 millones del FNDR:<\/strong><\/span><\/p>\n<p style=\"text-align: justify;\">Luego de 40 a\u00f1os de esperar a que las autoridades locales y regionales les dieran una soluci\u00f3n al problema de no tener pavimentaci\u00f3n en calle Chorrillos, la ma\u00f1ana de ayer lunes fue inaugurada la v\u00eda antes mencionada, obra que cont\u00f3 con el financiamiento del Gobierno Regional de Valpara\u00edso con una inversi\u00f3n superior a los 400 millones de pesos, bajo la ejecuci\u00f3n del Municipio sanfelipe\u00f1o.<\/p>\n<p style=\"text-align: justify;\">Los vecinos salieron de sus casas y con alegr\u00eda recorrieron con las autoridades la nueva calle, entre estas autoridades estuvieron el alcalde Patricio Freire, la diputada Camila Flores, el Core Iv\u00e1n Reyes, y tambi\u00e9n la concejala sanfelipe\u00f1a Patricia Bofa, adem\u00e1s de dirigentes vecinales y vecinos del lugar.<\/p>\n<p style=\"text-align: justify;\">La reposici\u00f3n de la pavimentaci\u00f3n de la calle Chorrillos, entre las avenidas Diego de Almagro y Costanera, consiste en 430 metros lineales con una calzada de 7 metros de ancho, solera y acera. El proceso de Dise\u00f1o del proyecto cost\u00f3 unos $37 millones, mientras que la suma total est\u00e1 cercana a los 370 millones de pesos, financiados por el Fondo Nacional de Desarrollo Regional (FNDR).<\/p>\n<p style=\"text-align: justify;\"><span style=\"color: #c81400;\"><strong>UNA LARGA ESPERA<\/strong><\/span><\/p>\n<p style=\"text-align: justify;\">El alcalde de San Felipe <strong>Patricio Freire Canto<\/strong>, coment\u00f3 a nuestro medio lo siguiente: <em>\u00abBueno feliz, feliz de estar entregando a los vecinos la calle Chorrillos, son 40 a\u00f1os esperando la pavimentaci\u00f3n, estaba lleno de tierra este sector, hoy d\u00eda se paviment\u00f3, qued\u00f3 con un perfil muy bonito para esta calle. Esto es posible porque tambi\u00e9n hay dirigentes empoderados que quieren ver bien sus sectores, van al Municipio y trabajan con nosotros para desarrollar los proyectos de ciudad que necesitamos en nuestra comuna. Hoy d\u00eda tambi\u00e9n nos comprometemos a instalar los resaltos que sean necesarios para evitar accidentes. Somos una comuna que avanza a pasos agigantados hacia el futuro. Tambi\u00e9n Hermanos Carrera la tenemos con un perfil maravilloso de calle y viene Michimalongo a doble v\u00eda, est\u00e1 en licitaci\u00f3n, y nos ganamos catorce proyectos de Pavimentos Participativos, lo que significa bastante para la comuna de San Felipe. Reconocer tambi\u00e9n que muchos de estos proyectos se logran gracias a dineros del Gobierno Regional<\/em>\u00bb, dijo Freire a <strong>Diario El Trabajo<\/strong>.<\/p>\n<p style=\"text-align: justify;\">Tambi\u00e9n el Core <strong>Iv\u00e1n Reyes<\/strong> particip\u00f3 en este proceso:, <em>\u00abEsta es la conclusi\u00f3n de una necesidad de los vecinos del sector Chorrillos. En su momento los vecinos plantearon esta problem\u00e1tica y en conjunto con el Municipio la recogimos y comprometimos los recursos del gobierno regional una vez que el Municipio present\u00f3 el proyecto, tal como dice el dicho: \u2018no hay plazo que no se cumpla ni deuda que no se pague\u2019, y el d\u00eda de hoy se les entrega oficialmente a la comunidad un proyecto que apunta a poder mejorar la calidad de vida de los vecinos. Todos sabemos lo que significa la poluci\u00f3n del polvo y los barriales de invierno<\/em>\u00bb, indic\u00f3 Reyes.<\/p>\n<p style=\"text-align: justify;\"><span style=\"color: #c81400;\"><strong>VECINOS FELICES<\/strong><\/span><\/p>\n<p style=\"text-align: justify;\">Hace algunos d\u00edas hab\u00edamos hablado con varias vecinas del sector, quienes en su momento opinaron positivamente sobre la nueva calle.<\/p>\n<p style=\"text-align: justify;\">&#8211; <strong>Graciela Pizarro, 92 a\u00f1os de edad<\/strong>: <em>\u00abEstamos muy contentos con esta pavimentaci\u00f3n de nuestras calles, esto antes era un potrero, aqu\u00ed lo que hab\u00eda era una plantaci\u00f3n de ajo, yo sacaba los ajos del suelo porque eran mejores del suelo, frescos, por fin se acabaron el polvo y el barro en nuestras poblaciones<\/em>\u00bb.<\/p>\n<p style=\"text-align: justify;\">&#8211; <strong>Mar\u00eda Aranda, vecina de Chorrillos<\/strong>: <em>\u00abAl fin podremos vivir sin tanto polvo y barro. Yo desde ni\u00f1a vivo ac\u00e1 y el pavimento es algo que so\u00f1\u00e1bamos desde hace mucho tiempo, por fin el Municipio nos resolvi\u00f3 esta situaci\u00f3n<\/em>\u00bb.<\/p>\n<p style=\"text-align: justify;\"><strong>Roberto Gonz\u00e1lez Short<\/strong><\/p>\n<figure id=\"attachment_98715\" aria-describedby=\"caption-attachment-98715\" style=\"width: 580px\" class=\"wp-caption alignnone\"><img data-recalc-dims=\"1\" loading=\"lazy\" decoding=\"async\" class=\"size-full wp-image-98715\" src=\"https:\/\/i0.wp.com\/eltrabajo.cl\/portal\/wp-content\/uploads\/2020\/05\/Chorrillos2.jpg?resize=580%2C360&#038;ssl=1\" alt=\"DE PRIMERA.- As\u00ed luce la nueva v\u00eda, impecable acabado para el disfrute de todos en Poblaci\u00f3n Chorrillos y sectores aleda\u00f1os.\" width=\"580\" height=\"360\" srcset=\"https:\/\/i0.wp.com\/eltrabajo.cl\/portal\/wp-content\/uploads\/2020\/05\/Chorrillos2.jpg?w=580&amp;ssl=1 580w, https:\/\/i0.wp.com\/eltrabajo.cl\/portal\/wp-content\/uploads\/2020\/05\/Chorrillos2.jpg?resize=300%2C186&amp;ssl=1 300w, https:\/\/i0.wp.com\/eltrabajo.cl\/portal\/wp-content\/uploads\/2020\/05\/Chorrillos2.jpg?resize=200%2C124&amp;ssl=1 200w, https:\/\/i0.wp.com\/eltrabajo.cl\/portal\/wp-content\/uploads\/2020\/05\/Chorrillos2.jpg?resize=150%2C93&amp;ssl=1 150w\" sizes=\"auto, (max-width: 580px) 100vw, 580px\" \/><figcaption id=\"caption-attachment-98715\" class=\"wp-caption-text\">DE PRIMERA.- As\u00ed luce la nueva v\u00eda, impecable acabado para el disfrute de todos en Poblaci\u00f3n Chorrillos y sectores aleda\u00f1os.<\/figcaption><\/figure>\n<figure id=\"attachment_98721\" aria-describedby=\"caption-attachment-98721\" style=\"width: 580px\" class=\"wp-caption alignnone\"><img data-recalc-dims=\"1\" loading=\"lazy\" decoding=\"async\" class=\"size-full wp-image-98721\" src=\"https:\/\/i0.wp.com\/eltrabajo.cl\/portal\/wp-content\/uploads\/2020\/05\/CHORRILLOS1.jpg?resize=580%2C360&#038;ssl=1\" alt=\"TRAS 40 A\u00d1OS TRAGANDO POLVO.- Hoy se cumpli\u00f3 el sue\u00f1o de muchos vecinos en sector Chorrillos, cuando su calle principal fue inaugurada y recorrida por autoridades y vecinos.\" width=\"580\" height=\"360\" srcset=\"https:\/\/i0.wp.com\/eltrabajo.cl\/portal\/wp-content\/uploads\/2020\/05\/CHORRILLOS1.jpg?w=580&amp;ssl=1 580w, https:\/\/i0.wp.com\/eltrabajo.cl\/portal\/wp-content\/uploads\/2020\/05\/CHORRILLOS1.jpg?resize=300%2C186&amp;ssl=1 300w, https:\/\/i0.wp.com\/eltrabajo.cl\/portal\/wp-content\/uploads\/2020\/05\/CHORRILLOS1.jpg?resize=200%2C124&amp;ssl=1 200w, https:\/\/i0.wp.com\/eltrabajo.cl\/portal\/wp-content\/uploads\/2020\/05\/CHORRILLOS1.jpg?resize=150%2C93&amp;ssl=1 150w\" sizes=\"auto, (max-width: 580px) 100vw, 580px\" \/><figcaption id=\"caption-attachment-98721\" class=\"wp-caption-text\">TRAS 40 A\u00d1OS TRAGANDO POLVO.- Hoy se cumpli\u00f3 el sue\u00f1o de muchos vecinos en sector Chorrillos, cuando su calle principal fue inaugurada y recorrida por autoridades y vecinos.<\/figcaption><\/figure>\n<figure id=\"attachment_98716\" aria-describedby=\"caption-attachment-98716\" style=\"width: 579px\" class=\"wp-caption alignnone\"><img data-recalc-dims=\"1\" loading=\"lazy\" decoding=\"async\" class=\"size-full wp-image-98716\" src=\"https:\/\/i0.wp.com\/eltrabajo.cl\/portal\/wp-content\/uploads\/2020\/05\/Chorrillos3.jpg?resize=579%2C600&#038;ssl=1\" alt=\"SUE\u00d1O CUMPLIDO.- Esta abuelita, do\u00f1a Silvia, hab\u00eda dicho que antes de morir quer\u00eda ver esta calle pavimentada.\" width=\"579\" height=\"600\" srcset=\"https:\/\/i0.wp.com\/eltrabajo.cl\/portal\/wp-content\/uploads\/2020\/05\/Chorrillos3.jpg?w=579&amp;ssl=1 579w, https:\/\/i0.wp.com\/eltrabajo.cl\/portal\/wp-content\/uploads\/2020\/05\/Chorrillos3.jpg?resize=290%2C300&amp;ssl=1 290w, https:\/\/i0.wp.com\/eltrabajo.cl\/portal\/wp-content\/uploads\/2020\/05\/Chorrillos3.jpg?resize=145%2C150&amp;ssl=1 145w\" sizes=\"auto, (max-width: 579px) 100vw, 579px\" \/><figcaption id=\"caption-attachment-98716\" class=\"wp-caption-text\">SUE\u00d1O CUMPLIDO.- Esta abuelita, do\u00f1a Silvia, hab\u00eda dicho que antes de morir quer\u00eda ver esta calle pavimentada.<\/figcaption><\/figure>\n<figure id=\"attachment_98720\" aria-describedby=\"caption-attachment-98720\" style=\"width: 579px\" class=\"wp-caption alignnone\"><img data-recalc-dims=\"1\" loading=\"lazy\" decoding=\"async\" class=\"size-full wp-image-98720\" src=\"https:\/\/i0.wp.com\/eltrabajo.cl\/portal\/wp-content\/uploads\/2020\/05\/Chorrillos_Patricio-Freire.jpg?resize=579%2C600&#038;ssl=1\" alt=\"Patricio Freire Canto, alcalde de San Felipe.\" width=\"579\" height=\"600\" srcset=\"https:\/\/i0.wp.com\/eltrabajo.cl\/portal\/wp-content\/uploads\/2020\/05\/Chorrillos_Patricio-Freire.jpg?w=579&amp;ssl=1 579w, https:\/\/i0.wp.com\/eltrabajo.cl\/portal\/wp-content\/uploads\/2020\/05\/Chorrillos_Patricio-Freire.jpg?resize=290%2C300&amp;ssl=1 290w, https:\/\/i0.wp.com\/eltrabajo.cl\/portal\/wp-content\/uploads\/2020\/05\/Chorrillos_Patricio-Freire.jpg?resize=145%2C150&amp;ssl=1 145w\" sizes=\"auto, (max-width: 579px) 100vw, 579px\" \/><figcaption id=\"caption-attachment-98720\" class=\"wp-caption-text\">Patricio Freire Canto, alcalde de San Felipe.<\/figcaption><\/figure>\n<figure id=\"attachment_98718\" aria-describedby=\"caption-attachment-98718\" style=\"width: 580px\" class=\"wp-caption alignnone\"><img data-recalc-dims=\"1\" loading=\"lazy\" decoding=\"async\" class=\"size-full wp-image-98718\" src=\"https:\/\/i0.wp.com\/eltrabajo.cl\/portal\/wp-content\/uploads\/2020\/05\/Chorrillos_Ivan-Reyes.jpg?resize=580%2C600&#038;ssl=1\" alt=\"Iv\u00e1n Reyes, Core de San Felipe.\" width=\"580\" height=\"600\" srcset=\"https:\/\/i0.wp.com\/eltrabajo.cl\/portal\/wp-content\/uploads\/2020\/05\/Chorrillos_Ivan-Reyes.jpg?w=580&amp;ssl=1 580w, https:\/\/i0.wp.com\/eltrabajo.cl\/portal\/wp-content\/uploads\/2020\/05\/Chorrillos_Ivan-Reyes.jpg?resize=290%2C300&amp;ssl=1 290w, https:\/\/i0.wp.com\/eltrabajo.cl\/portal\/wp-content\/uploads\/2020\/05\/Chorrillos_Ivan-Reyes.jpg?resize=145%2C150&amp;ssl=1 145w\" sizes=\"auto, (max-width: 580px) 100vw, 580px\" \/><figcaption id=\"caption-attachment-98718\" class=\"wp-caption-text\">Iv\u00e1n Reyes, Core de San Felipe.<\/figcaption><\/figure>\n<figure id=\"attachment_98719\" aria-describedby=\"caption-attachment-98719\" style=\"width: 580px\" class=\"wp-caption alignnone\"><img data-recalc-dims=\"1\" loading=\"lazy\" decoding=\"async\" class=\"size-full wp-image-98719\" src=\"https:\/\/i0.wp.com\/eltrabajo.cl\/portal\/wp-content\/uploads\/2020\/05\/Chorrillos_Maria-Aranda.jpg?resize=580%2C600&#038;ssl=1\" alt=\"Mar\u00eda Aranda, otra vecina que ve con alegr\u00eda ejecutarse el proyecto.\" width=\"580\" height=\"600\" srcset=\"https:\/\/i0.wp.com\/eltrabajo.cl\/portal\/wp-content\/uploads\/2020\/05\/Chorrillos_Maria-Aranda.jpg?w=580&amp;ssl=1 580w, https:\/\/i0.wp.com\/eltrabajo.cl\/portal\/wp-content\/uploads\/2020\/05\/Chorrillos_Maria-Aranda.jpg?resize=290%2C300&amp;ssl=1 290w, https:\/\/i0.wp.com\/eltrabajo.cl\/portal\/wp-content\/uploads\/2020\/05\/Chorrillos_Maria-Aranda.jpg?resize=145%2C150&amp;ssl=1 145w\" sizes=\"auto, (max-width: 580px) 100vw, 580px\" \/><figcaption id=\"caption-attachment-98719\" class=\"wp-caption-text\">Mar\u00eda Aranda, otra vecina que ve con alegr\u00eda ejecutarse el proyecto.<\/figcaption><\/figure>\n<figure id=\"attachment_98717\" aria-describedby=\"caption-attachment-98717\" style=\"width: 580px\" class=\"wp-caption alignnone\"><img data-recalc-dims=\"1\" loading=\"lazy\" decoding=\"async\" class=\"size-full wp-image-98717\" src=\"https:\/\/i0.wp.com\/eltrabajo.cl\/portal\/wp-content\/uploads\/2020\/05\/Chorrillos_Graciela-Pizarro.jpg?resize=580%2C598&#038;ssl=1\" alt=\"Graciela Pizarro, vecina del sector con 92 a\u00f1os de edad.\" width=\"580\" height=\"598\" srcset=\"https:\/\/i0.wp.com\/eltrabajo.cl\/portal\/wp-content\/uploads\/2020\/05\/Chorrillos_Graciela-Pizarro.jpg?w=580&amp;ssl=1 580w, https:\/\/i0.wp.com\/eltrabajo.cl\/portal\/wp-content\/uploads\/2020\/05\/Chorrillos_Graciela-Pizarro.jpg?resize=291%2C300&amp;ssl=1 291w, https:\/\/i0.wp.com\/eltrabajo.cl\/portal\/wp-content\/uploads\/2020\/05\/Chorrillos_Graciela-Pizarro.jpg?resize=145%2C150&amp;ssl=1 145w\" sizes=\"auto, (max-width: 580px) 100vw, 580px\" \/><figcaption id=\"caption-attachment-98717\" class=\"wp-caption-text\">Graciela Pizarro, vecina del sector con 92 a\u00f1os de edad.<\/figcaption><\/figure>\n","protected":false},"excerpt":{"rendered":"<p>Anhelada obra cost\u00f3 $400 millones del FNDR: Luego de 40 a\u00f1os de esperar a que las autoridades locales y regionales les dieran una soluci\u00f3n al problema de no tener pavimentaci\u00f3n en calle&#8230;<\/p>\n","protected":false},"author":482,"featured_media":98721,"comment_status":"open","ping_status":"open","sticky":false,"template":"","format":"standard","meta":{"advanced_seo_description":"","jetpack_seo_html_title":"","jetpack_seo_noindex":false,"_jetpack_memberships_contains_paid_content":false,"footnotes":""},"categories":[103],"tags":[],"class_list":["post-98714","post","type-post","status-publish","format-standard","has-post-thumbnail","hentry","category-cronica-2"],"jetpack_featured_media_url":"https:\/\/i0.wp.com\/eltrabajo.cl\/portal\/wp-content\/uploads\/2020\/05\/CHORRILLOS1.jpg?fit=580%2C360&ssl=1","jetpack_sharing_enabled":true,"jetpack_likes_enabled":true,"jetpack-related-posts":[],"_links":{"self":[{"href":"https:\/\/eltrabajo.cl\/portal\/wp-json\/wp\/v2\/posts\/98714","targetHints":{"allow":["GET"]}}],"collection":[{"href":"https:\/\/eltrabajo.cl\/portal\/wp-json\/wp\/v2\/posts"}],"about":[{"href":"https:\/\/eltrabajo.cl\/portal\/wp-json\/wp\/v2\/types\/post"}],"author":[{"embeddable":true,"href":"https:\/\/eltrabajo.cl\/portal\/wp-json\/wp\/v2\/users\/482"}],"replies":[{"embeddable":true,"href":"https:\/\/eltrabajo.cl\/portal\/wp-json\/wp\/v2\/comments?post=98714"}],"version-history":[{"count":0,"href":"https:\/\/eltrabajo.cl\/portal\/wp-json\/wp\/v2\/posts\/98714\/revisions"}],"wp:featuredmedia":[{"embeddable":true,"href":"https:\/\/eltrabajo.cl\/portal\/wp-json\/wp\/v2\/media\/98721"}],"wp:attachment":[{"href":"https:\/\/eltrabajo.cl\/portal\/wp-json\/wp\/v2\/media?parent=98714"}],"wp:term":[{"taxonomy":"category","embeddable":true,"href":"https:\/\/eltrabajo.cl\/portal\/wp-json\/wp\/v2\/categories?post=98714"},{"taxonomy":"post_tag","embeddable":true,"href":"https:\/\/eltrabajo.cl\/portal\/wp-json\/wp\/v2\/tags?post=98714"}],"curies":[{"name":"wp","href":"https:\/\/api.w.org\/{rel}","templated":true}]}}