{"id":98724,"date":"2020-05-11T22:02:25","date_gmt":"2020-05-12T02:02:25","guid":{"rendered":"https:\/\/www.eltrabajo.cl\/portal\/?p=98724"},"modified":"2020-05-11T22:17:35","modified_gmt":"2020-05-12T02:17:35","slug":"maximo-directivo-del-uni-entrego-su-vision-sobre-el-momento-que-vive-la-anfp","status":"publish","type":"post","link":"https:\/\/eltrabajo.cl\/portal\/maximo-directivo-del-uni-entrego-su-vision-sobre-el-momento-que-vive-la-anfp\/","title":{"rendered":"M\u00e1ximo directivo del Un\u00ed entreg\u00f3 su visi\u00f3n sobre el momento que vive la ANFP"},"content":{"rendered":"<p style=\"text-align: justify;\">El mandam\u00e1s de Uni\u00f3n San Felipe, <strong>Ra\u00fal Delgado<\/strong>, se ha convertido en uno de los principales cr\u00edticos a la gesti\u00f3n del actual presidente de la ANFP, <strong>Sebasti\u00e1n Moreno<\/strong>. El directivo trasandino ha tenido una amplia exposici\u00f3n p\u00fablica durante los \u00faltimos d\u00edas al ser requerido por muchos de medios de car\u00e1cter local y nacional.<\/p>\n<p style=\"text-align: justify;\">En cada una de sus intervenciones, Delgado ha dejado ver su posici\u00f3n por el delicado momento econ\u00f3mico e institucional por el que atraviesa el f\u00fatbol chileno, dejando muy en claro que su postura no se trata de un tema personal, sino que netamente de gesti\u00f3n. <em>\u00abHa sido muy pobre (la gesti\u00f3n). Al momento de su elecci\u00f3n hubo un documento que hablaba de algunas medidas que se adoptar\u00edan en un plazo de 100 d\u00edas, y lo \u00fanico que se concret\u00f3 fue el f\u00fatbol femenino. La gran mayor\u00eda de los presidentes est\u00e1n convencidos que hay que buscar una salida (de Moreno) para encausar esto. Estamos preocupados por la vuelta de la actividad; hemos llegado tambi\u00e9n a la conclusi\u00f3n que el momento financiero es complicado y muy serio\u00bb,<\/em> advirti\u00f3 el due\u00f1o del Un\u00ed Un\u00ed.<\/p>\n<p style=\"text-align: justify;\">Con la misma fuerza, Ra\u00fal Delgado aclar\u00f3 que ser\u00e1 muy complicado ponerse de acuerdo en un nombre que suceda a Sebasti\u00e1n Moreno, por lo que al momento que haya que tomar esa decisi\u00f3n, habr\u00e1 que tener en cuenta cosas puntuales como, <em>\u00abentre los 33 clubes ser\u00e1 complicado ponernos de acuerdo en qui\u00e9n es la persona m\u00e1s id\u00f3nea. Esto no ser\u00e1 una cuesti\u00f3n de nombres, si no que un tema de proyectos. Es fundamental que la ANFP tenga un Gerente General muy capacitado, con mucha experiencia en la actividad, y que sea la persona que maneje la estructura de todo de acuerdo a lo que le instruya el directorio de turno, que seg\u00fan mi opini\u00f3n debe estar conformado por dirigentes que hayan mostrado capacidad de manejar bien sus clubes\u00bb,<\/em> asever\u00f3.<\/p>\n<p style=\"text-align: justify;\">\n<figure id=\"attachment_98725\" aria-describedby=\"caption-attachment-98725\" style=\"width: 580px\" class=\"wp-caption alignnone\"><img data-recalc-dims=\"1\" loading=\"lazy\" decoding=\"async\" class=\"size-full wp-image-98725\" src=\"https:\/\/i0.wp.com\/eltrabajo.cl\/portal\/wp-content\/uploads\/2020\/05\/delgado.jpg?resize=580%2C360&#038;ssl=1\" alt=\"El timonel del Un\u00ed Un\u00ed es uno de los principales cr\u00edticos del actual presidente de la ANFP, Sebasti\u00e1n Moreno.\" width=\"580\" height=\"360\" srcset=\"https:\/\/i0.wp.com\/eltrabajo.cl\/portal\/wp-content\/uploads\/2020\/05\/delgado.jpg?w=580&amp;ssl=1 580w, https:\/\/i0.wp.com\/eltrabajo.cl\/portal\/wp-content\/uploads\/2020\/05\/delgado.jpg?resize=300%2C186&amp;ssl=1 300w, https:\/\/i0.wp.com\/eltrabajo.cl\/portal\/wp-content\/uploads\/2020\/05\/delgado.jpg?resize=200%2C124&amp;ssl=1 200w, https:\/\/i0.wp.com\/eltrabajo.cl\/portal\/wp-content\/uploads\/2020\/05\/delgado.jpg?resize=150%2C93&amp;ssl=1 150w\" sizes=\"auto, (max-width: 580px) 100vw, 580px\" \/><figcaption id=\"caption-attachment-98725\" class=\"wp-caption-text\">El timonel del Un\u00ed Un\u00ed es uno de los principales cr\u00edticos del actual presidente de la ANFP, Sebasti\u00e1n Moreno.<\/figcaption><\/figure>\n","protected":false},"excerpt":{"rendered":"<p>El mandam\u00e1s de Uni\u00f3n San Felipe, Ra\u00fal Delgado, se ha convertido en uno de los principales cr\u00edticos a la gesti\u00f3n del actual presidente de la ANFP, Sebasti\u00e1n Moreno. El directivo trasandino ha&#8230;<\/p>\n","protected":false},"author":482,"featured_media":98725,"comment_status":"open","ping_status":"open","sticky":false,"template":"","format":"standard","meta":{"advanced_seo_description":"","jetpack_seo_html_title":"","jetpack_seo_noindex":false,"_jetpack_memberships_contains_paid_content":false,"footnotes":""},"categories":[19],"tags":[],"class_list":["post-98724","post","type-post","status-publish","format-standard","has-post-thumbnail","hentry","category-deportes"],"jetpack_featured_media_url":"https:\/\/i0.wp.com\/eltrabajo.cl\/portal\/wp-content\/uploads\/2020\/05\/delgado.jpg?fit=580%2C360&ssl=1","jetpack_sharing_enabled":true,"jetpack_likes_enabled":true,"jetpack-related-posts":[],"_links":{"self":[{"href":"https:\/\/eltrabajo.cl\/portal\/wp-json\/wp\/v2\/posts\/98724","targetHints":{"allow":["GET"]}}],"collection":[{"href":"https:\/\/eltrabajo.cl\/portal\/wp-json\/wp\/v2\/posts"}],"about":[{"href":"https:\/\/eltrabajo.cl\/portal\/wp-json\/wp\/v2\/types\/post"}],"author":[{"embeddable":true,"href":"https:\/\/eltrabajo.cl\/portal\/wp-json\/wp\/v2\/users\/482"}],"replies":[{"embeddable":true,"href":"https:\/\/eltrabajo.cl\/portal\/wp-json\/wp\/v2\/comments?post=98724"}],"version-history":[{"count":0,"href":"https:\/\/eltrabajo.cl\/portal\/wp-json\/wp\/v2\/posts\/98724\/revisions"}],"wp:featuredmedia":[{"embeddable":true,"href":"https:\/\/eltrabajo.cl\/portal\/wp-json\/wp\/v2\/media\/98725"}],"wp:attachment":[{"href":"https:\/\/eltrabajo.cl\/portal\/wp-json\/wp\/v2\/media?parent=98724"}],"wp:term":[{"taxonomy":"category","embeddable":true,"href":"https:\/\/eltrabajo.cl\/portal\/wp-json\/wp\/v2\/categories?post=98724"},{"taxonomy":"post_tag","embeddable":true,"href":"https:\/\/eltrabajo.cl\/portal\/wp-json\/wp\/v2\/tags?post=98724"}],"curies":[{"name":"wp","href":"https:\/\/api.w.org\/{rel}","templated":true}]}}