{"id":98727,"date":"2020-05-11T22:03:37","date_gmt":"2020-05-12T02:03:37","guid":{"rendered":"https:\/\/www.eltrabajo.cl\/portal\/?p=98727"},"modified":"2020-05-11T22:19:45","modified_gmt":"2020-05-12T02:19:45","slug":"el-tiempo-le-dio-la-razon-a-raul-reinoso","status":"publish","type":"post","link":"https:\/\/eltrabajo.cl\/portal\/el-tiempo-le-dio-la-razon-a-raul-reinoso\/","title":{"rendered":"El tiempo le dio la raz\u00f3n a Ra\u00fal Reinoso"},"content":{"rendered":"<p style=\"text-align: justify;\"><strong>Ra\u00fal Reinoso<\/strong> siempre se ha caracterizado por su frontalidad. El experimentado directivo, es de los que va de frente, sin adornar realidades. Tiempo atr\u00e1s, hace m\u00e1s de un a\u00f1o para ser m\u00e1s exactos, Reinoso hizo p\u00fablica su preocupaci\u00f3n por la profunda penetraci\u00f3n que estaba teniendo la droga en el f\u00fatbol amateur.<\/p>\n<p style=\"text-align: justify;\">Durante la semana pasada el valle de Aconcagua se remeci\u00f3 con la noticia que involucraba a algunos miembros del club de Santa Mar\u00eda, Roberto Huerta. <em>\u00abEl tiempo me termin\u00f3 dando la raz\u00f3n. Lo que pas\u00f3 con el Roberto Huerta es un golpe terrible, porque deja de manifiesto que hay grupos que usan las instituciones para sus negocios il\u00edcitos. Debo ser claro respecto a que no me parece justo involucrar a todo un club por el actuar de algunas personas. Una instituci\u00f3n no puede desaparecer por un par de delincuentes\u00bb,<\/em> coment\u00f3 a <strong>El Trabajo Deportivo<\/strong>, el popular <strong>\u2018Rulo\u2019<\/strong>.<\/p>\n<p style=\"text-align: justify;\">En su conversaci\u00f3n con nuestro medio, Reinoso se\u00f1al\u00f3 con fuerza que \u00e9ste era el momento para corregir las cosas. <em>\u00abNo podemos tapar el sol con un dedo; creo que todo depende de la autoridad; si no se hace nada, esto seguir\u00e1 para el futuro. Hay que tener claro que los que ahora pillaron son dos pelafustanes de poca monta, y no peces gordos que son los que surten a estos cabros. Las autoridades no pueden decir que reci\u00e9n se est\u00e1n dando cuenta de esta situaci\u00f3n\u00bb.<\/em><\/p>\n<p style=\"text-align: justify;\">Al momento de concluir su conversaci\u00f3n con Diario El Trabajo, Ra\u00fal Reinoso entreg\u00f3 el porqu\u00e9 es un adversario de las drogas. <em>\u00abLo primero es que no deben estar en el deporte, y lo otro, es que yo perd\u00ed un sobrino por esto. Un chico joven lleno de vida, bueno para pelota, que cay\u00f3 en este flagelo que son las drogas. Insisto. Este es el momento de poner un alto a todo esto\u00bb,<\/em> culmin\u00f3.<\/p>\n<p style=\"text-align: justify;\">\n<figure id=\"attachment_98728\" aria-describedby=\"caption-attachment-98728\" style=\"width: 580px\" class=\"wp-caption alignnone\"><img data-recalc-dims=\"1\" loading=\"lazy\" decoding=\"async\" class=\"size-full wp-image-98728\" src=\"https:\/\/i0.wp.com\/eltrabajo.cl\/portal\/wp-content\/uploads\/2020\/05\/raul-reinoso.jpg?resize=580%2C358&#038;ssl=1\" alt=\"Ra\u00fal Reinoso dio a conocer su posici\u00f3n respecto a la penetraci\u00f3n de la droga en el f\u00fatbol aficionado.\" width=\"580\" height=\"358\" srcset=\"https:\/\/i0.wp.com\/eltrabajo.cl\/portal\/wp-content\/uploads\/2020\/05\/raul-reinoso.jpg?w=580&amp;ssl=1 580w, https:\/\/i0.wp.com\/eltrabajo.cl\/portal\/wp-content\/uploads\/2020\/05\/raul-reinoso.jpg?resize=300%2C185&amp;ssl=1 300w, https:\/\/i0.wp.com\/eltrabajo.cl\/portal\/wp-content\/uploads\/2020\/05\/raul-reinoso.jpg?resize=200%2C123&amp;ssl=1 200w, https:\/\/i0.wp.com\/eltrabajo.cl\/portal\/wp-content\/uploads\/2020\/05\/raul-reinoso.jpg?resize=150%2C93&amp;ssl=1 150w\" sizes=\"auto, (max-width: 580px) 100vw, 580px\" \/><figcaption id=\"caption-attachment-98728\" class=\"wp-caption-text\">Ra\u00fal Reinoso dio a conocer su posici\u00f3n respecto a la penetraci\u00f3n de la droga en el f\u00fatbol aficionado.<\/figcaption><\/figure>\n","protected":false},"excerpt":{"rendered":"<p>Ra\u00fal Reinoso siempre se ha caracterizado por su frontalidad. El experimentado directivo, es de los que va de frente, sin adornar realidades. Tiempo atr\u00e1s, hace m\u00e1s de un a\u00f1o para ser m\u00e1s&#8230;<\/p>\n","protected":false},"author":482,"featured_media":98728,"comment_status":"open","ping_status":"open","sticky":false,"template":"","format":"standard","meta":{"advanced_seo_description":"","jetpack_seo_html_title":"","jetpack_seo_noindex":false,"_jetpack_memberships_contains_paid_content":false,"footnotes":""},"categories":[19],"tags":[],"class_list":["post-98727","post","type-post","status-publish","format-standard","has-post-thumbnail","hentry","category-deportes"],"jetpack_featured_media_url":"https:\/\/i0.wp.com\/eltrabajo.cl\/portal\/wp-content\/uploads\/2020\/05\/raul-reinoso.jpg?fit=580%2C358&ssl=1","jetpack_sharing_enabled":true,"jetpack_likes_enabled":true,"jetpack-related-posts":[],"_links":{"self":[{"href":"https:\/\/eltrabajo.cl\/portal\/wp-json\/wp\/v2\/posts\/98727","targetHints":{"allow":["GET"]}}],"collection":[{"href":"https:\/\/eltrabajo.cl\/portal\/wp-json\/wp\/v2\/posts"}],"about":[{"href":"https:\/\/eltrabajo.cl\/portal\/wp-json\/wp\/v2\/types\/post"}],"author":[{"embeddable":true,"href":"https:\/\/eltrabajo.cl\/portal\/wp-json\/wp\/v2\/users\/482"}],"replies":[{"embeddable":true,"href":"https:\/\/eltrabajo.cl\/portal\/wp-json\/wp\/v2\/comments?post=98727"}],"version-history":[{"count":0,"href":"https:\/\/eltrabajo.cl\/portal\/wp-json\/wp\/v2\/posts\/98727\/revisions"}],"wp:featuredmedia":[{"embeddable":true,"href":"https:\/\/eltrabajo.cl\/portal\/wp-json\/wp\/v2\/media\/98728"}],"wp:attachment":[{"href":"https:\/\/eltrabajo.cl\/portal\/wp-json\/wp\/v2\/media?parent=98727"}],"wp:term":[{"taxonomy":"category","embeddable":true,"href":"https:\/\/eltrabajo.cl\/portal\/wp-json\/wp\/v2\/categories?post=98727"},{"taxonomy":"post_tag","embeddable":true,"href":"https:\/\/eltrabajo.cl\/portal\/wp-json\/wp\/v2\/tags?post=98727"}],"curies":[{"name":"wp","href":"https:\/\/api.w.org\/{rel}","templated":true}]}}