{"id":98735,"date":"2020-05-11T22:05:27","date_gmt":"2020-05-12T02:05:27","guid":{"rendered":"https:\/\/www.eltrabajo.cl\/portal\/?p=98735"},"modified":"2020-05-11T22:22:18","modified_gmt":"2020-05-12T02:22:18","slug":"robo-y-amenaza-a-mujer-serian-las-causas-del-caso-secuestro-en-santa-maria","status":"publish","type":"post","link":"https:\/\/eltrabajo.cl\/portal\/robo-y-amenaza-a-mujer-serian-las-causas-del-caso-secuestro-en-santa-maria\/","title":{"rendered":"Robo y amenaza a mujer ser\u00edan las causas del caso secuestro en Santa Mar\u00eda"},"content":{"rendered":"<p style=\"text-align: justify;\"><span style=\"color: #c81400;\"><strong>Imputados quedaron en prisi\u00f3n preventiva:<\/strong><\/span><\/p>\n<p style=\"text-align: justify;\">En prisi\u00f3n preventiva quedaron los cuatro sujetos que fueron detenidos, acusados de secuestrar a dos personas que mantuvieron en cautiverio al interior de la sede del Club Deportivo Roberto Huerta de Santa Mar\u00eda.<\/p>\n<p style=\"text-align: justify;\">La audiencia se realiz\u00f3 este domingo.<\/p>\n<p style=\"text-align: justify;\">Seg\u00fan las primeras declaraciones de los autores de este hecho, tomaron retenidas a las v\u00edctimas por haber ingresado a robar a la casa de uno de los imputados y amenazar a una de sus hijas.<\/p>\n<p style=\"text-align: justify;\">Como se recordar\u00e1, la noche del 6 de mayo carabineros de la Tenencia de Santa Mar\u00eda dieron cuenta de los hechos al Fiscal de Turno, Andr\u00e9s Gallardo. Dos v\u00edctimas fueron encontradas en una sede del Club Deportivo Roberto Huerta, privadas de libertad, con golpes y amarradas, situaci\u00f3n que seg\u00fan declar\u00f3 uno de ellos vivi\u00f3 durante dos d\u00edas.<\/p>\n<p style=\"text-align: justify;\">Carabineros de la Segunda Comisar\u00eda de San Felipe recibi\u00f3 la denuncia de manera an\u00f3nima, lo que motiv\u00f3 a los funcionarios ir al lugar se\u00f1alado en la denuncia, donde se logra el hallazgo de las v\u00edctimas y la detenci\u00f3n de los cuatro imputados.<\/p>\n<p style=\"text-align: justify;\">El Fiscal de Turno instruy\u00f3 diligencias\u00a0 a la Brigada de Homicidios de la Polic\u00eda de Investigaciones, quienes trabajaron en el sitio del suceso.<\/p>\n<p style=\"text-align: justify;\">Tras la detenci\u00f3n de los cuatro imputados, se solicit\u00f3 una ampliaci\u00f3n de la detenci\u00f3n hasta el domingo 11 de mayo. La audiencia estuvo a cargo del Fiscal Rodrigo Zapata, quien explic\u00f3 los delitos por los cuales fueron formalizados.<\/p>\n<p style=\"text-align: justify;\">\u00ab<em>Ya contando con mayores antecedentes, el d\u00eda de hoy (domingo) se formaliz\u00f3 investigaci\u00f3n en contra de los cuatro imputados, primeramente por el delito de secuestro y adem\u00e1s respecto de ellos por la infracci\u00f3n a la ley de armas en cuanto fueron encontradas en su poder municiones y un arma de fuego con su n\u00famero de serie adulterado\u00bb ,<\/em> explic\u00f3 el Fiscal Zapata.<\/p>\n<p style=\"text-align: justify;\">La incautaci\u00f3n estuvo a cargo del personal de la Brigada de Homicidios cuando realizan las diligencias, adem\u00e1s de incautar un veh\u00edculo, propiedad de uno de los imputados.<\/p>\n<p style=\"text-align: justify;\">\u00ab<em>El Tribunal de garant\u00eda decret\u00f3 la prisi\u00f3n preventiva de los cuatro imputados al considerar que su libertad constitu\u00eda un peligro para la seguridad de la sociedad, para la seguridad de la v\u00edctima\u00a0 y adem\u00e1s se verificaba un peligro de fuga\u00bb,<\/em> detall\u00f3 tras la audiencia el Fiscal Zapata.<\/p>\n<p style=\"text-align: justify;\">Las v\u00edctimas fueron identificadas con las iniciales <strong>S.A.C.G. <\/strong>y <strong>H.A.C.L.<\/strong>, de 26 y 27 a\u00f1os de edad respectivamente.<\/p>\n<p style=\"text-align: justify;\">Se fij\u00f3 un plazo de investigaci\u00f3n de 150 d\u00edas a fin de realizar diligencias a\u00fan pendientes.<\/p>\n<p style=\"text-align: justify;\">\n<figure id=\"attachment_98736\" aria-describedby=\"caption-attachment-98736\" style=\"width: 580px\" class=\"wp-caption alignnone\"><img data-recalc-dims=\"1\" loading=\"lazy\" decoding=\"async\" class=\"size-full wp-image-98736\" src=\"https:\/\/i0.wp.com\/eltrabajo.cl\/portal\/wp-content\/uploads\/2020\/05\/detenidos-secuestro-santa-maria-2.jpg?resize=580%2C358&#038;ssl=1\" alt=\"Los imputados quedaron en prisi\u00f3n preventiva tras la audiencia de formalizaci\u00f3n realizada este domingo.\" width=\"580\" height=\"358\" srcset=\"https:\/\/i0.wp.com\/eltrabajo.cl\/portal\/wp-content\/uploads\/2020\/05\/detenidos-secuestro-santa-maria-2.jpg?w=580&amp;ssl=1 580w, https:\/\/i0.wp.com\/eltrabajo.cl\/portal\/wp-content\/uploads\/2020\/05\/detenidos-secuestro-santa-maria-2.jpg?resize=300%2C185&amp;ssl=1 300w, https:\/\/i0.wp.com\/eltrabajo.cl\/portal\/wp-content\/uploads\/2020\/05\/detenidos-secuestro-santa-maria-2.jpg?resize=200%2C123&amp;ssl=1 200w, https:\/\/i0.wp.com\/eltrabajo.cl\/portal\/wp-content\/uploads\/2020\/05\/detenidos-secuestro-santa-maria-2.jpg?resize=150%2C93&amp;ssl=1 150w\" sizes=\"auto, (max-width: 580px) 100vw, 580px\" \/><figcaption id=\"caption-attachment-98736\" class=\"wp-caption-text\">Los imputados quedaron en prisi\u00f3n preventiva tras la audiencia de formalizaci\u00f3n realizada este domingo.<\/figcaption><\/figure>\n","protected":false},"excerpt":{"rendered":"<p>Imputados quedaron en prisi\u00f3n preventiva: En prisi\u00f3n preventiva quedaron los cuatro sujetos que fueron detenidos, acusados de secuestrar a dos personas que mantuvieron en cautiverio al interior de la sede del Club&#8230;<\/p>\n","protected":false},"author":482,"featured_media":98736,"comment_status":"open","ping_status":"open","sticky":false,"template":"","format":"standard","meta":{"advanced_seo_description":"","jetpack_seo_html_title":"","jetpack_seo_noindex":false,"_jetpack_memberships_contains_paid_content":false,"footnotes":""},"categories":[97],"tags":[],"class_list":["post-98735","post","type-post","status-publish","format-standard","has-post-thumbnail","hentry","category-tribunales"],"jetpack_featured_media_url":"https:\/\/i0.wp.com\/eltrabajo.cl\/portal\/wp-content\/uploads\/2020\/05\/detenidos-secuestro-santa-maria-2.jpg?fit=580%2C358&ssl=1","jetpack_sharing_enabled":true,"jetpack_likes_enabled":true,"jetpack-related-posts":[],"_links":{"self":[{"href":"https:\/\/eltrabajo.cl\/portal\/wp-json\/wp\/v2\/posts\/98735","targetHints":{"allow":["GET"]}}],"collection":[{"href":"https:\/\/eltrabajo.cl\/portal\/wp-json\/wp\/v2\/posts"}],"about":[{"href":"https:\/\/eltrabajo.cl\/portal\/wp-json\/wp\/v2\/types\/post"}],"author":[{"embeddable":true,"href":"https:\/\/eltrabajo.cl\/portal\/wp-json\/wp\/v2\/users\/482"}],"replies":[{"embeddable":true,"href":"https:\/\/eltrabajo.cl\/portal\/wp-json\/wp\/v2\/comments?post=98735"}],"version-history":[{"count":0,"href":"https:\/\/eltrabajo.cl\/portal\/wp-json\/wp\/v2\/posts\/98735\/revisions"}],"wp:featuredmedia":[{"embeddable":true,"href":"https:\/\/eltrabajo.cl\/portal\/wp-json\/wp\/v2\/media\/98736"}],"wp:attachment":[{"href":"https:\/\/eltrabajo.cl\/portal\/wp-json\/wp\/v2\/media?parent=98735"}],"wp:term":[{"taxonomy":"category","embeddable":true,"href":"https:\/\/eltrabajo.cl\/portal\/wp-json\/wp\/v2\/categories?post=98735"},{"taxonomy":"post_tag","embeddable":true,"href":"https:\/\/eltrabajo.cl\/portal\/wp-json\/wp\/v2\/tags?post=98735"}],"curies":[{"name":"wp","href":"https:\/\/api.w.org\/{rel}","templated":true}]}}