{"id":98767,"date":"2020-05-13T06:00:04","date_gmt":"2020-05-13T10:00:04","guid":{"rendered":"https:\/\/www.eltrabajo.cl\/portal\/?p=98767"},"modified":"2020-05-12T21:23:12","modified_gmt":"2020-05-13T01:23:12","slug":"cerca-de-7-mil-vecinos-beneficiados-con-exencion-de-pago-derecho-de-aseo","status":"publish","type":"post","link":"https:\/\/eltrabajo.cl\/portal\/cerca-de-7-mil-vecinos-beneficiados-con-exencion-de-pago-derecho-de-aseo\/","title":{"rendered":"Cerca de 7 mil vecinos beneficiados con exenci\u00f3n de pago derecho de aseo"},"content":{"rendered":"<ul>\n<li style=\"text-align: justify;\"><strong>Este a\u00f1o 690 sanfelipe\u00f1os se unir\u00e1n a los 6.245 beneficiarios desde el 2018, quienes no deber\u00e1n pagar las cuotas 1 y 2 del 2020.<\/strong><\/li>\n<\/ul>\n<p style=\"text-align: justify;\">Desde la semana pasada se encuentran disponibles para pago las cuotas 1 y 2 del derecho de aseo domiciliario 2020. Por ello, desde las Direcci\u00f3n de Desarrollo Comunitario (Dideco) informaron sobre los nuevos beneficiarios con la exenci\u00f3n de dicho pago que para este periodo corresponde a 690 vecinos, lo que sumado a los procesos anteriores, alcanza una cifra que bordea los 7 mil contribuyentes.<\/p>\n<p style=\"text-align: justify;\">A eso se refiri\u00f3 <strong>Alejandra Campos<\/strong>, asistente social y encargada de la evaluaci\u00f3n social de aseo domiciliario de la Dideco: <em>\u00abEste a\u00f1o, la postulaci\u00f3n comenz\u00f3 en noviembre del 2019 y se extendi\u00f3 hasta el 31 de enero. Hoy ya tenemos los resultados y son cerca de 700 personas que obtuvieron el beneficio. Ellos se suman a los m\u00e1s de 6.200 vecinos beneficiados en a\u00f1os anteriores\u00bb,<\/em> afirm\u00f3.<\/p>\n<p style=\"text-align: justify;\">En esa misma l\u00ednea, y en el marco de la emergencia sanitaria debido al coronavirus, la profesional se\u00f1al\u00f3 que el listado de los beneficiarios estar\u00e1 disponible en la p\u00e1gina web, <em>\u00abpara as\u00ed evitar que nuestros vecinos salgan de la casa y no se expongan a contraer el virus\u00bb.<\/em> S\u00f3lo se entregar\u00e1 el certificado en caso de urgencias.<\/p>\n<p style=\"text-align: justify;\">\n<figure id=\"attachment_98768\" aria-describedby=\"caption-attachment-98768\" style=\"width: 580px\" class=\"wp-caption alignnone\"><img data-recalc-dims=\"1\" loading=\"lazy\" decoding=\"async\" class=\"size-full wp-image-98768\" src=\"https:\/\/i0.wp.com\/eltrabajo.cl\/portal\/wp-content\/uploads\/2020\/05\/Basura1.jpg?resize=580%2C360&#038;ssl=1\" alt=\"Alrededor de 700 personas obtuvieron el beneficio este a\u00f1o, los que se suman a los m\u00e1s de 6.200 vecinos beneficiados en a\u00f1os anteriores.\" width=\"580\" height=\"360\" srcset=\"https:\/\/i0.wp.com\/eltrabajo.cl\/portal\/wp-content\/uploads\/2020\/05\/Basura1.jpg?w=580&amp;ssl=1 580w, https:\/\/i0.wp.com\/eltrabajo.cl\/portal\/wp-content\/uploads\/2020\/05\/Basura1.jpg?resize=300%2C186&amp;ssl=1 300w, https:\/\/i0.wp.com\/eltrabajo.cl\/portal\/wp-content\/uploads\/2020\/05\/Basura1.jpg?resize=200%2C124&amp;ssl=1 200w, https:\/\/i0.wp.com\/eltrabajo.cl\/portal\/wp-content\/uploads\/2020\/05\/Basura1.jpg?resize=150%2C93&amp;ssl=1 150w\" sizes=\"auto, (max-width: 580px) 100vw, 580px\" \/><figcaption id=\"caption-attachment-98768\" class=\"wp-caption-text\">Alrededor de 700 personas obtuvieron el beneficio este a\u00f1o, los que se suman a los m\u00e1s de 6.200 vecinos beneficiados en a\u00f1os anteriores.<\/figcaption><\/figure>\n","protected":false},"excerpt":{"rendered":"<p>Este a\u00f1o 690 sanfelipe\u00f1os se unir\u00e1n a los 6.245 beneficiarios desde el 2018, quienes no deber\u00e1n pagar las cuotas 1 y 2 del 2020. Desde la semana pasada se encuentran disponibles para&#8230;<\/p>\n","protected":false},"author":482,"featured_media":98768,"comment_status":"closed","ping_status":"closed","sticky":false,"template":"","format":"standard","meta":{"advanced_seo_description":"","jetpack_seo_html_title":"","jetpack_seo_noindex":false,"_jetpack_memberships_contains_paid_content":false,"footnotes":""},"categories":[103],"tags":[],"class_list":["post-98767","post","type-post","status-publish","format-standard","has-post-thumbnail","hentry","category-cronica-2"],"jetpack_featured_media_url":"https:\/\/i0.wp.com\/eltrabajo.cl\/portal\/wp-content\/uploads\/2020\/05\/Basura1.jpg?fit=580%2C360&ssl=1","jetpack_sharing_enabled":true,"jetpack_likes_enabled":true,"jetpack-related-posts":[],"_links":{"self":[{"href":"https:\/\/eltrabajo.cl\/portal\/wp-json\/wp\/v2\/posts\/98767","targetHints":{"allow":["GET"]}}],"collection":[{"href":"https:\/\/eltrabajo.cl\/portal\/wp-json\/wp\/v2\/posts"}],"about":[{"href":"https:\/\/eltrabajo.cl\/portal\/wp-json\/wp\/v2\/types\/post"}],"author":[{"embeddable":true,"href":"https:\/\/eltrabajo.cl\/portal\/wp-json\/wp\/v2\/users\/482"}],"replies":[{"embeddable":true,"href":"https:\/\/eltrabajo.cl\/portal\/wp-json\/wp\/v2\/comments?post=98767"}],"version-history":[{"count":0,"href":"https:\/\/eltrabajo.cl\/portal\/wp-json\/wp\/v2\/posts\/98767\/revisions"}],"wp:featuredmedia":[{"embeddable":true,"href":"https:\/\/eltrabajo.cl\/portal\/wp-json\/wp\/v2\/media\/98768"}],"wp:attachment":[{"href":"https:\/\/eltrabajo.cl\/portal\/wp-json\/wp\/v2\/media?parent=98767"}],"wp:term":[{"taxonomy":"category","embeddable":true,"href":"https:\/\/eltrabajo.cl\/portal\/wp-json\/wp\/v2\/categories?post=98767"},{"taxonomy":"post_tag","embeddable":true,"href":"https:\/\/eltrabajo.cl\/portal\/wp-json\/wp\/v2\/tags?post=98767"}],"curies":[{"name":"wp","href":"https:\/\/api.w.org\/{rel}","templated":true}]}}