{"id":98770,"date":"2020-05-13T06:05:51","date_gmt":"2020-05-13T10:05:51","guid":{"rendered":"https:\/\/www.eltrabajo.cl\/portal\/?p=98770"},"modified":"2020-05-12T21:23:39","modified_gmt":"2020-05-13T01:23:39","slug":"hoy-se-define-el-futuro-inmediato-de-trasandino","status":"publish","type":"post","link":"https:\/\/eltrabajo.cl\/portal\/hoy-se-define-el-futuro-inmediato-de-trasandino\/","title":{"rendered":"Hoy se define el futuro inmediato de Trasandino"},"content":{"rendered":"<p style=\"text-align: justify;\">Una reuni\u00f3n en sumo trascendente y concluyente, ser\u00e1 la que hoy sostendr\u00e1n en Los Andes, la plana mayor de Trasandino y el t\u00e9cnico <strong>Miguel S\u00e1nchez<\/strong>.<\/p>\n<p style=\"text-align: justify;\">Cuando se advierte que la cita de hoy es importante, se debe a que de las resoluciones y acuerdos que de ella salgan, depender\u00e1 el futuro deportivo de Trasandino para este 2020, porque entre los puntos a tratar hay dos que son vitales. La planificaci\u00f3n deportiva y la situaci\u00f3n contractual del cuerpo t\u00e9cnico y plantel.<\/p>\n<p style=\"text-align: justify;\">El segundo punto podr\u00eda considerarse como el m\u00e1s importante, ya que hasta ahora los jugadores y el cuerpo t\u00e9cnico no tienen claridad sobre el futuro, porque al no haber comunicaci\u00f3n con los dirigentes, no saben qu\u00e9 pasar\u00e1 para adelante. El club andino pag\u00f3 los d\u00edas trabajados durante el mes de marzo, pero no se sabe qu\u00e9 pasar\u00e1 con abril y mayo; un tema no menor y en extremo sensible, a ra\u00edz que en la Tercera Divisi\u00f3n no existen contratos, por lo que se deber\u00e1 buscar una f\u00f3rmula que favorezca a los dos partes, tal como ha sucedido en otros clubes de la serie donde las instituciones otorgan ayudas econ\u00f3micas a los integrantes del plantel, lo que permite que sus planteles puedan seguir entrenando con normalidad en tiempos del Covid-19, algo que en estos momentos en \u2018El C\u00f3ndor\u2019 se hace solo por la buena disposici\u00f3n\u00a0 de los jugadores y el grupo de profesionales que comanda el t\u00e9cnico Miguel S\u00e1nchez.<\/p>\n<p>&nbsp;<\/p>\n<figure id=\"attachment_98771\" aria-describedby=\"caption-attachment-98771\" style=\"width: 580px\" class=\"wp-caption alignnone\"><img data-recalc-dims=\"1\" loading=\"lazy\" decoding=\"async\" class=\"size-full wp-image-98771\" src=\"https:\/\/i0.wp.com\/eltrabajo.cl\/portal\/wp-content\/uploads\/2020\/05\/trasandino.jpg?resize=580%2C360&#038;ssl=1\" alt=\"Hoy deber\u00eda quedar definida la situaci\u00f3n de Trasandino para el resto de temporada.\" width=\"580\" height=\"360\" srcset=\"https:\/\/i0.wp.com\/eltrabajo.cl\/portal\/wp-content\/uploads\/2020\/05\/trasandino.jpg?w=580&amp;ssl=1 580w, https:\/\/i0.wp.com\/eltrabajo.cl\/portal\/wp-content\/uploads\/2020\/05\/trasandino.jpg?resize=300%2C186&amp;ssl=1 300w, https:\/\/i0.wp.com\/eltrabajo.cl\/portal\/wp-content\/uploads\/2020\/05\/trasandino.jpg?resize=200%2C124&amp;ssl=1 200w, https:\/\/i0.wp.com\/eltrabajo.cl\/portal\/wp-content\/uploads\/2020\/05\/trasandino.jpg?resize=150%2C93&amp;ssl=1 150w\" sizes=\"auto, (max-width: 580px) 100vw, 580px\" \/><figcaption id=\"caption-attachment-98771\" class=\"wp-caption-text\">Hoy deber\u00eda quedar definida la situaci\u00f3n de Trasandino para el resto de temporada.<\/figcaption><\/figure>\n","protected":false},"excerpt":{"rendered":"<p>Una reuni\u00f3n en sumo trascendente y concluyente, ser\u00e1 la que hoy sostendr\u00e1n en Los Andes, la plana mayor de Trasandino y el t\u00e9cnico Miguel S\u00e1nchez. Cuando se advierte que la cita de&#8230;<\/p>\n","protected":false},"author":482,"featured_media":98771,"comment_status":"closed","ping_status":"closed","sticky":false,"template":"","format":"standard","meta":{"advanced_seo_description":"","jetpack_seo_html_title":"","jetpack_seo_noindex":false,"_jetpack_memberships_contains_paid_content":false,"footnotes":""},"categories":[19],"tags":[],"class_list":["post-98770","post","type-post","status-publish","format-standard","has-post-thumbnail","hentry","category-deportes"],"jetpack_featured_media_url":"https:\/\/i0.wp.com\/eltrabajo.cl\/portal\/wp-content\/uploads\/2020\/05\/trasandino.jpg?fit=580%2C360&ssl=1","jetpack_sharing_enabled":true,"jetpack_likes_enabled":true,"jetpack-related-posts":[],"_links":{"self":[{"href":"https:\/\/eltrabajo.cl\/portal\/wp-json\/wp\/v2\/posts\/98770","targetHints":{"allow":["GET"]}}],"collection":[{"href":"https:\/\/eltrabajo.cl\/portal\/wp-json\/wp\/v2\/posts"}],"about":[{"href":"https:\/\/eltrabajo.cl\/portal\/wp-json\/wp\/v2\/types\/post"}],"author":[{"embeddable":true,"href":"https:\/\/eltrabajo.cl\/portal\/wp-json\/wp\/v2\/users\/482"}],"replies":[{"embeddable":true,"href":"https:\/\/eltrabajo.cl\/portal\/wp-json\/wp\/v2\/comments?post=98770"}],"version-history":[{"count":0,"href":"https:\/\/eltrabajo.cl\/portal\/wp-json\/wp\/v2\/posts\/98770\/revisions"}],"wp:featuredmedia":[{"embeddable":true,"href":"https:\/\/eltrabajo.cl\/portal\/wp-json\/wp\/v2\/media\/98771"}],"wp:attachment":[{"href":"https:\/\/eltrabajo.cl\/portal\/wp-json\/wp\/v2\/media?parent=98770"}],"wp:term":[{"taxonomy":"category","embeddable":true,"href":"https:\/\/eltrabajo.cl\/portal\/wp-json\/wp\/v2\/categories?post=98770"},{"taxonomy":"post_tag","embeddable":true,"href":"https:\/\/eltrabajo.cl\/portal\/wp-json\/wp\/v2\/tags?post=98770"}],"curies":[{"name":"wp","href":"https:\/\/api.w.org\/{rel}","templated":true}]}}