{"id":98775,"date":"2020-05-13T06:10:47","date_gmt":"2020-05-13T10:10:47","guid":{"rendered":"https:\/\/www.eltrabajo.cl\/portal\/?p=98775"},"modified":"2020-05-12T21:25:43","modified_gmt":"2020-05-13T01:25:43","slug":"el-futbol-amateur-sanfelipeno-no-claudica-en-su-lucha-por-mejorar-tres-canchas","status":"publish","type":"post","link":"https:\/\/eltrabajo.cl\/portal\/el-futbol-amateur-sanfelipeno-no-claudica-en-su-lucha-por-mejorar-tres-canchas\/","title":{"rendered":"El f\u00fatbol amateur sanfelipe\u00f1o no claudica en su lucha por mejorar Tres Canchas"},"content":{"rendered":"<p style=\"text-align: justify;\">Importantes gestiones que tienen como objetivo central lograr el mejoramiento del Complejo ANFA (Tres Canchas), se encuentra realizando el presidente de la Asociaci\u00f3n de F\u00fatbol Amateur de San Felipe, <strong>Ra\u00fal Reinoso<\/strong>.<\/p>\n<p style=\"text-align: justify;\">Durante los \u00faltimos d\u00edas el directivo ha sostenido reuniones con algunas autoridades locales para exponer la delicada situaci\u00f3n en la que se encuentra el centro deportivo ubicado en el sector Parras\u00eda Bajo de la \u2018Tres Veces Heroica Ciudad\u2019.<\/p>\n<p style=\"text-align: justify;\">Fiel a su estilo frontal, el directivo cont\u00f3 detalles que se han tratado en esas reuniones. <em>\u00abMire para nadie es un misterio que las canchas est\u00e1n dejadas de lado. El municipio al momento de hacerse cargo del recinto se comprometi\u00f3 a realizar obras de mejora que nunca se hicieron; salvo el cierre perimetral y la profundizaci\u00f3n del pozo que pudo hacerse solo gracias a la gesti\u00f3n personal del alcalde Patricio Freire\u00bb,<\/em> relat\u00f3 a <strong>El Trabajo Deportivo<\/strong>.<\/p>\n<p style=\"text-align: justify;\">El presidente del ente rector del balompi\u00e9 aficionado de la ciudad, cont\u00f3 a nuestro medio que durante la jornada del lunes sostuvo una reuni\u00f3n con el concejal <strong>Christian Beals<\/strong>, en la cual abordaron la problem\u00e1tica actual. <em>\u00abHasta ahora las mejoras que se est\u00e1n haciendo se deben a acciones de cada club; lo que queremos de manera urgente es que se ejecuten\u00a0 de una vez por todas el levantamiento de las rejas tras los arcos, porque los recursos ya est\u00e1n disponibles para hacerlo, y solo la actitud de un funcionario las est\u00e1 entrampando;\u00a0 es por eso que confiamos en lo que pueda hacer el doctor Beals\u00bb.<\/em><\/p>\n<p style=\"text-align: justify;\">En el final de esta nota, Reinoso afirm\u00f3 que el tema fue llevado a la sesi\u00f3n del Concejo Municipal de ayer, y que durante la jornada de hoy sostendr\u00e1 una reuni\u00f3n con el director de la oficina de planificaci\u00f3n municipal, <strong>Claudio Paredes<\/strong>, y el contratista que ejecutar\u00eda la obra requerida en el complejo las Tres Canchas.<\/p>\n<p style=\"text-align: justify;\">\n<figure id=\"attachment_98776\" aria-describedby=\"caption-attachment-98776\" style=\"width: 580px\" class=\"wp-caption alignnone\"><img data-recalc-dims=\"1\" loading=\"lazy\" decoding=\"async\" class=\"size-full wp-image-98776\" src=\"https:\/\/i0.wp.com\/eltrabajo.cl\/portal\/wp-content\/uploads\/2020\/05\/tres-canchas.jpg?resize=580%2C359&#038;ssl=1\" alt=\"El complejo ANFA en la actualidad est\u00e1 bajo la tutela del municipio sanfelipe\u00f1o.\" width=\"580\" height=\"359\" srcset=\"https:\/\/i0.wp.com\/eltrabajo.cl\/portal\/wp-content\/uploads\/2020\/05\/tres-canchas.jpg?w=580&amp;ssl=1 580w, https:\/\/i0.wp.com\/eltrabajo.cl\/portal\/wp-content\/uploads\/2020\/05\/tres-canchas.jpg?resize=300%2C186&amp;ssl=1 300w, https:\/\/i0.wp.com\/eltrabajo.cl\/portal\/wp-content\/uploads\/2020\/05\/tres-canchas.jpg?resize=200%2C124&amp;ssl=1 200w, https:\/\/i0.wp.com\/eltrabajo.cl\/portal\/wp-content\/uploads\/2020\/05\/tres-canchas.jpg?resize=150%2C93&amp;ssl=1 150w\" sizes=\"auto, (max-width: 580px) 100vw, 580px\" \/><figcaption id=\"caption-attachment-98776\" class=\"wp-caption-text\">El complejo ANFA en la actualidad est\u00e1 bajo la tutela del municipio sanfelipe\u00f1o.<\/figcaption><\/figure>\n","protected":false},"excerpt":{"rendered":"<p>Importantes gestiones que tienen como objetivo central lograr el mejoramiento del Complejo ANFA (Tres Canchas), se encuentra realizando el presidente de la Asociaci\u00f3n de F\u00fatbol Amateur de San Felipe, Ra\u00fal Reinoso. Durante&#8230;<\/p>\n","protected":false},"author":482,"featured_media":98776,"comment_status":"closed","ping_status":"closed","sticky":false,"template":"","format":"standard","meta":{"advanced_seo_description":"","jetpack_seo_html_title":"","jetpack_seo_noindex":false,"_jetpack_memberships_contains_paid_content":false,"footnotes":""},"categories":[19],"tags":[],"class_list":["post-98775","post","type-post","status-publish","format-standard","has-post-thumbnail","hentry","category-deportes"],"jetpack_featured_media_url":"https:\/\/i0.wp.com\/eltrabajo.cl\/portal\/wp-content\/uploads\/2020\/05\/tres-canchas.jpg?fit=580%2C359&ssl=1","jetpack_sharing_enabled":true,"jetpack_likes_enabled":true,"jetpack-related-posts":[],"_links":{"self":[{"href":"https:\/\/eltrabajo.cl\/portal\/wp-json\/wp\/v2\/posts\/98775","targetHints":{"allow":["GET"]}}],"collection":[{"href":"https:\/\/eltrabajo.cl\/portal\/wp-json\/wp\/v2\/posts"}],"about":[{"href":"https:\/\/eltrabajo.cl\/portal\/wp-json\/wp\/v2\/types\/post"}],"author":[{"embeddable":true,"href":"https:\/\/eltrabajo.cl\/portal\/wp-json\/wp\/v2\/users\/482"}],"replies":[{"embeddable":true,"href":"https:\/\/eltrabajo.cl\/portal\/wp-json\/wp\/v2\/comments?post=98775"}],"version-history":[{"count":0,"href":"https:\/\/eltrabajo.cl\/portal\/wp-json\/wp\/v2\/posts\/98775\/revisions"}],"wp:featuredmedia":[{"embeddable":true,"href":"https:\/\/eltrabajo.cl\/portal\/wp-json\/wp\/v2\/media\/98776"}],"wp:attachment":[{"href":"https:\/\/eltrabajo.cl\/portal\/wp-json\/wp\/v2\/media?parent=98775"}],"wp:term":[{"taxonomy":"category","embeddable":true,"href":"https:\/\/eltrabajo.cl\/portal\/wp-json\/wp\/v2\/categories?post=98775"},{"taxonomy":"post_tag","embeddable":true,"href":"https:\/\/eltrabajo.cl\/portal\/wp-json\/wp\/v2\/tags?post=98775"}],"curies":[{"name":"wp","href":"https:\/\/api.w.org\/{rel}","templated":true}]}}