{"id":98778,"date":"2020-05-13T06:15:29","date_gmt":"2020-05-13T10:15:29","guid":{"rendered":"https:\/\/www.eltrabajo.cl\/portal\/?p=98778"},"modified":"2020-05-12T21:27:45","modified_gmt":"2020-05-13T01:27:45","slug":"con-metodo-de-encerrona-asaltan-a-conductor-de-empresa-para-robarle-camioneta","status":"publish","type":"post","link":"https:\/\/eltrabajo.cl\/portal\/con-metodo-de-encerrona-asaltan-a-conductor-de-empresa-para-robarle-camioneta\/","title":{"rendered":"Con m\u00e9todo de &#8216;encerrona&#8217; asaltan a conductor de empresa para robarle camioneta"},"content":{"rendered":"<p style=\"text-align: justify;\">Usando el m\u00e9todo de la \u2018encerrona\u2019, unos sujetos que se movilizaban en motos y a punta de pistolas asaltaron al conductor de la empresa de aseo Servicios Villablanca, rob\u00e1ndole la camioneta.<\/p>\n<p style=\"text-align: justify;\">\u00ab<em>Asaltaron a nuestro conductor ah\u00ed en Rinconada de Los Andes, camino a Tabolango hacia el condominio Monte Blanco. Iba a buscar a una de nuestras funcionarias. Lo asaltaron unos tipos en motos, se le atravesaron, le hicieron como una encerrona, lo bajaron con pistolas de la camioneta, le quitaron el tel\u00e9fono, sus cosas personales y se llevaron nuestra camioneta. Nuestro conductor gracias a Dios, m\u00e1s all\u00e1 del susto est\u00e1 bien, nervioso por el impacto en s\u00ed\u00bb,<\/em> indic\u00f3 <strong>Sandi Villablanca<\/strong>, propietaria de la empresa.<\/p>\n<p style=\"text-align: justify;\">La camioneta es una Mitsubishi L-200, patente JD-PR 25, que tiene todos los logos de la empresa, Servicios Villablanca. Est\u00e1 cargada con maquinaria de aseo.<\/p>\n<p style=\"text-align: justify;\">La due\u00f1a dice que es la \u00fanica camioneta de esas caracter\u00edsticas de la empresa.<\/p>\n<p style=\"text-align: justify;\">Se dio aviso a los peajes y a los controles sanitarios.<\/p>\n<p style=\"text-align: justify;\">Junto con lo anterior se realiz\u00f3 la respectiva denuncia en Carabineros.<\/p>\n<p style=\"text-align: justify;\">Al cierre de esta nota podemos informar que Carabineros de San Felipe confirm\u00f3 que el veh\u00edculo robado fue encontrado en el sector sur de San Felipe.<\/p>\n<p style=\"text-align: justify;\">\n<figure id=\"attachment_98779\" aria-describedby=\"caption-attachment-98779\" style=\"width: 580px\" class=\"wp-caption alignnone\"><img data-recalc-dims=\"1\" loading=\"lazy\" decoding=\"async\" class=\"size-full wp-image-98779\" src=\"https:\/\/i0.wp.com\/eltrabajo.cl\/portal\/wp-content\/uploads\/2020\/05\/Camioneta-1.jpg?resize=580%2C360&#038;ssl=1\" alt=\"Esta es la camioneta robada que fue robadas por asaltantes que se movilizaban en motocicletas.\" width=\"580\" height=\"360\" srcset=\"https:\/\/i0.wp.com\/eltrabajo.cl\/portal\/wp-content\/uploads\/2020\/05\/Camioneta-1.jpg?w=580&amp;ssl=1 580w, https:\/\/i0.wp.com\/eltrabajo.cl\/portal\/wp-content\/uploads\/2020\/05\/Camioneta-1.jpg?resize=300%2C186&amp;ssl=1 300w, https:\/\/i0.wp.com\/eltrabajo.cl\/portal\/wp-content\/uploads\/2020\/05\/Camioneta-1.jpg?resize=200%2C124&amp;ssl=1 200w, https:\/\/i0.wp.com\/eltrabajo.cl\/portal\/wp-content\/uploads\/2020\/05\/Camioneta-1.jpg?resize=150%2C93&amp;ssl=1 150w\" sizes=\"auto, (max-width: 580px) 100vw, 580px\" \/><figcaption id=\"caption-attachment-98779\" class=\"wp-caption-text\">Esta es la camioneta robada que fue robadas por asaltantes que se movilizaban en motocicletas.<\/figcaption><\/figure>\n","protected":false},"excerpt":{"rendered":"<p>Usando el m\u00e9todo de la \u2018encerrona\u2019, unos sujetos que se movilizaban en motos y a punta de pistolas asaltaron al conductor de la empresa de aseo Servicios Villablanca, rob\u00e1ndole la camioneta. \u00abAsaltaron&#8230;<\/p>\n","protected":false},"author":482,"featured_media":98779,"comment_status":"closed","ping_status":"closed","sticky":false,"template":"","format":"standard","meta":{"advanced_seo_description":"","jetpack_seo_html_title":"","jetpack_seo_noindex":false,"_jetpack_memberships_contains_paid_content":false,"footnotes":""},"categories":[21],"tags":[],"class_list":["post-98778","post","type-post","status-publish","format-standard","has-post-thumbnail","hentry","category-policial"],"jetpack_featured_media_url":"https:\/\/i0.wp.com\/eltrabajo.cl\/portal\/wp-content\/uploads\/2020\/05\/Camioneta-1.jpg?fit=580%2C360&ssl=1","jetpack_sharing_enabled":true,"jetpack_likes_enabled":true,"jetpack-related-posts":[],"_links":{"self":[{"href":"https:\/\/eltrabajo.cl\/portal\/wp-json\/wp\/v2\/posts\/98778","targetHints":{"allow":["GET"]}}],"collection":[{"href":"https:\/\/eltrabajo.cl\/portal\/wp-json\/wp\/v2\/posts"}],"about":[{"href":"https:\/\/eltrabajo.cl\/portal\/wp-json\/wp\/v2\/types\/post"}],"author":[{"embeddable":true,"href":"https:\/\/eltrabajo.cl\/portal\/wp-json\/wp\/v2\/users\/482"}],"replies":[{"embeddable":true,"href":"https:\/\/eltrabajo.cl\/portal\/wp-json\/wp\/v2\/comments?post=98778"}],"version-history":[{"count":0,"href":"https:\/\/eltrabajo.cl\/portal\/wp-json\/wp\/v2\/posts\/98778\/revisions"}],"wp:featuredmedia":[{"embeddable":true,"href":"https:\/\/eltrabajo.cl\/portal\/wp-json\/wp\/v2\/media\/98779"}],"wp:attachment":[{"href":"https:\/\/eltrabajo.cl\/portal\/wp-json\/wp\/v2\/media?parent=98778"}],"wp:term":[{"taxonomy":"category","embeddable":true,"href":"https:\/\/eltrabajo.cl\/portal\/wp-json\/wp\/v2\/categories?post=98778"},{"taxonomy":"post_tag","embeddable":true,"href":"https:\/\/eltrabajo.cl\/portal\/wp-json\/wp\/v2\/tags?post=98778"}],"curies":[{"name":"wp","href":"https:\/\/api.w.org\/{rel}","templated":true}]}}