{"id":98781,"date":"2020-05-13T06:20:53","date_gmt":"2020-05-13T10:20:53","guid":{"rendered":"https:\/\/www.eltrabajo.cl\/portal\/?p=98781"},"modified":"2020-05-12T21:32:38","modified_gmt":"2020-05-13T01:32:38","slug":"bomberos-no-descarta-que-incendio-ocurrido-en-panquehue-fuese-intencional","status":"publish","type":"post","link":"https:\/\/eltrabajo.cl\/portal\/bomberos-no-descarta-que-incendio-ocurrido-en-panquehue-fuese-intencional\/","title":{"rendered":"Bomberos no descarta que incendio ocurrido en Panquehue fuese intencional"},"content":{"rendered":"<p style=\"text-align: justify;\"><span style=\"color: #c81400;\"><strong>Siniestro en Fundo Los Hornos:<\/strong><\/span><\/p>\n<p style=\"text-align: justify;\">El Departamento T\u00e9cnico del Cuerpo de Bomberos de San Felipe est\u00e1 investigando si el incendio ocurrido este lunes en la noche en el sector del Fundo Los Hornos en la comuna de Panquehue, fue intencional o no porque en el lugar se encontr\u00f3 una mochila y una bomba molotov.<\/p>\n<p style=\"text-align: justify;\">\u00ab<em>S\u00ed, cerca de las 20:30 horas se recibi\u00f3 un llamado de incendio estructural en el sector del Fundo \u2018Los Hornos\u2019 ubicado en Panquehue. A la llegada de la primera unidad de bomberos\u00a0 de esa comuna, se pudo percatar que fue un principio de incendio en un negocio que tiene el mismo fundo a los trabajadores. La causa se est\u00e1 investigando porque se encontraron implementos en ese sector; una mochila, una bomba molotov, lo que se est\u00e1 investigando para ver si realmente este incendio puede haber sido intencional\u00bb,<\/em> indic\u00f3 <strong>Juan Carlos Herrera Lillo<\/strong>, Comandante de Bomberos.<\/p>\n<p style=\"text-align: justify;\">&#8211; <strong>\u00bfDe acuerdo a los antecedentes, para ustedes podr\u00eda ser intencional Comandante?<\/strong><\/p>\n<p style=\"text-align: justify;\">&#8211; Es una de las primeras hip\u00f3tesis que no se descarta, es parte de la investigaci\u00f3n que se est\u00e1 haciendo para ver si fue intencional este incendio.<\/p>\n<p style=\"text-align: justify;\">&#8211; <strong>Graficando un poquito, \u00bfqu\u00e9 result\u00f3 da\u00f1ado en el lugar?<\/strong><\/p>\n<p style=\"text-align: justify;\">&#8211; Lo que se quem\u00f3 fue parte de una silla que ten\u00edan como adorno en ese sector, una mesa,\u00a0 parte de la estructura del negocio\u00a0 que qued\u00f3 da\u00f1ado por el fuego y el humo; son cosas m\u00ednimas, pero lo que nos llama la atenci\u00f3n es porqu\u00e9 se produce este incendio en este sector.<\/p>\n<p style=\"text-align: justify;\">&#8211; <strong>\u00bfEl motivo de esto podr\u00eda ser por un tema de contagio de coronavirus en el ese lugar o no?<\/strong><\/p>\n<p style=\"text-align: justify;\">&#8211; Lo ignoro en ese sentido, nosotros nos enfocamos porqu\u00e9 se produjo el incendio, si fue intencional o hubo un problema en ese sector.<\/p>\n<p style=\"text-align: justify;\">&#8211; <strong>\u00bfPero ustedes no descartan que haya sido intencional en el fondo?<\/strong><\/p>\n<p style=\"text-align: justify;\">&#8211; Es una de las hip\u00f3tesis que no se descarta, que podr\u00eda haber sido intencional.<\/p>\n<p style=\"text-align: justify;\">&#8211; <strong>\u00bfPersonas heridas?<\/strong><\/p>\n<p style=\"text-align: justify;\">&#8211; No hay personas heridas, ni bomberos, fue una situaci\u00f3n que se manej\u00f3 bastante r\u00e1pido.<\/p>\n<p style=\"text-align: justify;\">&#8211; <strong>\u00bfLa mochila y la bomba molotov estaban en alg\u00fan lugar?<\/strong><\/p>\n<p style=\"text-align: justify;\">&#8211; S\u00ed, fue parte que se encontr\u00f3 en ese sector, no tengo la informaci\u00f3n en qu\u00e9 lugar, es parte de la investigaci\u00f3n.<\/p>\n<p style=\"text-align: justify;\">Reiter\u00f3 que hubo da\u00f1os de consideraci\u00f3n, aunque fueron cosas peque\u00f1as que se quemaron.<\/p>\n<p style=\"text-align: justify;\">Cabe destacar que tambi\u00e9n Carabineros de Panquehue se hizo presente en el lugar.<\/p>\n<p style=\"text-align: justify;\">\n<figure id=\"attachment_98782\" aria-describedby=\"caption-attachment-98782\" style=\"width: 579px\" class=\"wp-caption alignnone\"><img data-recalc-dims=\"1\" loading=\"lazy\" decoding=\"async\" class=\"size-full wp-image-98782\" src=\"https:\/\/i0.wp.com\/eltrabajo.cl\/portal\/wp-content\/uploads\/2020\/05\/Juan-Carlos-Herrera-Lillo-copia.jpg?resize=579%2C614&#038;ssl=1\" alt=\"Comandante Juan Carlos Herrera Lillo no descart\u00f3 que el incendio haya sido intencional.\" width=\"579\" height=\"614\" srcset=\"https:\/\/i0.wp.com\/eltrabajo.cl\/portal\/wp-content\/uploads\/2020\/05\/Juan-Carlos-Herrera-Lillo-copia.jpg?w=579&amp;ssl=1 579w, https:\/\/i0.wp.com\/eltrabajo.cl\/portal\/wp-content\/uploads\/2020\/05\/Juan-Carlos-Herrera-Lillo-copia.jpg?resize=283%2C300&amp;ssl=1 283w, https:\/\/i0.wp.com\/eltrabajo.cl\/portal\/wp-content\/uploads\/2020\/05\/Juan-Carlos-Herrera-Lillo-copia.jpg?resize=141%2C150&amp;ssl=1 141w\" sizes=\"auto, (max-width: 579px) 100vw, 579px\" \/><figcaption id=\"caption-attachment-98782\" class=\"wp-caption-text\">Comandante Juan Carlos Herrera Lillo no descart\u00f3 que el incendio haya sido intencional.<\/figcaption><\/figure>\n","protected":false},"excerpt":{"rendered":"<p>Siniestro en Fundo Los Hornos: El Departamento T\u00e9cnico del Cuerpo de Bomberos de San Felipe est\u00e1 investigando si el incendio ocurrido este lunes en la noche en el sector del Fundo Los&#8230;<\/p>\n","protected":false},"author":482,"featured_media":98783,"comment_status":"closed","ping_status":"closed","sticky":false,"template":"","format":"standard","meta":{"advanced_seo_description":"","jetpack_seo_html_title":"","jetpack_seo_noindex":false,"_jetpack_memberships_contains_paid_content":false,"footnotes":""},"categories":[21],"tags":[],"class_list":["post-98781","post","type-post","status-publish","format-standard","has-post-thumbnail","hentry","category-policial"],"jetpack_featured_media_url":"https:\/\/i0.wp.com\/eltrabajo.cl\/portal\/wp-content\/uploads\/2020\/05\/Juan-Carlos-Herrera-Lillo.jpg?fit=580%2C359&ssl=1","jetpack_sharing_enabled":true,"jetpack_likes_enabled":true,"jetpack-related-posts":[],"_links":{"self":[{"href":"https:\/\/eltrabajo.cl\/portal\/wp-json\/wp\/v2\/posts\/98781","targetHints":{"allow":["GET"]}}],"collection":[{"href":"https:\/\/eltrabajo.cl\/portal\/wp-json\/wp\/v2\/posts"}],"about":[{"href":"https:\/\/eltrabajo.cl\/portal\/wp-json\/wp\/v2\/types\/post"}],"author":[{"embeddable":true,"href":"https:\/\/eltrabajo.cl\/portal\/wp-json\/wp\/v2\/users\/482"}],"replies":[{"embeddable":true,"href":"https:\/\/eltrabajo.cl\/portal\/wp-json\/wp\/v2\/comments?post=98781"}],"version-history":[{"count":0,"href":"https:\/\/eltrabajo.cl\/portal\/wp-json\/wp\/v2\/posts\/98781\/revisions"}],"wp:featuredmedia":[{"embeddable":true,"href":"https:\/\/eltrabajo.cl\/portal\/wp-json\/wp\/v2\/media\/98783"}],"wp:attachment":[{"href":"https:\/\/eltrabajo.cl\/portal\/wp-json\/wp\/v2\/media?parent=98781"}],"wp:term":[{"taxonomy":"category","embeddable":true,"href":"https:\/\/eltrabajo.cl\/portal\/wp-json\/wp\/v2\/categories?post=98781"},{"taxonomy":"post_tag","embeddable":true,"href":"https:\/\/eltrabajo.cl\/portal\/wp-json\/wp\/v2\/tags?post=98781"}],"curies":[{"name":"wp","href":"https:\/\/api.w.org\/{rel}","templated":true}]}}