{"id":98785,"date":"2020-05-13T06:25:56","date_gmt":"2020-05-13T10:25:56","guid":{"rendered":"https:\/\/www.eltrabajo.cl\/portal\/?p=98785"},"modified":"2020-05-13T00:42:14","modified_gmt":"2020-05-13T04:42:14","slug":"choque-frontal-entre-vehiculos-deja-dos-lesionados-en-chacabuco-yungay","status":"publish","type":"post","link":"https:\/\/eltrabajo.cl\/portal\/choque-frontal-entre-vehiculos-deja-dos-lesionados-en-chacabuco-yungay\/","title":{"rendered":"Choque frontal entre veh\u00edculos deja dos lesionados en Chacabuco-Yungay"},"content":{"rendered":"<p style=\"text-align: justify;\"><span style=\"color: #c81400;\"><strong>Pese a violento impacto, no hubo heridos graves:<\/strong><\/span><\/p>\n<p style=\"text-align: justify;\">Una colisi\u00f3n frontal entre dos veh\u00edculos menores ocurrida al filo de las 17:00 horas de este martes, dej\u00f3 como saldo a dos personas lesionadas. El choque ocurri\u00f3 en la esquina de Chacabuco con Yungay, en donde los sem\u00e1foros desde hace meses permanecen sin funcionamiento. Seg\u00fan versiones de algunos testigos, quien conduc\u00eda el autom\u00f3vil plomo <strong>BZ KP 41<\/strong> (al parecer una mujer) lo hac\u00eda desde la alameda de Los Dinosaurios por Yungay, estrell\u00e1ndose con el veh\u00edculo que se desplazaba por Miraflores ya entrando a Chacabuco, gener\u00e1ndose as\u00ed el aparatoso accidente.<\/p>\n<p style=\"text-align: justify;\">Como resultado de la colisi\u00f3n, el chofer del Toyota negro patente <strong>FG RJ 76<\/strong> result\u00f3 golpeado, siendo atendido en pocos minutos por personal del SAMU, mientras que una mujer que viajaba en el auto plateado result\u00f3 tambi\u00e9n golpeada, sin tener claridad si ella conduc\u00eda o no el auto.<\/p>\n<p style=\"text-align: justify;\">Carabineros coordin\u00f3 la asistencia primaria y los uniformados procedieron a quitar de la vereda los dos veh\u00edculos incrustados contra el poste de sem\u00e1foros con ayuda tambi\u00e9n de curiosos en el lugar.<\/p>\n<p style=\"text-align: justify;\">Al parecer un perro tambi\u00e9n viajaba en el veh\u00edculo plateado, resultando sin heridas.<\/p>\n<p style=\"text-align: justify;\"><strong>Roberto Gonz\u00e1lez Short<\/strong><\/p>\n<p>&nbsp;<\/p>\n<figure id=\"attachment_98786\" aria-describedby=\"caption-attachment-98786\" style=\"width: 580px\" class=\"wp-caption alignnone\"><img data-recalc-dims=\"1\" loading=\"lazy\" decoding=\"async\" class=\"size-full wp-image-98786\" src=\"https:\/\/i0.wp.com\/eltrabajo.cl\/portal\/wp-content\/uploads\/2020\/05\/Frontal1-portada.jpg?resize=580%2C359&#038;ssl=1\" alt=\"VIOLENTO CHOQUE.- La falta de sem\u00e1foros activos y a la vez el no respetar el derecho de paso de un conductor, dej\u00f3 como saldo este aparatoso choque frontal la tarde de ayer en la esquina de Chacabuco con Yungay en el sector cancha de tenis. Dos personas golpeadas y cuantiosos da\u00f1os materias.\" width=\"580\" height=\"359\" srcset=\"https:\/\/i0.wp.com\/eltrabajo.cl\/portal\/wp-content\/uploads\/2020\/05\/Frontal1-portada.jpg?w=580&amp;ssl=1 580w, https:\/\/i0.wp.com\/eltrabajo.cl\/portal\/wp-content\/uploads\/2020\/05\/Frontal1-portada.jpg?resize=300%2C186&amp;ssl=1 300w, https:\/\/i0.wp.com\/eltrabajo.cl\/portal\/wp-content\/uploads\/2020\/05\/Frontal1-portada.jpg?resize=200%2C124&amp;ssl=1 200w, https:\/\/i0.wp.com\/eltrabajo.cl\/portal\/wp-content\/uploads\/2020\/05\/Frontal1-portada.jpg?resize=150%2C93&amp;ssl=1 150w\" sizes=\"auto, (max-width: 580px) 100vw, 580px\" \/><figcaption id=\"caption-attachment-98786\" class=\"wp-caption-text\">VIOLENTO CHOQUE.- La falta de sem\u00e1foros activos y a la vez el no respetar el derecho de paso de un conductor, dej\u00f3 como saldo este aparatoso choque frontal la tarde de ayer en la esquina de Chacabuco con Yungay en el sector cancha de tenis. Dos personas golpeadas y cuantiosos da\u00f1os materias.<\/figcaption><\/figure>\n<p>&nbsp;<\/p>\n<figure id=\"attachment_98787\" aria-describedby=\"caption-attachment-98787\" style=\"width: 580px\" class=\"wp-caption alignnone\"><img data-recalc-dims=\"1\" loading=\"lazy\" decoding=\"async\" class=\"size-full wp-image-98787\" src=\"https:\/\/i0.wp.com\/eltrabajo.cl\/portal\/wp-content\/uploads\/2020\/05\/Frontal2.jpg?resize=580%2C360&#038;ssl=1\" alt=\"GOLPES Y EL SUSTO DE SU VIDA.- Esta mujer, de quien se presume conduc\u00eda el auto plateado, camin\u00f3 por sus propios medios hasta la unidad m\u00f3vil del SAMU para ser atendida.\" width=\"580\" height=\"360\" srcset=\"https:\/\/i0.wp.com\/eltrabajo.cl\/portal\/wp-content\/uploads\/2020\/05\/Frontal2.jpg?w=580&amp;ssl=1 580w, https:\/\/i0.wp.com\/eltrabajo.cl\/portal\/wp-content\/uploads\/2020\/05\/Frontal2.jpg?resize=300%2C186&amp;ssl=1 300w, https:\/\/i0.wp.com\/eltrabajo.cl\/portal\/wp-content\/uploads\/2020\/05\/Frontal2.jpg?resize=200%2C124&amp;ssl=1 200w, https:\/\/i0.wp.com\/eltrabajo.cl\/portal\/wp-content\/uploads\/2020\/05\/Frontal2.jpg?resize=150%2C93&amp;ssl=1 150w\" sizes=\"auto, (max-width: 580px) 100vw, 580px\" \/><figcaption id=\"caption-attachment-98787\" class=\"wp-caption-text\">GOLPES Y EL SUSTO DE SU VIDA.- Esta mujer, de quien se presume conduc\u00eda el auto plateado, camin\u00f3 por sus propios medios hasta la unidad m\u00f3vil del SAMU para ser atendida.<\/figcaption><\/figure>\n<p>&nbsp;<\/p>\n<figure id=\"attachment_98788\" aria-describedby=\"caption-attachment-98788\" style=\"width: 580px\" class=\"wp-caption alignnone\"><img data-recalc-dims=\"1\" loading=\"lazy\" decoding=\"async\" class=\"size-full wp-image-98788\" src=\"https:\/\/i0.wp.com\/eltrabajo.cl\/portal\/wp-content\/uploads\/2020\/05\/Frontal3.jpg?resize=580%2C359&#038;ssl=1\" alt=\"DA\u00d1OS MATERIALES.- Al parecer la misma conductora tuvo tiempo para llamar a su familia y le acompa\u00f1aran en este inc\u00f3modo momento.\" width=\"580\" height=\"359\" srcset=\"https:\/\/i0.wp.com\/eltrabajo.cl\/portal\/wp-content\/uploads\/2020\/05\/Frontal3.jpg?w=580&amp;ssl=1 580w, https:\/\/i0.wp.com\/eltrabajo.cl\/portal\/wp-content\/uploads\/2020\/05\/Frontal3.jpg?resize=300%2C186&amp;ssl=1 300w, https:\/\/i0.wp.com\/eltrabajo.cl\/portal\/wp-content\/uploads\/2020\/05\/Frontal3.jpg?resize=200%2C124&amp;ssl=1 200w, https:\/\/i0.wp.com\/eltrabajo.cl\/portal\/wp-content\/uploads\/2020\/05\/Frontal3.jpg?resize=150%2C93&amp;ssl=1 150w\" sizes=\"auto, (max-width: 580px) 100vw, 580px\" \/><figcaption id=\"caption-attachment-98788\" class=\"wp-caption-text\">DA\u00d1OS MATERIALES.- Al parecer la misma conductora tuvo tiempo para llamar a su familia y le acompa\u00f1aran en este inc\u00f3modo momento.<\/figcaption><\/figure>\n","protected":false},"excerpt":{"rendered":"<p>Pese a violento impacto, no hubo heridos graves: Una colisi\u00f3n frontal entre dos veh\u00edculos menores ocurrida al filo de las 17:00 horas de este martes, dej\u00f3 como saldo a dos personas lesionadas&#8230;.<\/p>\n","protected":false},"author":482,"featured_media":98786,"comment_status":"closed","ping_status":"closed","sticky":false,"template":"","format":"standard","meta":{"advanced_seo_description":"","jetpack_seo_html_title":"","jetpack_seo_noindex":false,"_jetpack_memberships_contains_paid_content":false,"footnotes":""},"categories":[21],"tags":[],"class_list":["post-98785","post","type-post","status-publish","format-standard","has-post-thumbnail","hentry","category-policial"],"jetpack_featured_media_url":"https:\/\/i0.wp.com\/eltrabajo.cl\/portal\/wp-content\/uploads\/2020\/05\/Frontal1-portada.jpg?fit=580%2C359&ssl=1","jetpack_sharing_enabled":true,"jetpack_likes_enabled":true,"jetpack-related-posts":[],"_links":{"self":[{"href":"https:\/\/eltrabajo.cl\/portal\/wp-json\/wp\/v2\/posts\/98785","targetHints":{"allow":["GET"]}}],"collection":[{"href":"https:\/\/eltrabajo.cl\/portal\/wp-json\/wp\/v2\/posts"}],"about":[{"href":"https:\/\/eltrabajo.cl\/portal\/wp-json\/wp\/v2\/types\/post"}],"author":[{"embeddable":true,"href":"https:\/\/eltrabajo.cl\/portal\/wp-json\/wp\/v2\/users\/482"}],"replies":[{"embeddable":true,"href":"https:\/\/eltrabajo.cl\/portal\/wp-json\/wp\/v2\/comments?post=98785"}],"version-history":[{"count":0,"href":"https:\/\/eltrabajo.cl\/portal\/wp-json\/wp\/v2\/posts\/98785\/revisions"}],"wp:featuredmedia":[{"embeddable":true,"href":"https:\/\/eltrabajo.cl\/portal\/wp-json\/wp\/v2\/media\/98786"}],"wp:attachment":[{"href":"https:\/\/eltrabajo.cl\/portal\/wp-json\/wp\/v2\/media?parent=98785"}],"wp:term":[{"taxonomy":"category","embeddable":true,"href":"https:\/\/eltrabajo.cl\/portal\/wp-json\/wp\/v2\/categories?post=98785"},{"taxonomy":"post_tag","embeddable":true,"href":"https:\/\/eltrabajo.cl\/portal\/wp-json\/wp\/v2\/tags?post=98785"}],"curies":[{"name":"wp","href":"https:\/\/api.w.org\/{rel}","templated":true}]}}