{"id":98800,"date":"2020-05-13T22:22:59","date_gmt":"2020-05-14T02:22:59","guid":{"rendered":"https:\/\/www.eltrabajo.cl\/portal\/?p=98800"},"modified":"2020-05-13T22:18:34","modified_gmt":"2020-05-14T02:18:34","slug":"el-prat-aun-no-sabe-si-es-de-segunda-o-tercera","status":"publish","type":"post","link":"https:\/\/eltrabajo.cl\/portal\/el-prat-aun-no-sabe-si-es-de-segunda-o-tercera\/","title":{"rendered":"El Prat a\u00fan no sabe si es\u00a0de Segunda o Tercera"},"content":{"rendered":"<p style=\"text-align: justify;\">Sin resolver a\u00fan la fecha en que podr\u00eda arrancar la competencia, la Liga Nacional de B\u00e1squetbol (LNB) se encuentra trabajando en la creaci\u00f3n de una competencia de emergencia que permita salvar el a\u00f1o.<\/p>\n<p style=\"text-align: justify;\">La pandemia del Covid\u201319 ha sido un golpe muy duro, del cual costar\u00e1 mucho que el b\u00e1squet chileno pueda levantarse, a ra\u00edz de que hay clubes con problemas econ\u00f3micos muy serios que los tienen al borde del abismo.<\/p>\n<p style=\"text-align: justify;\">Los principales afectados son los equipos de la Primera Divisi\u00f3n. Realidad no muy distinta, pero al menos manejable, es la que viven por estos d\u00edas los conjuntos del ascenso, entre los que se encuentra el Arturo Prat de San Felipe.<\/p>\n<p style=\"text-align: justify;\">Por ahora el Prat debe saber en qu\u00e9 competencia estar\u00e1 inserto, a ra\u00edz que existe una diferencia entre la LNB y la Federaci\u00f3n. <em>\u00abDeber\u00edamos jugar en Tercera, porque deportivamente descendimos, pero debemos esperar qu\u00e9 resuelven ellos. Para nosotros esa resoluci\u00f3n es clave, ya que si quedamos en Tercera, no tenemos agenda competitiva por el momento, a ra\u00edz que la Federaci\u00f3n descart\u00f3 cualquier torneo en el corto plazo\u00bb,<\/em> se\u00f1al\u00f3 a <strong>El Trabajo Deportivo<\/strong>, el directivo <strong>Mauro Bull<\/strong>, quien agreg\u00f3 adem\u00e1s que la situaci\u00f3n de la rama cestera del club de la calle Santo Domingo, es muy sensible: <em>\u00abAl ser amateur no tenemos posibilidad de hacer nada, y menos generar recursos. Si antes de la pandemia no ten\u00edamos apoyo, imagine ahora\u00bb,<\/em> afirm\u00f3 el directivo sanfelipe\u00f1o.<\/p>\n<p style=\"text-align: justify;\">\n<figure id=\"attachment_98801\" aria-describedby=\"caption-attachment-98801\" style=\"width: 580px\" class=\"wp-caption alignnone\"><img data-recalc-dims=\"1\" loading=\"lazy\" decoding=\"async\" class=\"size-full wp-image-98801\" src=\"https:\/\/i0.wp.com\/eltrabajo.cl\/portal\/wp-content\/uploads\/2020\/05\/prat.jpg?resize=580%2C358&#038;ssl=1\" alt=\"El Prat est\u00e1 a la espera de la resoluci\u00f3n si jugar\u00e1 en la Segunda o Tercera Divisi\u00f3n.\" width=\"580\" height=\"358\" srcset=\"https:\/\/i0.wp.com\/eltrabajo.cl\/portal\/wp-content\/uploads\/2020\/05\/prat.jpg?w=580&amp;ssl=1 580w, https:\/\/i0.wp.com\/eltrabajo.cl\/portal\/wp-content\/uploads\/2020\/05\/prat.jpg?resize=300%2C185&amp;ssl=1 300w, https:\/\/i0.wp.com\/eltrabajo.cl\/portal\/wp-content\/uploads\/2020\/05\/prat.jpg?resize=200%2C123&amp;ssl=1 200w, https:\/\/i0.wp.com\/eltrabajo.cl\/portal\/wp-content\/uploads\/2020\/05\/prat.jpg?resize=150%2C93&amp;ssl=1 150w\" sizes=\"auto, (max-width: 580px) 100vw, 580px\" \/><figcaption id=\"caption-attachment-98801\" class=\"wp-caption-text\">El Prat est\u00e1 a la espera de la resoluci\u00f3n si jugar\u00e1 en la Segunda o Tercera Divisi\u00f3n.<\/figcaption><\/figure>\n","protected":false},"excerpt":{"rendered":"<p>Sin resolver a\u00fan la fecha en que podr\u00eda arrancar la competencia, la Liga Nacional de B\u00e1squetbol (LNB) se encuentra trabajando en la creaci\u00f3n de una competencia de emergencia que permita salvar el&#8230;<\/p>\n","protected":false},"author":482,"featured_media":98801,"comment_status":"closed","ping_status":"closed","sticky":false,"template":"","format":"standard","meta":{"advanced_seo_description":"","jetpack_seo_html_title":"","jetpack_seo_noindex":false,"_jetpack_memberships_contains_paid_content":false,"footnotes":""},"categories":[19],"tags":[],"class_list":["post-98800","post","type-post","status-publish","format-standard","has-post-thumbnail","hentry","category-deportes"],"jetpack_featured_media_url":"https:\/\/i0.wp.com\/eltrabajo.cl\/portal\/wp-content\/uploads\/2020\/05\/prat.jpg?fit=580%2C358&ssl=1","jetpack_sharing_enabled":true,"jetpack_likes_enabled":true,"jetpack-related-posts":[],"_links":{"self":[{"href":"https:\/\/eltrabajo.cl\/portal\/wp-json\/wp\/v2\/posts\/98800","targetHints":{"allow":["GET"]}}],"collection":[{"href":"https:\/\/eltrabajo.cl\/portal\/wp-json\/wp\/v2\/posts"}],"about":[{"href":"https:\/\/eltrabajo.cl\/portal\/wp-json\/wp\/v2\/types\/post"}],"author":[{"embeddable":true,"href":"https:\/\/eltrabajo.cl\/portal\/wp-json\/wp\/v2\/users\/482"}],"replies":[{"embeddable":true,"href":"https:\/\/eltrabajo.cl\/portal\/wp-json\/wp\/v2\/comments?post=98800"}],"version-history":[{"count":0,"href":"https:\/\/eltrabajo.cl\/portal\/wp-json\/wp\/v2\/posts\/98800\/revisions"}],"wp:featuredmedia":[{"embeddable":true,"href":"https:\/\/eltrabajo.cl\/portal\/wp-json\/wp\/v2\/media\/98801"}],"wp:attachment":[{"href":"https:\/\/eltrabajo.cl\/portal\/wp-json\/wp\/v2\/media?parent=98800"}],"wp:term":[{"taxonomy":"category","embeddable":true,"href":"https:\/\/eltrabajo.cl\/portal\/wp-json\/wp\/v2\/categories?post=98800"},{"taxonomy":"post_tag","embeddable":true,"href":"https:\/\/eltrabajo.cl\/portal\/wp-json\/wp\/v2\/tags?post=98800"}],"curies":[{"name":"wp","href":"https:\/\/api.w.org\/{rel}","templated":true}]}}