{"id":98804,"date":"2020-05-13T22:24:01","date_gmt":"2020-05-14T02:24:01","guid":{"rendered":"https:\/\/www.eltrabajo.cl\/portal\/?p=98804"},"modified":"2020-05-13T22:18:43","modified_gmt":"2020-05-14T02:18:43","slug":"entregan-nuevo-puente-25-de-mayo-a-los-vecinos-de-tierras-blancas","status":"publish","type":"post","link":"https:\/\/eltrabajo.cl\/portal\/entregan-nuevo-puente-25-de-mayo-a-los-vecinos-de-tierras-blancas\/","title":{"rendered":"Entregan nuevo puente 25 de Mayo a los vecinos de Tierras Blancas"},"content":{"rendered":"<p style=\"text-align: justify;\"><span style=\"color: #c81400;\"><strong>Pasaron 40 a\u00f1os sin tener una obra de calidad:<\/strong><\/span><\/p>\n<p style=\"text-align: justify;\">Por fin los vecinos de Tierras Blancas recibieron este mi\u00e9rcoles en marcha blanca para su uso, el tan esperado puente 25 de Mayo, luego de 40 a\u00f1os de esperar una obra digna que les brinde seguridad, orgullo por su comunidad y plusval\u00eda a su poblaci\u00f3n. Se trata de un banderazo extraoficial con el que las autoridades provinciales, comunales y regionales dieron por terminada la costosa obra, pr\u00f3ximamente despu\u00e9s de algunos tr\u00e1mites el puente ser\u00e1 inaugurado de manera oficial.<\/p>\n<p>&nbsp;<\/p>\n<p style=\"text-align: justify;\"><span style=\"color: #c81400;\"><strong>TRAS 40 A\u00d1OS<\/strong><\/span><\/p>\n<p style=\"text-align: justify;\">El gobernador de San Felipe, <strong>Claudio Rodr\u00edguez Cataldo<\/strong>, coment\u00f3 satisfecho que <em>\u00abes un d\u00eda maravilloso, porque estamos entregando una obra de alto est\u00e1ndar, como se merece la comunidad de Tierras Blancas, que esper\u00f3 casi 40 a\u00f1os para contar con un puente de esta envergadura. As\u00ed es que estamos felices y lo m\u00e1s importante es ver a los vecinos y las vecinas felices, que es la mayor recompensa de los esfuerzos que se han venido realizando. Felicitamos a la comunidad, a los trabajadores de la empresa y destacamos la decisi\u00f3n del presidente Sebasti\u00e1n Pi\u00f1era para poner los recursos necesarios y construir esta obra maravillosa que hoy se entrega para el uso de los vecinos<\/em>\u00bb, coment\u00f3 Rodr\u00edguez.<\/p>\n<p style=\"text-align: justify;\">As\u00ed tambi\u00e9n la primera autoridad comunal de San Felipe, el alcalde <strong>Patricio Freire Canto<\/strong>, asegur\u00f3 que <em>\u00abfueron varios viajes los que se realizaron al MOP junto al diputado Luis Pardo para dar seguimiento a los avances de estas obras tan importantes. Este puente potencia el desarrollo para nuestra comuna, porque as\u00ed como los vecinos de Tierras Blancas esperaron cerca de 40 a\u00f1os y ahora ven su sue\u00f1o cumplido, tambi\u00e9n se est\u00e1n desarrollando otros sectores, porque cuando fui a reunirme con el Seremi Ra\u00fal Fuhrer S\u00e1nchez para tratar el tema Plan Maestro Gesti\u00f3n de Tr\u00e1nsito, en esa oportunidad me acompa\u00f1\u00f3 el parlamentario Luis Pardo, y llegaron los recursos para esta construcci\u00f3n, y ahora vamos licitando Michimalongo a doble v\u00eda y esto tambi\u00e9n ser\u00e1 un nuevo avance<\/em>\u00bb, indic\u00f3 Freire.<\/p>\n<p>&nbsp;<\/p>\n<p style=\"text-align: justify;\"><span style=\"color: #c81400;\"><strong>DESGLOSE T\u00c9CNICO<\/strong><\/span><\/p>\n<p style=\"text-align: justify;\"><strong>Oscar Urrutia<\/strong>, administrador del contrato y jefe de obras, inform\u00f3 a nuestro medio los aspectos t\u00e9cnicos de la obra: <em>\u00abEste contrato consisti\u00f3 en una estructura de 35 metros de largo; cuenta con cinco vigas met\u00e1licas; dos estribos, que son los apoyos de la estructura de las vigas met\u00e1licas; una loza de hormig\u00f3n armada y pavimento asf\u00e1ltico sobre esa loza de hormig\u00f3n. Tambi\u00e9n tiene vialidad urbana de 1.200 metros con se\u00f1alizaci\u00f3n demarcaci\u00f3n, pavimento asf\u00e1ltico bien estructurado (base y carpeta de 7cm. y 6cm.). Este puente es para alto tonelaje. Tambi\u00e9n se limpi\u00f3 el estero, 700 metros (200 metros aguas arriba y 590 metros aguas abajo). Este puente tiene una durabilidad de 50 a\u00f1os, pero sabemos que podr\u00e1 usarse por m\u00e1s a\u00f1os\u00bb,<\/em> inform\u00f3 Urrutia a <strong>Diario El Trabajo<\/strong>.<\/p>\n<p>&nbsp;<\/p>\n<p style=\"text-align: justify;\"><span style=\"color: #c81400;\"><strong>VECINOS ALEGRES<\/strong><\/span><\/p>\n<p style=\"text-align: justify;\"><strong>Diario El Trabajo<\/strong> tambi\u00e9n habl\u00f3 con los vecinos, especialmente con los mayores, quienes agradecieron a las autoridades esta obra tan necesaria.<\/p>\n<p style=\"text-align: justify;\">&#8211; <strong>Salvador Hurtado, delegado de la junta vecinal de Tierras Blancas<\/strong>: <em>\u00abMuy bien todo lo que se ha hecho, yo llegu\u00e9 en 1952 a vivir a este pueblo, as\u00ed que he pasado toda mi vida aqu\u00ed, los vecinos tambi\u00e9n est\u00e1n alegres con este nuevo puente<\/em>\u00bb.<\/p>\n<p style=\"text-align: justify;\">&#8211; <strong>Hugo Toro, vecino del lugar<\/strong>: <em>\u00abSe luch\u00f3 por muchos a\u00f1os y ahora que se logr\u00f3 para nosotros es un orgullo, se nos sube la calidad de vida. Ahora a cuidarlo entre todos para que no lo da\u00f1e la gente, a cuidarlo como cuid\u00e1bamos los clavos de oro de antes<\/em>\u00bb.<\/p>\n<p style=\"text-align: justify;\"><strong>Roberto Gonz\u00e1lez Short<\/strong><\/p>\n<p>&nbsp;<\/p>\n<figure id=\"attachment_98805\" aria-describedby=\"caption-attachment-98805\" style=\"width: 580px\" class=\"wp-caption alignnone\"><img data-recalc-dims=\"1\" loading=\"lazy\" decoding=\"async\" class=\"size-full wp-image-98805\" src=\"https:\/\/i0.wp.com\/eltrabajo.cl\/portal\/wp-content\/uploads\/2020\/05\/Puente1-portada.jpg?resize=580%2C360&#038;ssl=1\" alt=\"EN MARCHA BLANCA.- Aqu\u00ed vemos a los vecinos de Tierras Blancas y las autoridades como la diputada Camila Flores, el alcalde Patricio Freire, el Seremi Ra\u00fal Fuhrer S\u00e1nchez, posando satisfechos en el nuevo puente de Tierras Blancas.\" width=\"580\" height=\"360\" srcset=\"https:\/\/i0.wp.com\/eltrabajo.cl\/portal\/wp-content\/uploads\/2020\/05\/Puente1-portada.jpg?w=580&amp;ssl=1 580w, https:\/\/i0.wp.com\/eltrabajo.cl\/portal\/wp-content\/uploads\/2020\/05\/Puente1-portada.jpg?resize=300%2C186&amp;ssl=1 300w, https:\/\/i0.wp.com\/eltrabajo.cl\/portal\/wp-content\/uploads\/2020\/05\/Puente1-portada.jpg?resize=200%2C124&amp;ssl=1 200w, https:\/\/i0.wp.com\/eltrabajo.cl\/portal\/wp-content\/uploads\/2020\/05\/Puente1-portada.jpg?resize=150%2C93&amp;ssl=1 150w\" sizes=\"auto, (max-width: 580px) 100vw, 580px\" \/><figcaption id=\"caption-attachment-98805\" class=\"wp-caption-text\">EN MARCHA BLANCA.- Aqu\u00ed vemos a los vecinos de Tierras Blancas y las autoridades como la diputada Camila Flores, el alcalde Patricio Freire, el Seremi Ra\u00fal Fuhrer S\u00e1nchez, posando satisfechos en el nuevo puente de Tierras Blancas.<\/figcaption><\/figure>\n<p>&nbsp;<\/p>\n<figure id=\"attachment_98806\" aria-describedby=\"caption-attachment-98806\" style=\"width: 579px\" class=\"wp-caption alignnone\"><img data-recalc-dims=\"1\" loading=\"lazy\" decoding=\"async\" class=\"size-full wp-image-98806\" src=\"https:\/\/i0.wp.com\/eltrabajo.cl\/portal\/wp-content\/uploads\/2020\/05\/Puente3.jpg?resize=579%2C267&#038;ssl=1\" alt=\"DESDE ARRIBA.- As\u00ed luc\u00eda la obra hace pocas semanas, estero limpio y obras a punto de ser terminadas. La obra represent\u00f3 una inversi\u00f3n superior a los $2.600 millones.\" width=\"579\" height=\"267\" srcset=\"https:\/\/i0.wp.com\/eltrabajo.cl\/portal\/wp-content\/uploads\/2020\/05\/Puente3.jpg?w=579&amp;ssl=1 579w, https:\/\/i0.wp.com\/eltrabajo.cl\/portal\/wp-content\/uploads\/2020\/05\/Puente3.jpg?resize=300%2C138&amp;ssl=1 300w, https:\/\/i0.wp.com\/eltrabajo.cl\/portal\/wp-content\/uploads\/2020\/05\/Puente3.jpg?resize=200%2C92&amp;ssl=1 200w, https:\/\/i0.wp.com\/eltrabajo.cl\/portal\/wp-content\/uploads\/2020\/05\/Puente3.jpg?resize=150%2C69&amp;ssl=1 150w\" sizes=\"auto, (max-width: 579px) 100vw, 579px\" \/><figcaption id=\"caption-attachment-98806\" class=\"wp-caption-text\">DESDE ARRIBA.- As\u00ed luc\u00eda la obra hace pocas semanas, estero limpio y obras a punto de ser terminadas. La obra represent\u00f3 una inversi\u00f3n superior a los $2.600 millones.<\/figcaption><\/figure>\n<p>&nbsp;<\/p>\n<figure id=\"attachment_98807\" aria-describedby=\"caption-attachment-98807\" style=\"width: 580px\" class=\"wp-caption alignnone\"><img data-recalc-dims=\"1\" loading=\"lazy\" decoding=\"async\" class=\"size-full wp-image-98807\" src=\"https:\/\/i0.wp.com\/eltrabajo.cl\/portal\/wp-content\/uploads\/2020\/05\/Puente4.jpg?resize=580%2C360&#038;ssl=1\" alt=\"ELLOS LA LLEVAN.- Las autoridades principales: Diputado Luis Pardo, gobernador Claudio Rodr\u00edguez, el Seremi Ra\u00fal Fuhrer S\u00e1nchez y el alcalde Patricio Freire, hablando con la prensa.\" width=\"580\" height=\"360\" srcset=\"https:\/\/i0.wp.com\/eltrabajo.cl\/portal\/wp-content\/uploads\/2020\/05\/Puente4.jpg?w=580&amp;ssl=1 580w, https:\/\/i0.wp.com\/eltrabajo.cl\/portal\/wp-content\/uploads\/2020\/05\/Puente4.jpg?resize=300%2C186&amp;ssl=1 300w, https:\/\/i0.wp.com\/eltrabajo.cl\/portal\/wp-content\/uploads\/2020\/05\/Puente4.jpg?resize=200%2C124&amp;ssl=1 200w, https:\/\/i0.wp.com\/eltrabajo.cl\/portal\/wp-content\/uploads\/2020\/05\/Puente4.jpg?resize=150%2C93&amp;ssl=1 150w\" sizes=\"auto, (max-width: 580px) 100vw, 580px\" \/><figcaption id=\"caption-attachment-98807\" class=\"wp-caption-text\">ELLOS LA LLEVAN.- Las autoridades principales: Diputado Luis Pardo, gobernador Claudio Rodr\u00edguez, el Seremi Ra\u00fal Fuhrer S\u00e1nchez y el alcalde Patricio Freire, hablando con la prensa.<\/figcaption><\/figure>\n<p>&nbsp;<\/p>\n<figure id=\"attachment_98808\" aria-describedby=\"caption-attachment-98808\" style=\"width: 580px\" class=\"wp-caption alignnone\"><img data-recalc-dims=\"1\" loading=\"lazy\" decoding=\"async\" class=\"size-full wp-image-98808\" src=\"https:\/\/i0.wp.com\/eltrabajo.cl\/portal\/wp-content\/uploads\/2020\/05\/Puente_2-Ericka-Delgado.jpg?resize=580%2C598&#038;ssl=1\" alt=\"LEG\u00cdTIMA DUE\u00d1A.- Do\u00f1a \u00c9rick Delgado tiene 70 a\u00f1os de edad y en su silla de rueda quiso venir a recibir personalmente este puente.\" width=\"580\" height=\"598\" srcset=\"https:\/\/i0.wp.com\/eltrabajo.cl\/portal\/wp-content\/uploads\/2020\/05\/Puente_2-Ericka-Delgado.jpg?w=580&amp;ssl=1 580w, https:\/\/i0.wp.com\/eltrabajo.cl\/portal\/wp-content\/uploads\/2020\/05\/Puente_2-Ericka-Delgado.jpg?resize=291%2C300&amp;ssl=1 291w, https:\/\/i0.wp.com\/eltrabajo.cl\/portal\/wp-content\/uploads\/2020\/05\/Puente_2-Ericka-Delgado.jpg?resize=145%2C150&amp;ssl=1 145w\" sizes=\"auto, (max-width: 580px) 100vw, 580px\" \/><figcaption id=\"caption-attachment-98808\" class=\"wp-caption-text\">LEG\u00cdTIMA DUE\u00d1A.- Do\u00f1a \u00c9rick Delgado tiene 70 a\u00f1os de edad y en su silla de rueda quiso venir a recibir personalmente este puente.<\/figcaption><\/figure>\n<p>&nbsp;<\/p>\n<figure id=\"attachment_98809\" aria-describedby=\"caption-attachment-98809\" style=\"width: 578px\" class=\"wp-caption alignnone\"><img data-recalc-dims=\"1\" loading=\"lazy\" decoding=\"async\" class=\"size-full wp-image-98809\" src=\"https:\/\/i0.wp.com\/eltrabajo.cl\/portal\/wp-content\/uploads\/2020\/05\/Puente_Hugo-Toro.jpg?resize=578%2C600&#038;ssl=1\" alt=\"Hugo Toro, vecino de 79 a\u00f1os de edad.\" width=\"578\" height=\"600\" srcset=\"https:\/\/i0.wp.com\/eltrabajo.cl\/portal\/wp-content\/uploads\/2020\/05\/Puente_Hugo-Toro.jpg?w=578&amp;ssl=1 578w, https:\/\/i0.wp.com\/eltrabajo.cl\/portal\/wp-content\/uploads\/2020\/05\/Puente_Hugo-Toro.jpg?resize=289%2C300&amp;ssl=1 289w, https:\/\/i0.wp.com\/eltrabajo.cl\/portal\/wp-content\/uploads\/2020\/05\/Puente_Hugo-Toro.jpg?resize=145%2C150&amp;ssl=1 145w\" sizes=\"auto, (max-width: 578px) 100vw, 578px\" \/><figcaption id=\"caption-attachment-98809\" class=\"wp-caption-text\">Hugo Toro, vecino de 79 a\u00f1os de edad.<\/figcaption><\/figure>\n<p>&nbsp;<\/p>\n<figure id=\"attachment_98810\" aria-describedby=\"caption-attachment-98810\" style=\"width: 580px\" class=\"wp-caption alignnone\"><img data-recalc-dims=\"1\" loading=\"lazy\" decoding=\"async\" class=\"size-full wp-image-98810\" src=\"https:\/\/i0.wp.com\/eltrabajo.cl\/portal\/wp-content\/uploads\/2020\/05\/Puente_Salvador-Hurtado.jpg?resize=580%2C600&#038;ssl=1\" alt=\"Salvador Hurtado, delegado de la junta vecinal de Tierras Blancas.\" width=\"580\" height=\"600\" srcset=\"https:\/\/i0.wp.com\/eltrabajo.cl\/portal\/wp-content\/uploads\/2020\/05\/Puente_Salvador-Hurtado.jpg?w=580&amp;ssl=1 580w, https:\/\/i0.wp.com\/eltrabajo.cl\/portal\/wp-content\/uploads\/2020\/05\/Puente_Salvador-Hurtado.jpg?resize=290%2C300&amp;ssl=1 290w, https:\/\/i0.wp.com\/eltrabajo.cl\/portal\/wp-content\/uploads\/2020\/05\/Puente_Salvador-Hurtado.jpg?resize=145%2C150&amp;ssl=1 145w\" sizes=\"auto, (max-width: 580px) 100vw, 580px\" \/><figcaption id=\"caption-attachment-98810\" class=\"wp-caption-text\">Salvador Hurtado, delegado de la junta vecinal de Tierras Blancas.<\/figcaption><\/figure>\n","protected":false},"excerpt":{"rendered":"<p>Pasaron 40 a\u00f1os sin tener una obra de calidad: Por fin los vecinos de Tierras Blancas recibieron este mi\u00e9rcoles en marcha blanca para su uso, el tan esperado puente 25 de Mayo,&#8230;<\/p>\n","protected":false},"author":482,"featured_media":98805,"comment_status":"closed","ping_status":"closed","sticky":false,"template":"","format":"standard","meta":{"advanced_seo_description":"","jetpack_seo_html_title":"","jetpack_seo_noindex":false,"_jetpack_memberships_contains_paid_content":false,"footnotes":""},"categories":[103],"tags":[],"class_list":["post-98804","post","type-post","status-publish","format-standard","has-post-thumbnail","hentry","category-cronica-2"],"jetpack_featured_media_url":"https:\/\/i0.wp.com\/eltrabajo.cl\/portal\/wp-content\/uploads\/2020\/05\/Puente1-portada.jpg?fit=580%2C360&ssl=1","jetpack_sharing_enabled":true,"jetpack_likes_enabled":true,"jetpack-related-posts":[],"_links":{"self":[{"href":"https:\/\/eltrabajo.cl\/portal\/wp-json\/wp\/v2\/posts\/98804","targetHints":{"allow":["GET"]}}],"collection":[{"href":"https:\/\/eltrabajo.cl\/portal\/wp-json\/wp\/v2\/posts"}],"about":[{"href":"https:\/\/eltrabajo.cl\/portal\/wp-json\/wp\/v2\/types\/post"}],"author":[{"embeddable":true,"href":"https:\/\/eltrabajo.cl\/portal\/wp-json\/wp\/v2\/users\/482"}],"replies":[{"embeddable":true,"href":"https:\/\/eltrabajo.cl\/portal\/wp-json\/wp\/v2\/comments?post=98804"}],"version-history":[{"count":0,"href":"https:\/\/eltrabajo.cl\/portal\/wp-json\/wp\/v2\/posts\/98804\/revisions"}],"wp:featuredmedia":[{"embeddable":true,"href":"https:\/\/eltrabajo.cl\/portal\/wp-json\/wp\/v2\/media\/98805"}],"wp:attachment":[{"href":"https:\/\/eltrabajo.cl\/portal\/wp-json\/wp\/v2\/media?parent=98804"}],"wp:term":[{"taxonomy":"category","embeddable":true,"href":"https:\/\/eltrabajo.cl\/portal\/wp-json\/wp\/v2\/categories?post=98804"},{"taxonomy":"post_tag","embeddable":true,"href":"https:\/\/eltrabajo.cl\/portal\/wp-json\/wp\/v2\/tags?post=98804"}],"curies":[{"name":"wp","href":"https:\/\/api.w.org\/{rel}","templated":true}]}}