{"id":98814,"date":"2020-05-14T07:00:41","date_gmt":"2020-05-14T11:00:41","guid":{"rendered":"https:\/\/www.eltrabajo.cl\/portal\/?p=98814"},"modified":"2020-05-13T22:19:54","modified_gmt":"2020-05-14T02:19:54","slug":"joven-con-limitaciones-fisicas-y-emocionales-produce-videos-quedate-en-casa","status":"publish","type":"post","link":"https:\/\/eltrabajo.cl\/portal\/joven-con-limitaciones-fisicas-y-emocionales-produce-videos-quedate-en-casa\/","title":{"rendered":"Joven con limitaciones f\u00edsicas y emocionales produce videos \u2018Qu\u00e9date en Casa\u2019"},"content":{"rendered":"<p style=\"text-align: justify;\"><span style=\"color: #c81400;\"><strong>Tambi\u00e9n participa en una ONG animalista:<\/strong><\/span><\/p>\n<p style=\"text-align: justify;\"><strong>CALLE LARGA.- <\/strong>En estos tiempos cuando lo m\u00e1s importante para todos quienes no laboramos en el sector Salud es quedarnos en casa y guardar una discreta distancia con las personas ajenas a nuestra compa\u00f1\u00eda familiar, la recomendaci\u00f3n m\u00e1s adecuada es quedarnos en casa, lo que se ve manifestado en campa\u00f1as informativas para que se acate dicha recomendaci\u00f3n.<\/p>\n<p style=\"text-align: justify;\">Pero no solamente estas campa\u00f1as se desarrollan en prensa, radio y televisi\u00f3n, hoy queremos compartir con nuestros lectores la historia de un joven \u2018lim\u00edtrofe\u2019 aconcag\u00fcino vecino de Poblaci\u00f3n Santa Teresa de Calle Larga, se llama <strong>Jason Vicencio<\/strong>, tiene 23 a\u00f1os de edad y, aunque a \u00e9l le dificulta producir audiovisuales a ra\u00edz de peque\u00f1as limitaciones f\u00edsicas y emocionales, eso no le ha impedido desarrollar iniciativas propias y apoyar otras en su comunidad.<\/p>\n<p style=\"text-align: justify;\">\n<p style=\"text-align: justify;\"><span style=\"color: #c81400;\"><strong>QU\u00c9DATE EN CASA<\/strong><\/span><\/p>\n<p style=\"text-align: justify;\">Hace pocos d\u00edas a este joven emprendedor, alumno del Colegio Especial Valle Andino, de Los Andes, se le ocurri\u00f3 grabar y promocionar en redes sociales su propio clip para llamar al \u2018<strong>Qu\u00e9date en Casa<\/strong>\u2019, pero lo hizo en castellano y tambi\u00e9n en Lengua de Se\u00f1as para personas sordas, generando mucho inter\u00e9s en Facebook e Instagram.<\/p>\n<p style=\"text-align: justify;\">\n<p style=\"text-align: justify;\"><span style=\"color: #c81400;\"><strong>TAMBI\u00c9N ANIMALISTA<\/strong><\/span><\/p>\n<p style=\"text-align: justify;\">Pero no se crea que nuestro amigo Jason s\u00f3lo es popular en su comuna por este tipo de iniciativas individuales, tambi\u00e9n \u00e9l participa en <strong>\u2018Pro Animal Calle Larga\u2019<\/strong>, una agrupaci\u00f3n de vecinos que desde hace varios a\u00f1os viene realizando campa\u00f1as animalistas para rescatar mascotas en abandono, lastimadas y tambi\u00e9n adopciones para estos animalitos. La ONG se financia con las donaciones de los vecinos, y Jason es uno de los integrantes m\u00e1s activos del grupo.<\/p>\n<p style=\"text-align: justify;\">Hoy todos quienes laboramos en <strong>Diario El Trabajo<\/strong> felicitamos p\u00fablicamente a este ejemplar joven de Calle Larga, anim\u00e1ndole a seguir adelante con sus iniciativas y apoyando a los animales en su grupo Pro Animal Calle Larga.<\/p>\n<p style=\"text-align: justify;\"><strong>Roberto Gonz\u00e1lez Short<br \/>\n<\/strong><strong><em>Fotos tomadas antes de la Pandemia<\/em>.<\/strong><\/p>\n<p style=\"text-align: justify;\">\n<figure id=\"attachment_98815\" aria-describedby=\"caption-attachment-98815\" style=\"width: 580px\" class=\"wp-caption alignnone\"><img data-recalc-dims=\"1\" loading=\"lazy\" decoding=\"async\" class=\"size-full wp-image-98815\" src=\"https:\/\/i0.wp.com\/eltrabajo.cl\/portal\/wp-content\/uploads\/2020\/05\/Quedate2.jpg?resize=580%2C360&#038;ssl=1\" alt=\"SU EQUIPO DE VOLUNTARIOS.- Aqu\u00ed tenemos de derecha a izquierda: Jason, voluntario, Macarena Cort\u00e9s secretaria de la ONG, la del centro es Ester Toledo presidenta de la agrupaci\u00f3n, y la mexicana Yeimy Avil\u00e9s, vicepresidenta de la ONG.\" width=\"580\" height=\"360\" srcset=\"https:\/\/i0.wp.com\/eltrabajo.cl\/portal\/wp-content\/uploads\/2020\/05\/Quedate2.jpg?w=580&amp;ssl=1 580w, https:\/\/i0.wp.com\/eltrabajo.cl\/portal\/wp-content\/uploads\/2020\/05\/Quedate2.jpg?resize=300%2C186&amp;ssl=1 300w, https:\/\/i0.wp.com\/eltrabajo.cl\/portal\/wp-content\/uploads\/2020\/05\/Quedate2.jpg?resize=200%2C124&amp;ssl=1 200w, https:\/\/i0.wp.com\/eltrabajo.cl\/portal\/wp-content\/uploads\/2020\/05\/Quedate2.jpg?resize=150%2C93&amp;ssl=1 150w\" sizes=\"auto, (max-width: 580px) 100vw, 580px\" \/><figcaption id=\"caption-attachment-98815\" class=\"wp-caption-text\">SU EQUIPO DE VOLUNTARIOS.- Aqu\u00ed tenemos de derecha a izquierda: Jason, voluntario, Macarena Cort\u00e9s secretaria de la ONG, la del centro es Ester Toledo presidenta de la agrupaci\u00f3n, y la mexicana Yeimy Avil\u00e9s, vicepresidenta de la ONG.<\/figcaption><\/figure>\n<p>&nbsp;<\/p>\n<figure id=\"attachment_98817\" aria-describedby=\"caption-attachment-98817\" style=\"width: 579px\" class=\"wp-caption alignnone\"><img data-recalc-dims=\"1\" loading=\"lazy\" decoding=\"async\" class=\"size-full wp-image-98817\" src=\"https:\/\/i0.wp.com\/eltrabajo.cl\/portal\/wp-content\/uploads\/2020\/05\/Quedate1.jpg?resize=579%2C328&#038;ssl=1\" alt=\"BUEN CONSEJO.- Aqu\u00ed vemos un pantallazo del v\u00eddeo de Jason \u2018Qu\u00e9date en Casa\u2019, que lo puedes ver en la p\u00e1gina de la agrupaci\u00f3n animalista.\" width=\"579\" height=\"328\" srcset=\"https:\/\/i0.wp.com\/eltrabajo.cl\/portal\/wp-content\/uploads\/2020\/05\/Quedate1.jpg?w=579&amp;ssl=1 579w, https:\/\/i0.wp.com\/eltrabajo.cl\/portal\/wp-content\/uploads\/2020\/05\/Quedate1.jpg?resize=300%2C170&amp;ssl=1 300w, https:\/\/i0.wp.com\/eltrabajo.cl\/portal\/wp-content\/uploads\/2020\/05\/Quedate1.jpg?resize=200%2C113&amp;ssl=1 200w, https:\/\/i0.wp.com\/eltrabajo.cl\/portal\/wp-content\/uploads\/2020\/05\/Quedate1.jpg?resize=150%2C85&amp;ssl=1 150w\" sizes=\"auto, (max-width: 579px) 100vw, 579px\" \/><figcaption id=\"caption-attachment-98817\" class=\"wp-caption-text\">BUEN CONSEJO.- Aqu\u00ed vemos un pantallazo del v\u00eddeo de Jason \u2018Qu\u00e9date en Casa\u2019, que lo puedes ver en la p\u00e1gina de la agrupaci\u00f3n animalista.<\/figcaption><\/figure>\n<p>&nbsp;<\/p>\n<figure id=\"attachment_98816\" aria-describedby=\"caption-attachment-98816\" style=\"width: 579px\" class=\"wp-caption alignnone\"><img data-recalc-dims=\"1\" loading=\"lazy\" decoding=\"async\" class=\"size-full wp-image-98816\" src=\"https:\/\/i0.wp.com\/eltrabajo.cl\/portal\/wp-content\/uploads\/2020\/05\/Quedate_Jason-Vicencio.jpg?resize=579%2C600&#038;ssl=1\" alt=\"Nuestro amigo Jason se identifica plenamente con el trabajo animalista en Calle Larga.\" width=\"579\" height=\"600\" srcset=\"https:\/\/i0.wp.com\/eltrabajo.cl\/portal\/wp-content\/uploads\/2020\/05\/Quedate_Jason-Vicencio.jpg?w=579&amp;ssl=1 579w, https:\/\/i0.wp.com\/eltrabajo.cl\/portal\/wp-content\/uploads\/2020\/05\/Quedate_Jason-Vicencio.jpg?resize=290%2C300&amp;ssl=1 290w, https:\/\/i0.wp.com\/eltrabajo.cl\/portal\/wp-content\/uploads\/2020\/05\/Quedate_Jason-Vicencio.jpg?resize=145%2C150&amp;ssl=1 145w\" sizes=\"auto, (max-width: 579px) 100vw, 579px\" \/><figcaption id=\"caption-attachment-98816\" class=\"wp-caption-text\">Nuestro amigo Jason se identifica plenamente con el trabajo animalista en Calle Larga.<\/figcaption><\/figure>\n","protected":false},"excerpt":{"rendered":"<p>Tambi\u00e9n participa en una ONG animalista: CALLE LARGA.- En estos tiempos cuando lo m\u00e1s importante para todos quienes no laboramos en el sector Salud es quedarnos en casa y guardar una discreta&#8230;<\/p>\n","protected":false},"author":482,"featured_media":98815,"comment_status":"closed","ping_status":"closed","sticky":false,"template":"","format":"standard","meta":{"advanced_seo_description":"","jetpack_seo_html_title":"","jetpack_seo_noindex":false,"_jetpack_memberships_contains_paid_content":false,"footnotes":""},"categories":[15],"tags":[],"class_list":["post-98814","post","type-post","status-publish","format-standard","has-post-thumbnail","hentry","category-comunidad"],"jetpack_featured_media_url":"https:\/\/i0.wp.com\/eltrabajo.cl\/portal\/wp-content\/uploads\/2020\/05\/Quedate2.jpg?fit=580%2C360&ssl=1","jetpack_sharing_enabled":true,"jetpack_likes_enabled":true,"jetpack-related-posts":[],"_links":{"self":[{"href":"https:\/\/eltrabajo.cl\/portal\/wp-json\/wp\/v2\/posts\/98814","targetHints":{"allow":["GET"]}}],"collection":[{"href":"https:\/\/eltrabajo.cl\/portal\/wp-json\/wp\/v2\/posts"}],"about":[{"href":"https:\/\/eltrabajo.cl\/portal\/wp-json\/wp\/v2\/types\/post"}],"author":[{"embeddable":true,"href":"https:\/\/eltrabajo.cl\/portal\/wp-json\/wp\/v2\/users\/482"}],"replies":[{"embeddable":true,"href":"https:\/\/eltrabajo.cl\/portal\/wp-json\/wp\/v2\/comments?post=98814"}],"version-history":[{"count":0,"href":"https:\/\/eltrabajo.cl\/portal\/wp-json\/wp\/v2\/posts\/98814\/revisions"}],"wp:featuredmedia":[{"embeddable":true,"href":"https:\/\/eltrabajo.cl\/portal\/wp-json\/wp\/v2\/media\/98815"}],"wp:attachment":[{"href":"https:\/\/eltrabajo.cl\/portal\/wp-json\/wp\/v2\/media?parent=98814"}],"wp:term":[{"taxonomy":"category","embeddable":true,"href":"https:\/\/eltrabajo.cl\/portal\/wp-json\/wp\/v2\/categories?post=98814"},{"taxonomy":"post_tag","embeddable":true,"href":"https:\/\/eltrabajo.cl\/portal\/wp-json\/wp\/v2\/tags?post=98814"}],"curies":[{"name":"wp","href":"https:\/\/api.w.org\/{rel}","templated":true}]}}