{"id":98819,"date":"2020-05-14T07:15:37","date_gmt":"2020-05-14T11:15:37","guid":{"rendered":"https:\/\/www.eltrabajo.cl\/portal\/?p=98819"},"modified":"2020-05-13T22:20:22","modified_gmt":"2020-05-14T02:20:22","slug":"en-solo-un-par-de-horas-carabineros-recupera-camioneta-robada-a-empresa-de-aseo","status":"publish","type":"post","link":"https:\/\/eltrabajo.cl\/portal\/en-solo-un-par-de-horas-carabineros-recupera-camioneta-robada-a-empresa-de-aseo\/","title":{"rendered":"En solo un par de horas Carabineros recupera camioneta robada a empresa de aseo"},"content":{"rendered":"<p style=\"text-align: justify;\"><span style=\"color: #c81400;\"><strong>Secci\u00f3n de Investigaci\u00f3n Policial (SIP) de San Felipe:<\/strong><\/span><\/p>\n<p style=\"text-align: justify;\">Carabineros de la Segunda Comisar\u00eda de San Felipe, a trav\u00e9s de la Secci\u00f3n de Investigaci\u00f3n Policial (SIP), aclar\u00f3 en tiempo r\u00e9cord el robo de una camioneta perteneciente a la empresa de Servicios Villablanca, que fue robada este d\u00eda martes en la tarde en Rinconada, cuando a punta de pistolas y usando el m\u00e9todo de la \u2018encerrona\u2019, se la arrebataron al conductor que en ese momento iba a retirar una funcionaria en el condominio Monte Blanco.<\/p>\n<p style=\"text-align: justify;\">Desde Carabineros se\u00f1alaron que este martes, a eso de las 16.30 horas, personal de la Secci\u00f3n de Investigaci\u00f3n Policial de la Segunda Comisar\u00eda de Carabineros de San Felipe, recuper\u00f3 una camioneta marca Mitsubishi, modelo l200, a\u00f1o 2017, robada el mismo d\u00eda en la ma\u00f1ana desde Rinconada de Los Andes, veh\u00edculo que fue recuperado en el interior de Las Cuatro Villas de San Felipe, donde adem\u00e1s se procedi\u00f3 a la detenci\u00f3n de 5 personas.<\/p>\n<p style=\"text-align: justify;\">Todos los detenidos son menores de edad identificados con las iniciales <strong>J.M.R.A.<\/strong> de 15 a\u00f1os de edad, <strong>J.D.M.M.<\/strong> de 16 a\u00f1os, y <strong>J.A.R.A.<\/strong>, <strong>J.A.B.G.<\/strong> y <strong>B.E.N.M.<\/strong>, estos tres \u00faltimos todos de 17 a\u00f1os.<\/p>\n<p style=\"text-align: justify;\">Los imputados fueron aprehendidos y acusado por\u00a0 el delito de receptaci\u00f3n.<\/p>\n<p style=\"text-align: justify;\">Por instrucci\u00f3n del fiscal de turno, los imputados quedaron en libertad en espera de citaci\u00f3n.<\/p>\n<p style=\"text-align: justify;\">La camioneta recuperada tiene un aval\u00fao de $12.000.000 (doce millones de pesos), veh\u00edculo que fue entregado a su propietaria.<\/p>\n<p style=\"text-align: justify;\">Cabe destacar que la camioneta de todas maneras presentaba da\u00f1os en la chapa y vidrios quebrados.<\/p>\n<p style=\"text-align: justify;\">\n<figure id=\"attachment_98820\" aria-describedby=\"caption-attachment-98820\" style=\"width: 580px\" class=\"wp-caption alignnone\"><img data-recalc-dims=\"1\" loading=\"lazy\" decoding=\"async\" class=\"size-full wp-image-98820\" src=\"https:\/\/i0.wp.com\/eltrabajo.cl\/portal\/wp-content\/uploads\/2020\/05\/camioneta-Recuperada.jpg?resize=580%2C359&#038;ssl=1\" alt=\"Esta es la camioneta recuperada por personal de la SIP de Carabineros en el sector de Las Cuatro Villas.\" width=\"580\" height=\"359\" srcset=\"https:\/\/i0.wp.com\/eltrabajo.cl\/portal\/wp-content\/uploads\/2020\/05\/camioneta-Recuperada.jpg?w=580&amp;ssl=1 580w, https:\/\/i0.wp.com\/eltrabajo.cl\/portal\/wp-content\/uploads\/2020\/05\/camioneta-Recuperada.jpg?resize=300%2C186&amp;ssl=1 300w, https:\/\/i0.wp.com\/eltrabajo.cl\/portal\/wp-content\/uploads\/2020\/05\/camioneta-Recuperada.jpg?resize=200%2C124&amp;ssl=1 200w, https:\/\/i0.wp.com\/eltrabajo.cl\/portal\/wp-content\/uploads\/2020\/05\/camioneta-Recuperada.jpg?resize=150%2C93&amp;ssl=1 150w\" sizes=\"auto, (max-width: 580px) 100vw, 580px\" \/><figcaption id=\"caption-attachment-98820\" class=\"wp-caption-text\">Esta es la camioneta recuperada por personal de la SIP de Carabineros en el sector de Las Cuatro Villas.<\/figcaption><\/figure>\n<p>&nbsp;<\/p>\n<figure id=\"attachment_98821\" aria-describedby=\"caption-attachment-98821\" style=\"width: 579px\" class=\"wp-caption alignnone\"><img data-recalc-dims=\"1\" loading=\"lazy\" decoding=\"async\" class=\"size-full wp-image-98821\" src=\"https:\/\/i0.wp.com\/eltrabajo.cl\/portal\/wp-content\/uploads\/2020\/05\/camioneta-Da%C3%B1os.jpg?resize=579%2C326&#038;ssl=1\" alt=\"Los juveniles delincuentes causaron varios da\u00f1os al interior de la camionetam, espec\u00edficamente en la chapa de arranque.\" width=\"579\" height=\"326\" srcset=\"https:\/\/i0.wp.com\/eltrabajo.cl\/portal\/wp-content\/uploads\/2020\/05\/camioneta-Da%C3%B1os.jpg?w=579&amp;ssl=1 579w, https:\/\/i0.wp.com\/eltrabajo.cl\/portal\/wp-content\/uploads\/2020\/05\/camioneta-Da%C3%B1os.jpg?resize=300%2C169&amp;ssl=1 300w, https:\/\/i0.wp.com\/eltrabajo.cl\/portal\/wp-content\/uploads\/2020\/05\/camioneta-Da%C3%B1os.jpg?resize=200%2C113&amp;ssl=1 200w, https:\/\/i0.wp.com\/eltrabajo.cl\/portal\/wp-content\/uploads\/2020\/05\/camioneta-Da%C3%B1os.jpg?resize=150%2C84&amp;ssl=1 150w\" sizes=\"auto, (max-width: 579px) 100vw, 579px\" \/><figcaption id=\"caption-attachment-98821\" class=\"wp-caption-text\">Los juveniles delincuentes causaron varios da\u00f1os al interior de la camionetam, espec\u00edficamente en la chapa de arranque.<\/figcaption><\/figure>\n","protected":false},"excerpt":{"rendered":"<p>Secci\u00f3n de Investigaci\u00f3n Policial (SIP) de San Felipe: Carabineros de la Segunda Comisar\u00eda de San Felipe, a trav\u00e9s de la Secci\u00f3n de Investigaci\u00f3n Policial (SIP), aclar\u00f3 en tiempo r\u00e9cord el robo de&#8230;<\/p>\n","protected":false},"author":482,"featured_media":98820,"comment_status":"closed","ping_status":"closed","sticky":false,"template":"","format":"standard","meta":{"advanced_seo_description":"","jetpack_seo_html_title":"","jetpack_seo_noindex":false,"_jetpack_memberships_contains_paid_content":false,"footnotes":""},"categories":[32],"tags":[],"class_list":["post-98819","post","type-post","status-publish","format-standard","has-post-thumbnail","hentry","category-opinion"],"jetpack_featured_media_url":"https:\/\/i0.wp.com\/eltrabajo.cl\/portal\/wp-content\/uploads\/2020\/05\/camioneta-Recuperada.jpg?fit=580%2C359&ssl=1","jetpack_sharing_enabled":true,"jetpack_likes_enabled":true,"jetpack-related-posts":[],"_links":{"self":[{"href":"https:\/\/eltrabajo.cl\/portal\/wp-json\/wp\/v2\/posts\/98819","targetHints":{"allow":["GET"]}}],"collection":[{"href":"https:\/\/eltrabajo.cl\/portal\/wp-json\/wp\/v2\/posts"}],"about":[{"href":"https:\/\/eltrabajo.cl\/portal\/wp-json\/wp\/v2\/types\/post"}],"author":[{"embeddable":true,"href":"https:\/\/eltrabajo.cl\/portal\/wp-json\/wp\/v2\/users\/482"}],"replies":[{"embeddable":true,"href":"https:\/\/eltrabajo.cl\/portal\/wp-json\/wp\/v2\/comments?post=98819"}],"version-history":[{"count":0,"href":"https:\/\/eltrabajo.cl\/portal\/wp-json\/wp\/v2\/posts\/98819\/revisions"}],"wp:featuredmedia":[{"embeddable":true,"href":"https:\/\/eltrabajo.cl\/portal\/wp-json\/wp\/v2\/media\/98820"}],"wp:attachment":[{"href":"https:\/\/eltrabajo.cl\/portal\/wp-json\/wp\/v2\/media?parent=98819"}],"wp:term":[{"taxonomy":"category","embeddable":true,"href":"https:\/\/eltrabajo.cl\/portal\/wp-json\/wp\/v2\/categories?post=98819"},{"taxonomy":"post_tag","embeddable":true,"href":"https:\/\/eltrabajo.cl\/portal\/wp-json\/wp\/v2\/tags?post=98819"}],"curies":[{"name":"wp","href":"https:\/\/api.w.org\/{rel}","templated":true}]}}