{"id":98823,"date":"2020-05-14T07:30:30","date_gmt":"2020-05-14T11:30:30","guid":{"rendered":"https:\/\/www.eltrabajo.cl\/portal\/?p=98823"},"modified":"2020-05-13T22:20:35","modified_gmt":"2020-05-14T02:20:35","slug":"municipio-confirma-caso-positivo-a-covid-19-de-funcionaria-del-cesfam","status":"publish","type":"post","link":"https:\/\/eltrabajo.cl\/portal\/municipio-confirma-caso-positivo-a-covid-19-de-funcionaria-del-cesfam\/","title":{"rendered":"Municipio confirma caso positivo a Covid-19 de funcionaria del Cesfam"},"content":{"rendered":"<p style=\"text-align: justify;\"><span style=\"color: #c81400;\"><strong>Doctor Segismundo Iturra Taito:<\/strong><\/span><\/p>\n<ul style=\"text-align: justify;\">\n<li><strong>Permanece en cuarentena y en buen estado de salud. Mientras que se espera el resultado del examen realizado a tres contactos estrechos con los que se relacion\u00f3 la funcionaria<\/strong><\/li>\n<\/ul>\n<p style=\"text-align: justify;\">La Municipalidad de San Felipe, a trav\u00e9s de una declaraci\u00f3n p\u00fablica, se refiri\u00f3 al caso de una funcionaria del Cesfam Doctor Segismundo Iturra Taito que result\u00f3 positiva a Covid-19, situaci\u00f3n que ha creado preocupaci\u00f3n entre la poblaci\u00f3n usuaria de dicho centro asistencias. El texto de la declaraci\u00f3n es el siguente:<\/p>\n<p style=\"text-align: justify;\">Tras la confirmaci\u00f3n entregada por la Seremi de Salud, se informa que una funcionaria del Cesfam Doctor Segismundo Iturra Taito result\u00f3 positiva a Covid-19, hoy se encuentra en cuarentena y en buen estado de salud.<\/p>\n<p style=\"text-align: justify;\">Al momento de consultar, la funcionaria no se encontraba en labores presenciales en el Cesfam, por lo cual no estaba realizando atenci\u00f3n directa de usuarios(as).<\/p>\n<p style=\"text-align: justify;\">La Direcci\u00f3n de Salud trabaja en la trazabilidad del caso, ya que la profesional tuvo contacto estrecho con tres funcionarios del mismo centro de salud, los que se encuentran asintom\u00e1ticos y en cuarentena preventiva desde hoy (ayer), momento en que se oficializa la confirmaci\u00f3n, a la espera del resultado del examen correspondiente.<\/p>\n<p style=\"text-align: justify;\">La funcionaria no se desempe\u00f1a en ning\u00fan servicio cr\u00edtico del Cesfam Iturra, raz\u00f3n por la que este caso no afectar\u00eda el funcionamiento del centro de salud.<\/p>\n<p style=\"text-align: justify;\">En el Cesfam se han adoptado todos los protocolos indicados por el Ministerio de Salud para asegurar que la atenci\u00f3n a los usuarios no se vea afectada por esta situaci\u00f3n y as\u00ed evitar que otros funcionarios resulten positivos a Covid-19.<\/p>\n<p style=\"text-align: justify;\">Adem\u00e1s, los funcionarios municipales mantienen una sanitizaci\u00f3n permanente en el sector a fin de evitar contagios.<\/p>\n<p>&nbsp;<\/p>\n<figure id=\"attachment_98824\" aria-describedby=\"caption-attachment-98824\" style=\"width: 580px\" class=\"wp-caption alignnone\"><img data-recalc-dims=\"1\" loading=\"lazy\" decoding=\"async\" class=\"size-full wp-image-98824\" src=\"https:\/\/i0.wp.com\/eltrabajo.cl\/portal\/wp-content\/uploads\/2020\/05\/cesfam-segismundo-iturra.jpg?resize=580%2C360&#038;ssl=1\" alt=\"La municipalidad inform\u00f3 que al momento de consultar, la funcionaria no se encontraba en labores presenciales en el Cesfam Segismundo Iturra, por lo cual no estaba realizando atenci\u00f3n directa de usuarios(as). (Archivo)\" width=\"580\" height=\"360\" srcset=\"https:\/\/i0.wp.com\/eltrabajo.cl\/portal\/wp-content\/uploads\/2020\/05\/cesfam-segismundo-iturra.jpg?w=580&amp;ssl=1 580w, https:\/\/i0.wp.com\/eltrabajo.cl\/portal\/wp-content\/uploads\/2020\/05\/cesfam-segismundo-iturra.jpg?resize=300%2C186&amp;ssl=1 300w, https:\/\/i0.wp.com\/eltrabajo.cl\/portal\/wp-content\/uploads\/2020\/05\/cesfam-segismundo-iturra.jpg?resize=200%2C124&amp;ssl=1 200w, https:\/\/i0.wp.com\/eltrabajo.cl\/portal\/wp-content\/uploads\/2020\/05\/cesfam-segismundo-iturra.jpg?resize=150%2C93&amp;ssl=1 150w\" sizes=\"auto, (max-width: 580px) 100vw, 580px\" \/><figcaption id=\"caption-attachment-98824\" class=\"wp-caption-text\">La municipalidad inform\u00f3 que al momento de consultar, la funcionaria no se encontraba en labores presenciales en el Cesfam Segismundo Iturra, por lo cual no estaba realizando atenci\u00f3n directa de usuarios(as). (Archivo)<\/figcaption><\/figure>\n","protected":false},"excerpt":{"rendered":"<p>Doctor Segismundo Iturra Taito: Permanece en cuarentena y en buen estado de salud. Mientras que se espera el resultado del examen realizado a tres contactos estrechos con los que se relacion\u00f3 la&#8230;<\/p>\n","protected":false},"author":482,"featured_media":98824,"comment_status":"closed","ping_status":"closed","sticky":false,"template":"","format":"standard","meta":{"advanced_seo_description":"","jetpack_seo_html_title":"","jetpack_seo_noindex":false,"_jetpack_memberships_contains_paid_content":false,"footnotes":""},"categories":[103],"tags":[],"class_list":["post-98823","post","type-post","status-publish","format-standard","has-post-thumbnail","hentry","category-cronica-2"],"jetpack_featured_media_url":"https:\/\/i0.wp.com\/eltrabajo.cl\/portal\/wp-content\/uploads\/2020\/05\/cesfam-segismundo-iturra.jpg?fit=580%2C360&ssl=1","jetpack_sharing_enabled":true,"jetpack_likes_enabled":true,"jetpack-related-posts":[],"_links":{"self":[{"href":"https:\/\/eltrabajo.cl\/portal\/wp-json\/wp\/v2\/posts\/98823","targetHints":{"allow":["GET"]}}],"collection":[{"href":"https:\/\/eltrabajo.cl\/portal\/wp-json\/wp\/v2\/posts"}],"about":[{"href":"https:\/\/eltrabajo.cl\/portal\/wp-json\/wp\/v2\/types\/post"}],"author":[{"embeddable":true,"href":"https:\/\/eltrabajo.cl\/portal\/wp-json\/wp\/v2\/users\/482"}],"replies":[{"embeddable":true,"href":"https:\/\/eltrabajo.cl\/portal\/wp-json\/wp\/v2\/comments?post=98823"}],"version-history":[{"count":0,"href":"https:\/\/eltrabajo.cl\/portal\/wp-json\/wp\/v2\/posts\/98823\/revisions"}],"wp:featuredmedia":[{"embeddable":true,"href":"https:\/\/eltrabajo.cl\/portal\/wp-json\/wp\/v2\/media\/98824"}],"wp:attachment":[{"href":"https:\/\/eltrabajo.cl\/portal\/wp-json\/wp\/v2\/media?parent=98823"}],"wp:term":[{"taxonomy":"category","embeddable":true,"href":"https:\/\/eltrabajo.cl\/portal\/wp-json\/wp\/v2\/categories?post=98823"},{"taxonomy":"post_tag","embeddable":true,"href":"https:\/\/eltrabajo.cl\/portal\/wp-json\/wp\/v2\/tags?post=98823"}],"curies":[{"name":"wp","href":"https:\/\/api.w.org\/{rel}","templated":true}]}}