{"id":98827,"date":"2020-05-14T07:45:21","date_gmt":"2020-05-14T11:45:21","guid":{"rendered":"https:\/\/www.eltrabajo.cl\/portal\/?p=98827"},"modified":"2020-05-13T22:20:49","modified_gmt":"2020-05-14T02:20:49","slug":"cae-banda-criminal-que-robo-millones-en-sueldos-a-empresaria-agricola","status":"publish","type":"post","link":"https:\/\/eltrabajo.cl\/portal\/cae-banda-criminal-que-robo-millones-en-sueldos-a-empresaria-agricola\/","title":{"rendered":"Cae banda criminal que rob\u00f3 millones en sueldos a empresaria agr\u00edcola"},"content":{"rendered":"<p style=\"text-align: justify;\"><span style=\"color: #c81400;\"><strong>Organizaci\u00f3n criminal desbaratada por la PDI:<\/strong><\/span><\/p>\n<p style=\"text-align: justify;\">Detectives de la Brigada Investigadora de Robos (Biro) Los Andes de la Polic\u00eda de Investigaciones de Chile, detuvieron a tres personas por su responsabilidad en el Delito de\u00a0 Robo con Violencia, il\u00edcito perpetrado el pasado 6 de enero en la comuna de San Felipe, desbaratando as\u00ed a la totalidad de la organizaci\u00f3n criminal, ya que en marzo hab\u00edan sido aprehendidos otros tres sujetos por este mismo il\u00edcito.<\/p>\n<p style=\"text-align: justify;\">Seg\u00fan antecedentes aportados por la PDI, la propietaria de una empresa de servicios agr\u00edcolas de la zona, se trasladaba en su veh\u00edculo particular hacia su fundo para realizar el pago de sueldos a sus trabajadores. En momentos que conduc\u00eda por la ruta 5 fue interceptada por otro m\u00f3vil desde donde descendieron tres sujetos armados, quienes le sustrajeron 17 millones de pesos.<\/p>\n<p style=\"text-align: justify;\">\u00ab<em>La polic\u00eda civil, en coordinaci\u00f3n con el Ministerio P\u00fablico, realiz\u00f3 un importante trabajo de an\u00e1lisis criminal que permiti\u00f3 recabar los medios de prueba para\u00a0 establecer las identidades de los involucrados, obteniendo las \u00f3rdenes de detenci\u00f3n que se concretaron en las comunas de Lampa y Putaendo\u00bb,<\/em> dijo <strong>Germ\u00e1n L\u00f3pez Zenteno<\/strong>, jefe de la Biro Los Andes.<\/p>\n<p style=\"text-align: justify;\">Los imputados <strong>P.L.C.<\/strong> (24), <strong>H.L.Q.<\/strong> (25) y la mujer, <strong>M.C.S.<\/strong> (36), ser\u00e1n puestos a disposici\u00f3n del Juzgado de Garant\u00eda de San Felipe para efectuar el control de detenci\u00f3n y formalizaci\u00f3n correspondiente.<\/p>\n<p>&nbsp;<\/p>\n<figure id=\"attachment_98828\" aria-describedby=\"caption-attachment-98828\" style=\"width: 580px\" class=\"wp-caption alignnone\"><img data-recalc-dims=\"1\" loading=\"lazy\" decoding=\"async\" class=\"size-full wp-image-98828\" src=\"https:\/\/i0.wp.com\/eltrabajo.cl\/portal\/wp-content\/uploads\/2020\/05\/Biro.jpg?resize=580%2C359&#038;ssl=1\" alt=\"Efectivos de la PDI lograron desbaratar a la banda que asalt\u00f3 a una empresaria agr\u00edcola, rob\u00e1ndole la n\u00f3mina de sueldos. (Referencial)\" width=\"580\" height=\"359\" srcset=\"https:\/\/i0.wp.com\/eltrabajo.cl\/portal\/wp-content\/uploads\/2020\/05\/Biro.jpg?w=580&amp;ssl=1 580w, https:\/\/i0.wp.com\/eltrabajo.cl\/portal\/wp-content\/uploads\/2020\/05\/Biro.jpg?resize=300%2C186&amp;ssl=1 300w, https:\/\/i0.wp.com\/eltrabajo.cl\/portal\/wp-content\/uploads\/2020\/05\/Biro.jpg?resize=200%2C124&amp;ssl=1 200w, https:\/\/i0.wp.com\/eltrabajo.cl\/portal\/wp-content\/uploads\/2020\/05\/Biro.jpg?resize=150%2C93&amp;ssl=1 150w\" sizes=\"auto, (max-width: 580px) 100vw, 580px\" \/><figcaption id=\"caption-attachment-98828\" class=\"wp-caption-text\">Efectivos de la PDI lograron desbaratar a la banda que asalt\u00f3 a una empresaria agr\u00edcola, rob\u00e1ndole la n\u00f3mina de sueldos. (Referencial)<\/figcaption><\/figure>\n","protected":false},"excerpt":{"rendered":"<p>Organizaci\u00f3n criminal desbaratada por la PDI: Detectives de la Brigada Investigadora de Robos (Biro) Los Andes de la Polic\u00eda de Investigaciones de Chile, detuvieron a tres personas por su responsabilidad en el&#8230;<\/p>\n","protected":false},"author":482,"featured_media":98828,"comment_status":"closed","ping_status":"closed","sticky":false,"template":"","format":"standard","meta":{"advanced_seo_description":"","jetpack_seo_html_title":"","jetpack_seo_noindex":false,"_jetpack_memberships_contains_paid_content":false,"footnotes":""},"categories":[21],"tags":[],"class_list":["post-98827","post","type-post","status-publish","format-standard","has-post-thumbnail","hentry","category-policial"],"jetpack_featured_media_url":"https:\/\/i0.wp.com\/eltrabajo.cl\/portal\/wp-content\/uploads\/2020\/05\/Biro.jpg?fit=580%2C359&ssl=1","jetpack_sharing_enabled":true,"jetpack_likes_enabled":true,"jetpack-related-posts":[],"_links":{"self":[{"href":"https:\/\/eltrabajo.cl\/portal\/wp-json\/wp\/v2\/posts\/98827","targetHints":{"allow":["GET"]}}],"collection":[{"href":"https:\/\/eltrabajo.cl\/portal\/wp-json\/wp\/v2\/posts"}],"about":[{"href":"https:\/\/eltrabajo.cl\/portal\/wp-json\/wp\/v2\/types\/post"}],"author":[{"embeddable":true,"href":"https:\/\/eltrabajo.cl\/portal\/wp-json\/wp\/v2\/users\/482"}],"replies":[{"embeddable":true,"href":"https:\/\/eltrabajo.cl\/portal\/wp-json\/wp\/v2\/comments?post=98827"}],"version-history":[{"count":0,"href":"https:\/\/eltrabajo.cl\/portal\/wp-json\/wp\/v2\/posts\/98827\/revisions"}],"wp:featuredmedia":[{"embeddable":true,"href":"https:\/\/eltrabajo.cl\/portal\/wp-json\/wp\/v2\/media\/98828"}],"wp:attachment":[{"href":"https:\/\/eltrabajo.cl\/portal\/wp-json\/wp\/v2\/media?parent=98827"}],"wp:term":[{"taxonomy":"category","embeddable":true,"href":"https:\/\/eltrabajo.cl\/portal\/wp-json\/wp\/v2\/categories?post=98827"},{"taxonomy":"post_tag","embeddable":true,"href":"https:\/\/eltrabajo.cl\/portal\/wp-json\/wp\/v2\/tags?post=98827"}],"curies":[{"name":"wp","href":"https:\/\/api.w.org\/{rel}","templated":true}]}}