{"id":98832,"date":"2020-05-14T22:00:02","date_gmt":"2020-05-15T02:00:02","guid":{"rendered":"https:\/\/www.eltrabajo.cl\/portal\/?p=98832"},"modified":"2020-05-14T20:18:17","modified_gmt":"2020-05-15T00:18:17","slug":"trasandino-se-queda-sin-plantel-ni-cuerpo-tecnico","status":"publish","type":"post","link":"https:\/\/eltrabajo.cl\/portal\/trasandino-se-queda-sin-plantel-ni-cuerpo-tecnico\/","title":{"rendered":"Trasandino se queda sin plantel ni cuerpo t\u00e9cnico"},"content":{"rendered":"<p style=\"text-align: justify;\">Trascendidos altamente confiables dicen que la reuni\u00f3n que la tarde del mi\u00e9rcoles sostuvieron en Los Andes el presidente de Trasandino, <strong>Alex Cort\u00e9s<\/strong>, y el t\u00e9cnico <strong>Miguel S\u00e1nchez<\/strong>, no lleg\u00f3 a buen puerto, debido a que el timonel del conjunto andino reconoci\u00f3 que en la actualidad no est\u00e1n dadas las condiciones econ\u00f3micas para poder sostener el costo del plantel mientras dure la suspensi\u00f3n de actividades por el brote del Covid\u201319.<\/p>\n<p style=\"text-align: justify;\">Esta determinaci\u00f3n dej\u00f3 literalmente al grupo de jugadores y cuerpo t\u00e9cnico a la deriva, por lo que deber\u00e1n buscar otras fuentes laborales que les permitan poder hacer frente en este cr\u00edtico momento que vive el pa\u00eds.<\/p>\n<p>&nbsp;<\/p>\n<figure id=\"attachment_98833\" aria-describedby=\"caption-attachment-98833\" style=\"width: 580px\" class=\"wp-caption alignnone\"><img data-recalc-dims=\"1\" loading=\"lazy\" decoding=\"async\" class=\"size-full wp-image-98833\" src=\"https:\/\/i0.wp.com\/eltrabajo.cl\/portal\/wp-content\/uploads\/2020\/05\/trasandino-1.jpg?resize=580%2C359&#038;ssl=1\" alt=\"Ya es un hecho que en estos momentos Trasandino no cuenta con un plantel de jugadores.\" width=\"580\" height=\"359\" srcset=\"https:\/\/i0.wp.com\/eltrabajo.cl\/portal\/wp-content\/uploads\/2020\/05\/trasandino-1.jpg?w=580&amp;ssl=1 580w, https:\/\/i0.wp.com\/eltrabajo.cl\/portal\/wp-content\/uploads\/2020\/05\/trasandino-1.jpg?resize=300%2C186&amp;ssl=1 300w, https:\/\/i0.wp.com\/eltrabajo.cl\/portal\/wp-content\/uploads\/2020\/05\/trasandino-1.jpg?resize=200%2C124&amp;ssl=1 200w, https:\/\/i0.wp.com\/eltrabajo.cl\/portal\/wp-content\/uploads\/2020\/05\/trasandino-1.jpg?resize=150%2C93&amp;ssl=1 150w\" sizes=\"auto, (max-width: 580px) 100vw, 580px\" \/><figcaption id=\"caption-attachment-98833\" class=\"wp-caption-text\">Ya es un hecho que en estos momentos Trasandino no cuenta con un plantel de jugadores.<\/figcaption><\/figure>\n","protected":false},"excerpt":{"rendered":"<p>Trascendidos altamente confiables dicen que la reuni\u00f3n que la tarde del mi\u00e9rcoles sostuvieron en Los Andes el presidente de Trasandino, Alex Cort\u00e9s, y el t\u00e9cnico Miguel S\u00e1nchez, no lleg\u00f3 a buen puerto,&#8230;<\/p>\n","protected":false},"author":482,"featured_media":98833,"comment_status":"closed","ping_status":"closed","sticky":false,"template":"","format":"standard","meta":{"advanced_seo_description":"","jetpack_seo_html_title":"","jetpack_seo_noindex":false,"_jetpack_memberships_contains_paid_content":false,"footnotes":""},"categories":[19],"tags":[],"class_list":["post-98832","post","type-post","status-publish","format-standard","has-post-thumbnail","hentry","category-deportes"],"jetpack_featured_media_url":"https:\/\/i0.wp.com\/eltrabajo.cl\/portal\/wp-content\/uploads\/2020\/05\/trasandino-1.jpg?fit=580%2C359&ssl=1","jetpack_sharing_enabled":true,"jetpack_likes_enabled":true,"jetpack-related-posts":[],"_links":{"self":[{"href":"https:\/\/eltrabajo.cl\/portal\/wp-json\/wp\/v2\/posts\/98832","targetHints":{"allow":["GET"]}}],"collection":[{"href":"https:\/\/eltrabajo.cl\/portal\/wp-json\/wp\/v2\/posts"}],"about":[{"href":"https:\/\/eltrabajo.cl\/portal\/wp-json\/wp\/v2\/types\/post"}],"author":[{"embeddable":true,"href":"https:\/\/eltrabajo.cl\/portal\/wp-json\/wp\/v2\/users\/482"}],"replies":[{"embeddable":true,"href":"https:\/\/eltrabajo.cl\/portal\/wp-json\/wp\/v2\/comments?post=98832"}],"version-history":[{"count":0,"href":"https:\/\/eltrabajo.cl\/portal\/wp-json\/wp\/v2\/posts\/98832\/revisions"}],"wp:featuredmedia":[{"embeddable":true,"href":"https:\/\/eltrabajo.cl\/portal\/wp-json\/wp\/v2\/media\/98833"}],"wp:attachment":[{"href":"https:\/\/eltrabajo.cl\/portal\/wp-json\/wp\/v2\/media?parent=98832"}],"wp:term":[{"taxonomy":"category","embeddable":true,"href":"https:\/\/eltrabajo.cl\/portal\/wp-json\/wp\/v2\/categories?post=98832"},{"taxonomy":"post_tag","embeddable":true,"href":"https:\/\/eltrabajo.cl\/portal\/wp-json\/wp\/v2\/tags?post=98832"}],"curies":[{"name":"wp","href":"https:\/\/api.w.org\/{rel}","templated":true}]}}